{"id":44422,"date":"2016-07-07T17:59:01","date_gmt":"2016-07-07T20:59:01","guid":{"rendered":"http:\/\/pdt-rj.org.br\/?p=44422"},"modified":"2017-10-26T09:08:06","modified_gmt":"2017-10-26T11:08:06","slug":"projeto-de-max-da-mata-que-regulamenta-uso-do-uber-em-vitoria-es-e-aprovado","status":"publish","type":"post","link":"https:\/\/pdt-rj.org.br\/index.php\/projeto-de-max-da-mata-que-regulamenta-uso-do-uber-em-vitoria-es-e-aprovado\/","title":{"rendered":"Projeto de Max da Mata, que regulamenta uso do Uber em Vit\u00f3ria (ES), \u00e9 aprovado"},"content":{"rendered":"<p><img loading=\"lazy\" decoding=\"async\" class=\"size-medium wp-image-44423 alignright\" src=\"http:\/\/pdt-rj.org.br\/wp-content\/uploads\/2016\/07\/max-da-mata-psd-volta-para-a-camara-ratirandor-no-prefeito-de-vitoria-es-luciano-rezende-pps_620_-300x300.jpg\" alt=\"max-da-mata-psd-volta-para-a-camara-ratirandor-no-prefeito-de-vitoria-es-luciano-rezende-pps_620_\" width=\"300\" height=\"300\" srcset=\"https:\/\/pdt-rj.org.br\/wp-content\/uploads\/2016\/07\/max-da-mata-psd-volta-para-a-camara-ratirandor-no-prefeito-de-vitoria-es-luciano-rezende-pps_620_-300x300.jpg 300w, https:\/\/pdt-rj.org.br\/wp-content\/uploads\/2016\/07\/max-da-mata-psd-volta-para-a-camara-ratirandor-no-prefeito-de-vitoria-es-luciano-rezende-pps_620_-100x100.jpg 100w, https:\/\/pdt-rj.org.br\/wp-content\/uploads\/2016\/07\/max-da-mata-psd-volta-para-a-camara-ratirandor-no-prefeito-de-vitoria-es-luciano-rezende-pps_620_-90x90.jpg 90w, https:\/\/pdt-rj.org.br\/wp-content\/uploads\/2016\/07\/max-da-mata-psd-volta-para-a-camara-ratirandor-no-prefeito-de-vitoria-es-luciano-rezende-pps_620_.jpg 746w\" sizes=\"auto, (max-width: 300px) 100vw, 300px\" \/>A C\u00e2mara de Vereadores de Vit\u00f3ria, no Esp\u00edrito Santo, aprovou ontem (6) o projeto de lei do vereador Max da Mata (PDT) que regulamenta o funcionamento do Uber e aplicativos similares na capital capixaba. Foram 11 votos a favor e um contra. A vota\u00e7\u00e3o em plen\u00e1rio aconteceu sem protestos de taxistas.<\/p>\n<p>O projeto, que tem a\u00a0coautoria do vereador Reinaldo Bol\u00e3o (PT), cria regras que devem ser seguidas pelos servi\u00e7os de transporte de passageiros por aplicativo, como o Uber. Antes de chegar ao plen\u00e1rio, a proposta passou pela Comiss\u00e3o de Constitui\u00e7\u00e3o e Justi\u00e7a, que votou pela inconstitucionalidade do projeto. Ap\u00f3s recurso, a pauta foi analisada por outras quatro comiss\u00f5es, todas favor\u00e1veis.<\/p>\n<p>Agora, a C\u00e2mara tem cinco dias para enviar o projeto para a aprecia\u00e7\u00e3o do prefeito Luciano Rezende, que pode vetar, aprovar, ou aprovar parcialmente.<\/p>\n<!-- AddThis Advanced Settings generic via filter on the_content --><!-- AddThis Share Buttons generic via filter on the_content -->","protected":false},"excerpt":{"rendered":"<p>A C\u00e2mara de Vereadores de Vit\u00f3ria, no Esp\u00edrito Santo, aprovou ontem (6) o projeto de lei do vereador Max da Mata (PDT) que regulamenta o funcionamento do Uber e aplicativos similares na capital capixaba. Foram 11 votos a favor e um contra. A vota\u00e7\u00e3o em plen\u00e1rio aconteceu sem protestos de taxistas. O projeto, que tem&#8230;<!-- AddThis Advanced Settings generic via filter on wp_trim_excerpt --><!-- AddThis Share Buttons generic via filter on wp_trim_excerpt --><\/p>\n","protected":false},"author":17,"featured_media":0,"comment_status":"closed","ping_status":"open","sticky":false,"template":"","format":"standard","meta":{"_monsterinsights_skip_tracking":false,"_monsterinsights_sitenote_active":false,"_monsterinsights_sitenote_note":"","_monsterinsights_sitenote_category":0,"_uf_show_specific_survey":0,"_uf_disable_surveys":false,"footnotes":""},"categories":[976],"tags":[606,38,813,930],"class_list":["post-44422","post","type-post","status-publish","format-standard","hentry","category-noticias-em-destaque","tag-max-da-mata","tag-pdt","tag-regulamentacao","tag-uber"],"acf":[],"_links":{"self":[{"href":"https:\/\/pdt-rj.org.br\/index.php\/wp-json\/wp\/v2\/posts\/44422","targetHints":{"allow":["GET"]}}],"collection":[{"href":"https:\/\/pdt-rj.org.br\/index.php\/wp-json\/wp\/v2\/posts"}],"about":[{"href":"https:\/\/pdt-rj.org.br\/index.php\/wp-json\/wp\/v2\/types\/post"}],"author":[{"embeddable":true,"href":"https:\/\/pdt-rj.org.br\/index.php\/wp-json\/wp\/v2\/users\/17"}],"replies":[{"embeddable":true,"href":"https:\/\/pdt-rj.org.br\/index.php\/wp-json\/wp\/v2\/comments?post=44422"}],"version-history":[{"count":1,"href":"https:\/\/pdt-rj.org.br\/index.php\/wp-json\/wp\/v2\/posts\/44422\/revisions"}],"predecessor-version":[{"id":56368,"href":"https:\/\/pdt-rj.org.br\/index.php\/wp-json\/wp\/v2\/posts\/44422\/revisions\/56368"}],"wp:attachment":[{"href":"https:\/\/pdt-rj.org.br\/index.php\/wp-json\/wp\/v2\/media?parent=44422"}],"wp:term":[{"taxonomy":"category","embeddable":true,"href":"https:\/\/pdt-rj.org.br\/index.php\/wp-json\/wp\/v2\/categories?post=44422"},{"taxonomy":"post_tag","embeddable":true,"href":"https:\/\/pdt-rj.org.br\/index.php\/wp-json\/wp\/v2\/tags?post=44422"}],"curies":[{"name":"wp","href":"https:\/\/api.w.org\/{rel}","templated":true}]}}