{"id":44402,"date":"2016-07-07T11:49:23","date_gmt":"2016-07-07T14:49:23","guid":{"rendered":"http:\/\/pdt-rj.org.br\/?p=44402"},"modified":"2017-10-26T09:08:07","modified_gmt":"2017-10-26T11:08:07","slug":"vereador-patussi-homenageia-nucleos-de-policiamento-comunitario-em-ponta-grossa-r","status":"publish","type":"post","link":"https:\/\/pdt-rj.org.br\/index.php\/vereador-patussi-homenageia-nucleos-de-policiamento-comunitario-em-ponta-grossa-r\/","title":{"rendered":"Vereador Patussi homenageia N\u00facleos de Policiamento Comunit\u00e1rio em Ponta Grossa-RS"},"content":{"rendered":"<p><img loading=\"lazy\" decoding=\"async\" class=\"alignnone size-medium wp-image-44403 alignright\" src=\"http:\/\/pdt-rj.org.br\/wp-content\/uploads\/2016\/07\/Marcio-Patussi-presidente-da-C\u00e2mara-de-Vereadores-de-Ponta-Grossa-300x196.jpg\" alt=\"Marcio-Patussi---presidente-da-C\u00e2mara-de-Vereadores-de-Ponta-Grossa\" width=\"300\" height=\"196\" srcset=\"https:\/\/pdt-rj.org.br\/wp-content\/uploads\/2016\/07\/Marcio-Patussi-presidente-da-C\u00e2mara-de-Vereadores-de-Ponta-Grossa-300x196.jpg 300w, https:\/\/pdt-rj.org.br\/wp-content\/uploads\/2016\/07\/Marcio-Patussi-presidente-da-C\u00e2mara-de-Vereadores-de-Ponta-Grossa-100x65.jpg 100w, https:\/\/pdt-rj.org.br\/wp-content\/uploads\/2016\/07\/Marcio-Patussi-presidente-da-C\u00e2mara-de-Vereadores-de-Ponta-Grossa-138x90.jpg 138w, https:\/\/pdt-rj.org.br\/wp-content\/uploads\/2016\/07\/Marcio-Patussi-presidente-da-C\u00e2mara-de-Vereadores-de-Ponta-Grossa.jpg 729w\" sizes=\"auto, (max-width: 300px) 100vw, 300px\" \/>O presidente da C\u00e2mara de Vereadores\u00a0de Passo Fundo, Rio Grande do Sul, Marcio Patussi (PDT), elogiou o trabalho dos policiais da Brigada Militar que atuam nos 48 bairros que possuem os N\u00facleos de Policiamento Comunit\u00e1rio (NPC). A manifesta\u00e7\u00e3o do pedetista aconteceu nessa quarta-feira (06), durante o Grande Expediente da Sess\u00e3o Plen\u00e1ria, em solenidade de reconhecimento pelos bons resultados obtidos pelos N\u00facleos em seus cinco anos de exist\u00eancia.<\/p>\n<p>Na cerimonia, que contou com a presen\u00e7a dos policiais militares que participam do Programa, Patussi iniciou sua manifesta\u00e7\u00e3o mencionando aspectos acera da instala\u00e7\u00e3o dos N\u00facleos, iniciada em 2011, com a implanta\u00e7\u00e3o dos Territ\u00f3rios da Paz, nos bairros Integra\u00e7\u00e3o e Z\u00e1chia.<\/p>\n<p>&#8220;Na \u00e9poca, eu estava \u00e0 frente da Secretaria Municipal de Seguran\u00e7a P\u00fablica e acompanhei as primeiras atividades do projeto&#8221;, lembrou, salientando os objetivos da a\u00e7\u00e3o, e enfatizando que a medida trouxe nova din\u00e2mica ao relacionamento dos profissionais da seguran\u00e7a com a popula\u00e7\u00e3o da cidade.<\/p>\n<p>&#8220;Junto com a Pol\u00edcia Comunit\u00e1ria vem o conceito de aproximar os policiais da popula\u00e7\u00e3o, e em Passo Fundo essa din\u00e2mica foi importante, pois colocou os profissionais passo-fundenses diariamente dentro dos bairros, medida respons\u00e1vel por fortalecer a confian\u00e7a da comunidade nos segmentos da seguran\u00e7a p\u00fablica&#8221;, enfatizou Patussi.<\/p>\n<p>O presidente da C\u00e2mara frisou, ainda, que o plano de trabalho dos N\u00facleos tamb\u00e9m tem a preocupa\u00e7\u00e3o de atender a comunidade de forma educativa e assistencial, j\u00e1 que abrange projetos como a Patrulha Escolar e Patrulha Maria da Penha. Tamb\u00e9m recebeu destaque, o Projeto Ensino e Seguran\u00e7a &#8220;Paz na Escola&#8221; que tem a finalidade de atenuar a viol\u00eancia dentro e fora da escola. &#8220;O Projeto desenvolveu diversas atividades educativas, culturais e esportivas, e foi respons\u00e1vel por resgatar valores, direitos e deveres, no ambiente escolar&#8221;, finalizou.<\/p>\n<p>O coordenador dos N\u00facleos, o tenente Daisson de Andrade da Silva, agradeceu o reconhecimento que vem da C\u00e2mara de Vereadores, citada por ele como a casa do povo. &#8220;Essa homenagem nos deixa felizes porque a comunidade est\u00e1 reconhecendo que essa forma de policiamento realmente deu certo em Passo Fundo. Isso nos deixa satisfeitos, mas, tamb\u00e9m aumenta ainda mais a nossa responsabilidade&#8221;, considerou o tenente.<\/p>\n<p>Ele destacou ainda o crescimento do trabalho, que come\u00e7ou como um projeto desenvolvido em dois bairros inicialmente, a se transformar em um programa de policiamento, institu\u00eddo por decreto Estadual, ainda em 2014.<\/p>\n<!-- AddThis Advanced Settings generic via filter on the_content --><!-- AddThis Share Buttons generic via filter on the_content -->","protected":false},"excerpt":{"rendered":"<p>O presidente da C\u00e2mara de Vereadores\u00a0de Passo Fundo, Rio Grande do Sul, Marcio Patussi (PDT), elogiou o trabalho dos policiais da Brigada Militar que atuam nos 48 bairros que possuem os N\u00facleos de Policiamento Comunit\u00e1rio (NPC). A manifesta\u00e7\u00e3o do pedetista aconteceu nessa quarta-feira (06), durante o Grande Expediente da Sess\u00e3o Plen\u00e1ria, em solenidade de reconhecimento&#8230;<!-- AddThis Advanced Settings generic via filter on wp_trim_excerpt --><!-- AddThis Share Buttons generic via filter on wp_trim_excerpt --><\/p>\n","protected":false},"author":17,"featured_media":0,"comment_status":"closed","ping_status":"open","sticky":false,"template":"","format":"standard","meta":{"_monsterinsights_skip_tracking":false,"_monsterinsights_sitenote_active":false,"_monsterinsights_sitenote_note":"","_monsterinsights_sitenote_category":0,"_uf_show_specific_survey":0,"_uf_disable_surveys":false,"footnotes":""},"categories":[976],"tags":[597,662,664,38,865],"class_list":["post-44402","post","type-post","status-publish","format-standard","hentry","category-noticias-em-destaque","tag-marcio-patussi","tag-npc","tag-nucleos-de-policiamento-comunitario","tag-pdt","tag-seguranca-publica"],"acf":[],"_links":{"self":[{"href":"https:\/\/pdt-rj.org.br\/index.php\/wp-json\/wp\/v2\/posts\/44402","targetHints":{"allow":["GET"]}}],"collection":[{"href":"https:\/\/pdt-rj.org.br\/index.php\/wp-json\/wp\/v2\/posts"}],"about":[{"href":"https:\/\/pdt-rj.org.br\/index.php\/wp-json\/wp\/v2\/types\/post"}],"author":[{"embeddable":true,"href":"https:\/\/pdt-rj.org.br\/index.php\/wp-json\/wp\/v2\/users\/17"}],"replies":[{"embeddable":true,"href":"https:\/\/pdt-rj.org.br\/index.php\/wp-json\/wp\/v2\/comments?post=44402"}],"version-history":[{"count":1,"href":"https:\/\/pdt-rj.org.br\/index.php\/wp-json\/wp\/v2\/posts\/44402\/revisions"}],"predecessor-version":[{"id":56371,"href":"https:\/\/pdt-rj.org.br\/index.php\/wp-json\/wp\/v2\/posts\/44402\/revisions\/56371"}],"wp:attachment":[{"href":"https:\/\/pdt-rj.org.br\/index.php\/wp-json\/wp\/v2\/media?parent=44402"}],"wp:term":[{"taxonomy":"category","embeddable":true,"href":"https:\/\/pdt-rj.org.br\/index.php\/wp-json\/wp\/v2\/categories?post=44402"},{"taxonomy":"post_tag","embeddable":true,"href":"https:\/\/pdt-rj.org.br\/index.php\/wp-json\/wp\/v2\/tags?post=44402"}],"curies":[{"name":"wp","href":"https:\/\/api.w.org\/{rel}","templated":true}]}}