{"id":44389,"date":"2016-07-06T18:05:10","date_gmt":"2016-07-06T21:05:10","guid":{"rendered":"http:\/\/pdt-rj.org.br\/?p=44389"},"modified":"2017-10-26T09:08:07","modified_gmt":"2017-10-26T11:08:07","slug":"exposicao-em-carazinho-rs-apresenta-brizola-o-estadista-da-educacao","status":"publish","type":"post","link":"https:\/\/pdt-rj.org.br\/index.php\/exposicao-em-carazinho-rs-apresenta-brizola-o-estadista-da-educacao\/","title":{"rendered":"Exposi\u00e7\u00e3o em Carazinho-RS apresenta &#8220;Brizola: o Estadista da Educa\u00e7\u00e3o&#8221;"},"content":{"rendered":"<p><img loading=\"lazy\" decoding=\"async\" class=\"alignnone size-medium wp-image-44390 alignleft\" src=\"http:\/\/pdt-rj.org.br\/wp-content\/uploads\/2016\/07\/DSCF5361-300x169.jpg\" alt=\"DSCF5361\" width=\"300\" height=\"169\" srcset=\"https:\/\/pdt-rj.org.br\/wp-content\/uploads\/2016\/07\/DSCF5361-300x169.jpg 300w, https:\/\/pdt-rj.org.br\/wp-content\/uploads\/2016\/07\/DSCF5361-100x56.jpg 100w, https:\/\/pdt-rj.org.br\/wp-content\/uploads\/2016\/07\/DSCF5361-768x432.jpg 768w, https:\/\/pdt-rj.org.br\/wp-content\/uploads\/2016\/07\/DSCF5361.jpg 1024w, https:\/\/pdt-rj.org.br\/wp-content\/uploads\/2016\/07\/DSCF5361-160x90.jpg 160w\" sizes=\"auto, (max-width: 300px) 100vw, 300px\" \/>O Museu Ol\u00edvio Otto convida para a exposi\u00e7\u00e3o &#8220;Brizola: O Estadista da Educa\u00e7\u00e3o&#8221;, que relembra a trajet\u00f3ria do pol\u00edtico ga\u00facho, fundador do PDT. Contada por meio\u00a0de textos e imagens parte da vida\u00a0de Brizola \u00e9 apresentada em 20 banners que relatam resumidamente sua hist\u00f3ria pol\u00edtica.\u00a0<\/p>\n<p>De acordo com os organizadores do evento, o objetivo da exposi\u00e7\u00e3o \u00e9 homenagear um dos mais ilustres filhos de Carazinho que, recentemente, teve seu nome inclu\u00eddo no seleto livro dos Her\u00f3is da P\u00e1tria em 29 de dezembro de 2015.\u00a0O material pertence ao Memorial do Legislativo do Rio Grande do Sul, e ficar\u00e1 exposto at\u00e9 o dia 21 de julho.<\/p>\n<p><strong>Servi\u00e7o:<\/strong><\/p>\n<p>Exposi\u00e7\u00e3o &#8220;Brizola \u2013 O Estadista da Educa\u00e7\u00e3o&#8221;,<\/p>\n<p><strong>Data: <\/strong>de 21 de junho de 2016 a 21 de julho de 2016<\/p>\n<p><strong>Local:<\/strong> Sala de exposi\u00e7\u00e3o tempor\u00e1ria do Museu Ol\u00edvio Otto<\/p>\n<p><strong>Informa\u00e7\u00f5es<\/strong><\/p>\n<p><strong>Fone: <\/strong>54 3331-2699<\/p>\n<p>Web site: <a href=\"http:\/\/www.museuoliviootto.com.br\/#brizola:-o-estadista-da-educacao\">http:\/\/www.museuoliviootto.com.br\/#brizola:-o-estadista-da-educacao<\/a><\/p>\n<!-- AddThis Advanced Settings generic via filter on the_content --><!-- AddThis Share Buttons generic via filter on the_content -->","protected":false},"excerpt":{"rendered":"<p>O Museu Ol\u00edvio Otto convida para a exposi\u00e7\u00e3o &#8220;Brizola: O Estadista da Educa\u00e7\u00e3o&#8221;, que relembra a trajet\u00f3ria do pol\u00edtico ga\u00facho, fundador do PDT. Contada por meio\u00a0de textos e imagens parte da vida\u00a0de Brizola \u00e9 apresentada em 20 banners que relatam resumidamente sua hist\u00f3ria pol\u00edtica.\u00a0 De acordo com os organizadores do evento, o objetivo da exposi\u00e7\u00e3o&#8230;<!-- AddThis Advanced Settings generic via filter on wp_trim_excerpt --><!-- AddThis Share Buttons generic via filter on wp_trim_excerpt --><\/p>\n","protected":false},"author":17,"featured_media":0,"comment_status":"closed","ping_status":"open","sticky":false,"template":"","format":"standard","meta":{"_monsterinsights_skip_tracking":false,"_monsterinsights_sitenote_active":false,"_monsterinsights_sitenote_note":"","_monsterinsights_sitenote_category":0,"_uf_show_specific_survey":0,"_uf_disable_surveys":false,"footnotes":""},"categories":[976],"tags":[75,179,191,384,461,38],"class_list":["post-44389","post","type-post","status-publish","format-standard","hentry","category-noticias-em-destaque","tag-brizola-o-estadista-da-educacao","tag-brizola","tag-carazinho","tag-exposicao","tag-herois-da-patria","tag-pdt"],"acf":[],"_links":{"self":[{"href":"https:\/\/pdt-rj.org.br\/index.php\/wp-json\/wp\/v2\/posts\/44389","targetHints":{"allow":["GET"]}}],"collection":[{"href":"https:\/\/pdt-rj.org.br\/index.php\/wp-json\/wp\/v2\/posts"}],"about":[{"href":"https:\/\/pdt-rj.org.br\/index.php\/wp-json\/wp\/v2\/types\/post"}],"author":[{"embeddable":true,"href":"https:\/\/pdt-rj.org.br\/index.php\/wp-json\/wp\/v2\/users\/17"}],"replies":[{"embeddable":true,"href":"https:\/\/pdt-rj.org.br\/index.php\/wp-json\/wp\/v2\/comments?post=44389"}],"version-history":[{"count":1,"href":"https:\/\/pdt-rj.org.br\/index.php\/wp-json\/wp\/v2\/posts\/44389\/revisions"}],"predecessor-version":[{"id":56373,"href":"https:\/\/pdt-rj.org.br\/index.php\/wp-json\/wp\/v2\/posts\/44389\/revisions\/56373"}],"wp:attachment":[{"href":"https:\/\/pdt-rj.org.br\/index.php\/wp-json\/wp\/v2\/media?parent=44389"}],"wp:term":[{"taxonomy":"category","embeddable":true,"href":"https:\/\/pdt-rj.org.br\/index.php\/wp-json\/wp\/v2\/categories?post=44389"},{"taxonomy":"post_tag","embeddable":true,"href":"https:\/\/pdt-rj.org.br\/index.php\/wp-json\/wp\/v2\/tags?post=44389"}],"curies":[{"name":"wp","href":"https:\/\/api.w.org\/{rel}","templated":true}]}}