{"id":44368,"date":"2016-07-05T21:23:26","date_gmt":"2016-07-06T00:23:26","guid":{"rendered":"http:\/\/pdt-rj.org.br\/?p=44368"},"modified":"2018-07-12T13:24:23","modified_gmt":"2018-07-12T16:24:23","slug":"ciro-gomes-participa-nesta-quarta-feira-6-de-forum-nos-eua","status":"publish","type":"post","link":"https:\/\/pdt-rj.org.br\/index.php\/ciro-gomes-participa-nesta-quarta-feira-6-de-forum-nos-eua\/","title":{"rendered":"Acompanhe Ciro ao vivo hoje, \u00e0s 13h30, direto de f\u00f3rum nos EUA"},"content":{"rendered":"<p>O ex-governador e ex-ministro Ciro Gomes (PDT-CE) participa nesta quarta-feira (06) em Washington, nos Estados Unidos da Am\u00e9rica (EUA), do f\u00f3rum &#8220;<em>The Path to Power in Brazil<\/em>&#8221; que abordar\u00e1\u00a0os rumos da pol\u00edtica e da economia brasileiras.<\/p>\n<p>O evento, organizado pela Atlantic Council, ser\u00e1 \u00e0s 13h30, hor\u00e1rio de Bras\u00edlia, e ter\u00e1 a participa\u00e7\u00e3o de diversas organiza\u00e7\u00f5es e institutos de estudos sobre a Am\u00e9rica Latina.<\/p>\n<p>O evento pode ser acompanhado ao vivo, atrav\u00e9s do\u00a0link:<\/p>\n<p><a href=\"http:\/\/www.atlanticcouncil.org\/events\/webcasts\/the-path-to-power-in-brazil\"><strong>http:\/\/www.atlanticcouncil.org\/events\/webcasts\/the-path-to-power-in-brazil<\/strong><\/a><\/p>\n<p>&nbsp;<\/p>\n<!-- AddThis Advanced Settings generic via filter on the_content --><!-- AddThis Share Buttons generic via filter on the_content -->","protected":false},"excerpt":{"rendered":"<p>O ex-governador e ex-ministro Ciro Gomes (PDT-CE) participa nesta quarta-feira (06) em Washington, nos Estados Unidos da Am\u00e9rica (EUA), do f\u00f3rum &#8220;The Path to Power in Brazil&#8221; que abordar\u00e1\u00a0os rumos da pol\u00edtica e da economia brasileiras. O evento, organizado pela Atlantic Council, ser\u00e1 \u00e0s 13h30, hor\u00e1rio de Bras\u00edlia, e ter\u00e1 a participa\u00e7\u00e3o de diversas organiza\u00e7\u00f5es&#8230;<!-- AddThis Advanced Settings generic via filter on wp_trim_excerpt --><!-- AddThis Share Buttons generic via filter on wp_trim_excerpt --><\/p>\n","protected":false},"author":17,"featured_media":44557,"comment_status":"closed","ping_status":"open","sticky":false,"template":"","format":"standard","meta":{"_monsterinsights_skip_tracking":false,"_monsterinsights_sitenote_active":false,"_monsterinsights_sitenote_note":"","_monsterinsights_sitenote_category":0,"_uf_show_specific_survey":0,"_uf_disable_surveys":false,"footnotes":""},"categories":[1390,3030],"tags":[220,3031],"class_list":["post-44368","post","type-post","status-publish","format-standard","has-post-thumbnail","hentry","category-editorias","category-internacional","tag-ciro-gomes","tag-the-path-to-power-in-brazil"],"acf":[],"_links":{"self":[{"href":"https:\/\/pdt-rj.org.br\/index.php\/wp-json\/wp\/v2\/posts\/44368","targetHints":{"allow":["GET"]}}],"collection":[{"href":"https:\/\/pdt-rj.org.br\/index.php\/wp-json\/wp\/v2\/posts"}],"about":[{"href":"https:\/\/pdt-rj.org.br\/index.php\/wp-json\/wp\/v2\/types\/post"}],"author":[{"embeddable":true,"href":"https:\/\/pdt-rj.org.br\/index.php\/wp-json\/wp\/v2\/users\/17"}],"replies":[{"embeddable":true,"href":"https:\/\/pdt-rj.org.br\/index.php\/wp-json\/wp\/v2\/comments?post=44368"}],"version-history":[{"count":4,"href":"https:\/\/pdt-rj.org.br\/index.php\/wp-json\/wp\/v2\/posts\/44368\/revisions"}],"predecessor-version":[{"id":60249,"href":"https:\/\/pdt-rj.org.br\/index.php\/wp-json\/wp\/v2\/posts\/44368\/revisions\/60249"}],"wp:featuredmedia":[{"embeddable":true,"href":"https:\/\/pdt-rj.org.br\/index.php\/wp-json\/wp\/v2\/media\/44557"}],"wp:attachment":[{"href":"https:\/\/pdt-rj.org.br\/index.php\/wp-json\/wp\/v2\/media?parent=44368"}],"wp:term":[{"taxonomy":"category","embeddable":true,"href":"https:\/\/pdt-rj.org.br\/index.php\/wp-json\/wp\/v2\/categories?post=44368"},{"taxonomy":"post_tag","embeddable":true,"href":"https:\/\/pdt-rj.org.br\/index.php\/wp-json\/wp\/v2\/tags?post=44368"}],"curies":[{"name":"wp","href":"https:\/\/api.w.org\/{rel}","templated":true}]}}