{"id":44355,"date":"2016-07-05T18:32:11","date_gmt":"2016-07-05T21:32:11","guid":{"rendered":"http:\/\/pdt-rj.org.br\/?p=44355"},"modified":"2017-01-19T14:12:29","modified_gmt":"2017-01-19T16:12:29","slug":"nome-de-joao-goulart-pode-ser-escrito-no-livro-dos-herois-da-patria","status":"publish","type":"post","link":"https:\/\/pdt-rj.org.br\/index.php\/nome-de-joao-goulart-pode-ser-escrito-no-livro-dos-herois-da-patria\/","title":{"rendered":"Nome de Jo\u00e3o Goulart pode ser escrito no Livro dos Her\u00f3is da P\u00e1tria"},"content":{"rendered":"<p><img loading=\"lazy\" decoding=\"async\" class=\"alignnone size-medium wp-image-44366 alignright\" src=\"http:\/\/pdt-rj.org.br\/wp-content\/uploads\/2016\/07\/Deputado-Federal-Pompeu-de-Mattos-300x200.jpg\" alt=\"Deputado Federal Pompeu de Mattos\" width=\"300\" height=\"200\" srcset=\"https:\/\/pdt-rj.org.br\/wp-content\/uploads\/2016\/07\/Deputado-Federal-Pompeu-de-Mattos-300x200.jpg 300w, https:\/\/pdt-rj.org.br\/wp-content\/uploads\/2016\/07\/Deputado-Federal-Pompeu-de-Mattos-100x67.jpg 100w, https:\/\/pdt-rj.org.br\/wp-content\/uploads\/2016\/07\/Deputado-Federal-Pompeu-de-Mattos-768x511.jpg 768w, https:\/\/pdt-rj.org.br\/wp-content\/uploads\/2016\/07\/Deputado-Federal-Pompeu-de-Mattos-135x90.jpg 135w, https:\/\/pdt-rj.org.br\/wp-content\/uploads\/2016\/07\/Deputado-Federal-Pompeu-de-Mattos.jpg 800w\" sizes=\"auto, (max-width: 300px) 100vw, 300px\" \/>A Comiss\u00e3o de Cultura da C\u00e2mara dos Deputados aprovou, nesta ter\u00e7a-feira (5), o Projeto de <a href=\"http:\/\/www.camara.gov.br\/proposicoesWeb\/fichadetramitacao?idProposicao=1307102\">Lei\u00a01906\/15<\/a>, do deputado federal Pompeo de Mattos (PDT-RS), que inscreve o nome do ex-presidente Jo\u00e3o Belchior Marques Goulart, o Jango, no Livro dos Her\u00f3is da P\u00e1tria, guardado no Pante\u00e3o da Liberdade e da Democracia, em Bras\u00edlia.<\/p>\n<p>Caso o projeto vire lei, o nome de Jo\u00e3o Goulart ser\u00e1 o terceiro do Trabalhismo a entrar para o referido livro, no qual j\u00e1 constam Get\u00falio Vargas e Leonel Brizola. \u201cAgora o outro \u00edcone do trabalhismo ga\u00facho brasileiro \u00e9 inscrito entre os homens que constru\u00edram a sua na\u00e7\u00e3o na sua modernidade na sua inteireza\u201d, referenciou Pompeo.<\/p>\n<p>Durante a sess\u00e3o, o deputado ga\u00facho agradeceu ao relator, o deputado Jos\u00e9 St\u00e9dile (PSB-RS), por reconhecer a import\u00e2ncia e o significado do nome de Jo\u00e3o Goulart, cujo legado, assim como dos demais l\u00edderes ga\u00fachos, Vargas e Brizola, est\u00e1 vivo na memoria dos brasileiros.<\/p>\n<p>\u201cEu fico muito honrado, como pedetista, como trabalhista, como algu\u00e9m que se inspira exatamente dessa tr\u00edade de homens p\u00fablicos que o Brasil e que o Rio Grande reverencia, reconhece e respeita. Fico muito feliz e muito contente\u201d, declarou Pompeu, que aproveitou a oportunidade para ressaltar o perfil do ex-presidente.<\/p>\n<p>\u201cUm homem pacificador, um homem digno, um homem honrado. Um pol\u00edtico que tinha a m\u00e3os limpas. N\u00e3o porque as lavou, mas porque nunca sujou as m\u00e3os com bobagem nenhuma, com bandalheira nenhuma\u201d, destacou.<\/p>\n<p><strong>Jo\u00e3o Goulart<\/strong><\/p>\n<p>Jo\u00e3o Goulart foi eleito, na elei\u00e7\u00e3o de 1960, vice-presidente do Brasil, na chapa de oposi\u00e7\u00e3o a J\u00e2nio Quadros. Ap\u00f3s a tentativa de golpe em agosto de 1961, ap\u00f3s a ren\u00fancia presidencial de J\u00e2nio Quadros e a resist\u00eancia popular com a Campanha da Legalidade, liderada por Leonel Brizola, Jo\u00e3o Goulart assume a Presid\u00eancia da Rep\u00fablica, mesmo em meio ao golpe branco da Emenda Constitucional n\u00b0 04 de 2 de setembro de 1961, que retirou os poderes presidenciais de Jango com o parlamentarismo.<\/p>\n<p>Ainda assim, Jango criou, neste \u00ednterim, a Eletrobras, al\u00e9m de sancionar o 13\u00b0 sal\u00e1rio e a Lei de Remessa de Lucros ao exterior.<\/p>\n<p>A ampla participa\u00e7\u00e3o popular nos rumos pol\u00edticos do pa\u00eds e os avan\u00e7os progressistas do governo de Goulart despertaram a ira de setores refrat\u00e1rios \u00e0 pol\u00edtica trabalhista de justi\u00e7a social promovida por Jango. Uma s\u00e9rie de movimentos reacion\u00e1rios tentaria barrar todos os avan\u00e7os democr\u00e1ticos de Jo\u00e3o Goulart, culminando com o golpe contra o governo democr\u00e1tico-constitucional de Jango. E ele, tentando evitar uma guerra civil, se refugia no Uruguai, onde morreu em 1976.<\/p>\n<p>Para Pompeo, Jango foi \u201cum exemplo de patriotismo e comprometimento com os interesses p\u00fablicos, a ponto de renunciar os seus interesses em prol de uma na\u00e7\u00e3o a ser constru\u00edda, com a participa\u00e7\u00e3o do povo como ator pol\u00edtico ativo e c\u00f4nscio do seu papel e de sua miss\u00e3o\u201d.<\/p>\n<p>Conclusivo nas comiss\u00f5es, o projeto segue para an\u00e1lise na Comiss\u00e3o de Constitui\u00e7\u00e3o e Justi\u00e7a e de Cidadania.<\/p>\n<!-- AddThis Advanced Settings generic via filter on the_content --><!-- AddThis Share Buttons generic via filter on the_content -->","protected":false},"excerpt":{"rendered":"<p>A Comiss\u00e3o de Cultura da C\u00e2mara dos Deputados aprovou, nesta ter\u00e7a-feira (5), o Projeto de Lei\u00a01906\/15, do deputado federal Pompeo de Mattos (PDT-RS), que inscreve o nome do ex-presidente Jo\u00e3o Belchior Marques Goulart, o Jango, no Livro dos Her\u00f3is da P\u00e1tria, guardado no Pante\u00e3o da Liberdade e da Democracia, em Bras\u00edlia. Caso o projeto vire&#8230;<!-- AddThis Advanced Settings generic via filter on wp_trim_excerpt --><!-- AddThis Share Buttons generic via filter on wp_trim_excerpt --><\/p>\n","protected":false},"author":17,"featured_media":0,"comment_status":"closed","ping_status":"open","sticky":false,"template":"","format":"standard","meta":{"_monsterinsights_skip_tracking":false,"_monsterinsights_sitenote_active":false,"_monsterinsights_sitenote_note":"","_monsterinsights_sitenote_category":0,"_uf_show_specific_survey":0,"_uf_disable_surveys":false,"footnotes":""},"categories":[1459,1401],"tags":[437,513,514,565,38,746,46],"class_list":["post-44355","post","type-post","status-publish","format-standard","hentry","category-congresso","category-nacional","tag-getulio-vargas","tag-jango","tag-joao-goulart","tag-leonel-brizola","tag-pdt","tag-pompeo-de-mattos","tag-trabalhismo"],"acf":[],"_links":{"self":[{"href":"https:\/\/pdt-rj.org.br\/index.php\/wp-json\/wp\/v2\/posts\/44355","targetHints":{"allow":["GET"]}}],"collection":[{"href":"https:\/\/pdt-rj.org.br\/index.php\/wp-json\/wp\/v2\/posts"}],"about":[{"href":"https:\/\/pdt-rj.org.br\/index.php\/wp-json\/wp\/v2\/types\/post"}],"author":[{"embeddable":true,"href":"https:\/\/pdt-rj.org.br\/index.php\/wp-json\/wp\/v2\/users\/17"}],"replies":[{"embeddable":true,"href":"https:\/\/pdt-rj.org.br\/index.php\/wp-json\/wp\/v2\/comments?post=44355"}],"version-history":[{"count":1,"href":"https:\/\/pdt-rj.org.br\/index.php\/wp-json\/wp\/v2\/posts\/44355\/revisions"}],"predecessor-version":[{"id":52367,"href":"https:\/\/pdt-rj.org.br\/index.php\/wp-json\/wp\/v2\/posts\/44355\/revisions\/52367"}],"wp:attachment":[{"href":"https:\/\/pdt-rj.org.br\/index.php\/wp-json\/wp\/v2\/media?parent=44355"}],"wp:term":[{"taxonomy":"category","embeddable":true,"href":"https:\/\/pdt-rj.org.br\/index.php\/wp-json\/wp\/v2\/categories?post=44355"},{"taxonomy":"post_tag","embeddable":true,"href":"https:\/\/pdt-rj.org.br\/index.php\/wp-json\/wp\/v2\/tags?post=44355"}],"curies":[{"name":"wp","href":"https:\/\/api.w.org\/{rel}","templated":true}]}}