{"id":44278,"date":"2016-07-04T18:11:08","date_gmt":"2016-07-04T21:11:08","guid":{"rendered":"http:\/\/pdt-rj.org.br\/?p=44278"},"modified":"2017-10-26T09:08:07","modified_gmt":"2017-10-26T11:08:07","slug":"pdt-realiza-seminario-politico-com-pre-candidatos-e-prefeito-edivaldo-holanda-em-sao-luis-ma","status":"publish","type":"post","link":"https:\/\/pdt-rj.org.br\/index.php\/pdt-realiza-seminario-politico-com-pre-candidatos-e-prefeito-edivaldo-holanda-em-sao-luis-ma\/","title":{"rendered":"PDT realiza semin\u00e1rio pol\u00edtico com pr\u00e9-candidatos e prefeito Edivaldo Holanda em S\u00e3o Lu\u00eds (MA)"},"content":{"rendered":"<p>O PDT do Maranh\u00e3 realizou, nesse s\u00e1bado (2), um semin\u00e1rio de forma\u00e7\u00e3o pol\u00edtica para os pr\u00e9-candidatos a vereador que apoiam o projeto de reelei\u00e7\u00e3o do prefeito de S\u00e3o Lu\u00eds, Edivaldo Holanda Junior (PDT). \u00a0Al\u00e9m de transmitir orienta\u00e7\u00f5es gerais acerca da legisla\u00e7\u00e3o eleitoral e de financiamento de campanha, o evento tamb\u00e9m transmitiu a\u00e7\u00f5es de comunica\u00e7\u00e3o durante o per\u00edodo de campanha e pr\u00e9-campanha par as elei\u00e7\u00f5es de outubro deste ano.<\/p>\n<p>Realizado no audit\u00f3rio do Hotel Abeville, o semin\u00e1rio contou o prefeito Edivaldo Holanda, bem como de integrantes dos outros 13 partidos que j\u00e1 manifestaram apoio \u00e0 sua candidatura. A mesa de abertura incluiu o vereador Ivaldo Rodrigues, o secret\u00e1rio estadual de trabalho, Juli\u00e3o Amin, o pr\u00e9-candidato a vereador, Lasca Campos e demais lideran\u00e7as pedetistas.<\/p>\n<p>Durante a abertura do evento, Edivaldo conversou com os presentes, compartilhou experi\u00eancias da sua trajet\u00f3ria pol\u00edtica e refor\u00e7ou a import\u00e2ncia do di\u00e1logo permanente com as comunidades.<\/p>\n<p>&#8220;Conversem com grupos pequenos das comunidades com o mesmo entusiasmo com que falam para uma multid\u00e3o. Cada pessoa \u00e9 um cidad\u00e3o que quer ouvir as suas propostas para a cidade. \u00c9 um trabalho \u00e1rduo para todos os que querem fazer o bem na pol\u00edtica, mas vale a pena. Mostrem que a pol\u00edtica pode ser feita por pessoas de bem&#8221;, disse o prefeito.<\/p>\n<p><strong>Programa\u00e7\u00e3o<\/strong><\/p>\n<p>Da programa\u00e7\u00e3o do semin\u00e1rio, tamb\u00e9m constaram as palestras &#8220;Nossa hist\u00f3ria, nossas lutas, para construir um presente de lutas e avan\u00e7os&#8221;, com a palestrante Mar\u00edlia Bog\u00e9a; &#8220;As inova\u00e7\u00f5es na legisla\u00e7\u00e3o eleitoral&#8221;, com o especialista em direito eleitoral, Jos\u00e9 Lu\u00eds Gama; &#8220;Presta\u00e7\u00e3o de contas&#8221;, com Lu\u00eds Carlos Ribeiro; e &#8220;Marketing pol\u00edtico &#8211; a vez do digital&#8221;, com o palestrante Lu\u00eds Gallo.<\/p>\n<!-- AddThis Advanced Settings generic via filter on the_content --><!-- AddThis Share Buttons generic via filter on the_content -->","protected":false},"excerpt":{"rendered":"<p>O PDT do Maranh\u00e3 realizou, nesse s\u00e1bado (2), um semin\u00e1rio de forma\u00e7\u00e3o pol\u00edtica para os pr\u00e9-candidatos a vereador que apoiam o projeto de reelei\u00e7\u00e3o do prefeito de S\u00e3o Lu\u00eds, Edivaldo Holanda Junior (PDT). \u00a0Al\u00e9m de transmitir orienta\u00e7\u00f5es gerais acerca da legisla\u00e7\u00e3o eleitoral e de financiamento de campanha, o evento tamb\u00e9m transmitiu a\u00e7\u00f5es de comunica\u00e7\u00e3o durante&#8230;<!-- AddThis Advanced Settings generic via filter on wp_trim_excerpt --><!-- AddThis Share Buttons generic via filter on wp_trim_excerpt --><\/p>\n","protected":false},"author":17,"featured_media":0,"comment_status":"closed","ping_status":"open","sticky":false,"template":"","format":"standard","meta":{"_monsterinsights_skip_tracking":false,"_monsterinsights_sitenote_active":false,"_monsterinsights_sitenote_note":"","_monsterinsights_sitenote_category":0,"_uf_show_specific_survey":0,"_uf_disable_surveys":false,"footnotes":""},"categories":[976],"tags":[305,336,347,404,548,38,868],"class_list":["post-44278","post","type-post","status-publish","format-standard","hentry","category-noticias-em-destaque","tag-dialogo-com-as-comunidades","tag-edivaldo-holanda-junior","tag-eleicoes-2016","tag-financiamento-de-campanha","tag-legislacao-eleitoral","tag-pdt","tag-seminario-politico"],"acf":[],"_links":{"self":[{"href":"https:\/\/pdt-rj.org.br\/index.php\/wp-json\/wp\/v2\/posts\/44278","targetHints":{"allow":["GET"]}}],"collection":[{"href":"https:\/\/pdt-rj.org.br\/index.php\/wp-json\/wp\/v2\/posts"}],"about":[{"href":"https:\/\/pdt-rj.org.br\/index.php\/wp-json\/wp\/v2\/types\/post"}],"author":[{"embeddable":true,"href":"https:\/\/pdt-rj.org.br\/index.php\/wp-json\/wp\/v2\/users\/17"}],"replies":[{"embeddable":true,"href":"https:\/\/pdt-rj.org.br\/index.php\/wp-json\/wp\/v2\/comments?post=44278"}],"version-history":[{"count":1,"href":"https:\/\/pdt-rj.org.br\/index.php\/wp-json\/wp\/v2\/posts\/44278\/revisions"}],"predecessor-version":[{"id":56376,"href":"https:\/\/pdt-rj.org.br\/index.php\/wp-json\/wp\/v2\/posts\/44278\/revisions\/56376"}],"wp:attachment":[{"href":"https:\/\/pdt-rj.org.br\/index.php\/wp-json\/wp\/v2\/media?parent=44278"}],"wp:term":[{"taxonomy":"category","embeddable":true,"href":"https:\/\/pdt-rj.org.br\/index.php\/wp-json\/wp\/v2\/categories?post=44278"},{"taxonomy":"post_tag","embeddable":true,"href":"https:\/\/pdt-rj.org.br\/index.php\/wp-json\/wp\/v2\/tags?post=44278"}],"curies":[{"name":"wp","href":"https:\/\/api.w.org\/{rel}","templated":true}]}}