{"id":44062,"date":"2016-06-25T19:52:03","date_gmt":"2016-06-25T22:52:03","guid":{"rendered":"http:\/\/pdt-rj.org.br\/?p=44062"},"modified":"2016-06-25T19:52:03","modified_gmt":"2016-06-25T22:52:03","slug":"lupi-ciro-gomes-e-manoel-dias-sao-homenageados-em-goiania-go","status":"publish","type":"post","link":"https:\/\/pdt-rj.org.br\/index.php\/lupi-ciro-gomes-e-manoel-dias-sao-homenageados-em-goiania-go\/","title":{"rendered":"Lupi, Ciro Gomes e Manoel Dias s\u00e3o homenageados em Goi\u00e2nia (GO)"},"content":{"rendered":"<p>O presidente Nacional do PDT, Carlos Lupi, o ex-ministro e ex-governador Ciro Gomes (PDT-CE) e o secret\u00e1rio nacional do partido, Manoel Dias, receberam ontem (24) o t\u00edtulo \u201cCidad\u00e3o Goianiense\u201d. A honraria, entregue aos homenageados pelo vereador pedetista Paulinho Graus (GO), em sess\u00e3o solene na C\u00e2mara Municipal de Goi\u00e2nia, no Goi\u00e1s, na presen\u00e7a de outros l\u00edderes do PDT.<\/p>\n<p>Ao agradecer o t\u00edtulo, Ciro se disse horado com a homenagem e enalteceu a import\u00e2ncia do estado de Goi\u00e1s para o Brasil, sobretudo no atual cen\u00e1rio de crise econ\u00f4mica que atravessa o pa\u00eds.<\/p>\n<p>\u201cQuando a gente nasce em uma fam\u00edlia, a gente nasce por obra do acaso, mas quando a gente \u00e9 escolhido como filho isso significa uma responsabilidade muito grande. E eu que sou brasileiro, e que amo o Brasil, conhe\u00e7o a import\u00e2ncia de Goi\u00e2nia e do estado de Goi\u00e1s. Goi\u00e1s \u00e9 um estado membro de uma regi\u00e3o que est\u00e1 carregando o Brasil nas costas\u201d, destacou.<\/p>\n<p>Na oportunidade, ele tamb\u00e9m falou do governo do presidente da rep\u00fablica interino, Michel Temer. Dentre outros pontos, ele classificou como s grave a emenda constitucional que tabela os gastos com a educa\u00e7\u00e3o, sa\u00fade e previd\u00eancia, deixando livre o gasto com juros, como a medida mais grave at\u00e9 aqui adotada.<\/p>\n<p>\u201cOutro grande e grav\u00edssimo problema \u00e9 a quest\u00e3o da entrega das riquezas nacionais, especialmente o pr\u00e9-sal, que \u00e9 um crime contra as novas gera\u00e7\u00f5es do Brasil\u201d, lamentou Ciro.<\/p>\n<p>J\u00e1 Manoel Dias disse considerar o t\u00edtulo de Cidad\u00e3o Goianiense como uma responsabilidade muito grande. \u201cEstou muito honrado e feliz e \u00e9 um recarregamento das baterias para que a gente continue a lutar por um pa\u00eds justo e socialista\u201d, ressaltou ele, que \u00e9 natural de Crici\u00fama (SC).<\/p>\n<!-- AddThis Advanced Settings generic via filter on the_content --><!-- AddThis Share Buttons generic via filter on the_content -->","protected":false},"excerpt":{"rendered":"<p>O presidente Nacional do PDT, Carlos Lupi, o ex-ministro e ex-governador Ciro Gomes (PDT-CE) e o secret\u00e1rio nacional do partido, Manoel Dias, receberam ontem (24) o t\u00edtulo \u201cCidad\u00e3o Goianiense\u201d. A honraria, entregue aos homenageados pelo vereador pedetista Paulinho Graus (GO), em sess\u00e3o solene na C\u00e2mara Municipal de Goi\u00e2nia, no Goi\u00e1s, na presen\u00e7a de outros l\u00edderes&#8230;<!-- AddThis Advanced Settings generic via filter on wp_trim_excerpt --><!-- AddThis Share Buttons generic via filter on wp_trim_excerpt --><\/p>\n","protected":false},"author":17,"featured_media":44069,"comment_status":"open","ping_status":"open","sticky":false,"template":"","format":"standard","meta":{"_monsterinsights_skip_tracking":false,"_monsterinsights_sitenote_active":false,"_monsterinsights_sitenote_note":"","_monsterinsights_sitenote_category":0,"_uf_show_specific_survey":0,"_uf_disable_surveys":false,"footnotes":""},"categories":[1402,1401],"tags":[212,220,591,38],"class_list":["post-44062","post","type-post","status-publish","format-standard","has-post-thumbnail","hentry","category-cidades","category-nacional","tag-cidadao-goianiense","tag-ciro-gomes","tag-manoel-dias","tag-pdt"],"acf":[],"_links":{"self":[{"href":"https:\/\/pdt-rj.org.br\/index.php\/wp-json\/wp\/v2\/posts\/44062","targetHints":{"allow":["GET"]}}],"collection":[{"href":"https:\/\/pdt-rj.org.br\/index.php\/wp-json\/wp\/v2\/posts"}],"about":[{"href":"https:\/\/pdt-rj.org.br\/index.php\/wp-json\/wp\/v2\/types\/post"}],"author":[{"embeddable":true,"href":"https:\/\/pdt-rj.org.br\/index.php\/wp-json\/wp\/v2\/users\/17"}],"replies":[{"embeddable":true,"href":"https:\/\/pdt-rj.org.br\/index.php\/wp-json\/wp\/v2\/comments?post=44062"}],"version-history":[{"count":0,"href":"https:\/\/pdt-rj.org.br\/index.php\/wp-json\/wp\/v2\/posts\/44062\/revisions"}],"wp:featuredmedia":[{"embeddable":true,"href":"https:\/\/pdt-rj.org.br\/index.php\/wp-json\/wp\/v2\/media\/44069"}],"wp:attachment":[{"href":"https:\/\/pdt-rj.org.br\/index.php\/wp-json\/wp\/v2\/media?parent=44062"}],"wp:term":[{"taxonomy":"category","embeddable":true,"href":"https:\/\/pdt-rj.org.br\/index.php\/wp-json\/wp\/v2\/categories?post=44062"},{"taxonomy":"post_tag","embeddable":true,"href":"https:\/\/pdt-rj.org.br\/index.php\/wp-json\/wp\/v2\/tags?post=44062"}],"curies":[{"name":"wp","href":"https:\/\/api.w.org\/{rel}","templated":true}]}}