{"id":44055,"date":"2016-06-24T21:52:07","date_gmt":"2016-06-25T00:52:07","guid":{"rendered":"http:\/\/pdt-rj.org.br\/?p=44055"},"modified":"2017-01-26T14:09:09","modified_gmt":"2017-01-26T16:09:09","slug":"pdt-diversidade-estabelece-diretrizes-e-acoes-e-estrutura-o-movimento","status":"publish","type":"post","link":"https:\/\/pdt-rj.org.br\/index.php\/pdt-diversidade-estabelece-diretrizes-e-acoes-e-estrutura-o-movimento\/","title":{"rendered":"PDT Diversidade estabelece diretrizes e a\u00e7\u00f5es e estrutura o Movimento"},"content":{"rendered":"<p><img loading=\"lazy\" decoding=\"async\" class=\"alignnone size-medium wp-image-44058 alignright\" src=\"http:\/\/pdt-rj.org.br\/wp-content\/uploads\/2016\/06\/PDT-Diversidade-1-300x195.jpg\" alt=\"PDT Diversidade\" width=\"300\" height=\"195\" srcset=\"https:\/\/pdt-rj.org.br\/wp-content\/uploads\/2016\/06\/PDT-Diversidade-1-300x195.jpg 300w, https:\/\/pdt-rj.org.br\/wp-content\/uploads\/2016\/06\/PDT-Diversidade-1-100x65.jpg 100w, https:\/\/pdt-rj.org.br\/wp-content\/uploads\/2016\/06\/PDT-Diversidade-1-138x90.jpg 138w, https:\/\/pdt-rj.org.br\/wp-content\/uploads\/2016\/06\/PDT-Diversidade-1.jpg 729w\" sizes=\"auto, (max-width: 300px) 100vw, 300px\" \/>O PDT Diversidade deu mais um importante passo rumo \u00e0 sua estrutura\u00e7\u00e3o durante assembleia da Executiva Nacional do movimento, realizada nessa quinta (23) e hoje, sexta-feira (24), na sede nacional do PDT, em Bras\u00edlia. As defini\u00e7\u00f5es foram discutidas entre os presidentes estaduais do movimento e o secret\u00e1rio adjunto do partido, Andr\u00e9 Menegotto, representante da Executiva Nacional da legenda.<\/p>\n<p>No primeiro dia, foram tratadas as quest\u00f5es relacionadas \u00e0s diretrizes em prol do fortalecimento, da legitimidade e do crescimento das agendas importantes para a consolida\u00e7\u00e3o de novas Executivas Estaduais e Municipais. Dentre as a\u00e7\u00f5es priorit\u00e1rias, destaca-se a realiza\u00e7\u00e3o do I Congresso Nacional do PDT Diversidade.<\/p>\n<p>A presidente Nacional do PDT Diversidade, Amanda Anderson, pontuou a import\u00e2ncia de se ouvir as palavras dos membros da Executiva do Movimento quanto \u00e0s demandas, necessidades e sedimenta\u00e7\u00e3o do pr\u00f3prio grupo, uma vez que todos reivindicam uma profissionaliza\u00e7\u00e3o imediata de sua Executiva.<\/p>\n<p>A import\u00e2ncia de se profissionalizar os quadros \u00e9 justificada pela necessidade da realiza\u00e7\u00e3o de uma interlocu\u00e7\u00e3o pol\u00edtica e social eficaz na constru\u00e7\u00e3o de di\u00e1logos e execu\u00e7\u00e3o de trabalhos efetivos para o \u201cdesenvolvimento de a\u00e7\u00f5es elementares para a sobrevida cotidiana do pr\u00f3prio Movimento\u201d.<\/p>\n<p>Nesse sentido, Andr\u00e9 Menegotto, comprometeu-se a agilizar n\u00e3o s\u00f3 a requerida profissionaliza\u00e7\u00e3o, como a estrutura para a abertura dos trabalhos e a amplia\u00e7\u00e3o da rela\u00e7\u00e3o institucional do PDT Diversidade nos estados junto \u00e0s Executivas Estaduais.<\/p>\n<p><strong>Elei\u00e7\u00f5es<\/strong><br \/> No segundo dia, foi estabelecida a cria\u00e7\u00e3o de um calend\u00e1rio de realiza\u00e7\u00e3o dos congressos municipais e estaduais, no per\u00edodo que vai de quinze de outubro a 15 de dezembro deste ano, segundo aprova\u00e7\u00e3o da Comiss\u00e3o de Elabora\u00e7\u00e3o de Tese e Proposta de Governo para as elei\u00e7\u00f5es de 2018.<\/p>\n<p><strong>Ato P\u00fablico<\/strong><\/p>\n<p>Outro ponto levantado na assembleia foi a necessidade de um acompanhamento junto ao secret\u00e1rio adjunto Menegotto e ao secret\u00e1rio nacional do PDT, Manoel Dias, quanto a celeridade do processo judicial que o PDT impetrar\u00e1, no Supremo Tribunal Federal (STF) e na Corte Internacional, pela criminaliza\u00e7\u00e3o da homofobia. Simultaneamente \u00e0 entrega da referida a\u00e7\u00e3o, ser\u00e1 realizado um ato-manifesto em frente ao shopping Conjunto Nacional, em Bras\u00edlia, com a fixa\u00e7\u00e3o de cruzes e fitas simbolizando os assassinatos LGBTs ocorridos entre o ano 2000 e a data do ato.<\/p>\n<p>\u201cO ato significa, na pr\u00e1tica, a omiss\u00e3o deliberada, o descalabro e a morosidade do Congresso\u00a0Nacional, face ao genoc\u00eddio da popula\u00e7\u00e3o LGBT do pa\u00eds\u201d, justifica o PDT Diversidade.<\/p>\n<!-- AddThis Advanced Settings generic via filter on the_content --><!-- AddThis Share Buttons generic via filter on the_content -->","protected":false},"excerpt":{"rendered":"<p>O PDT Diversidade deu mais um importante passo rumo \u00e0 sua estrutura\u00e7\u00e3o durante assembleia da Executiva Nacional do movimento, realizada nessa quinta (23) e hoje, sexta-feira (24), na sede nacional do PDT, em Bras\u00edlia. As defini\u00e7\u00f5es foram discutidas entre os presidentes estaduais do movimento e o secret\u00e1rio adjunto do partido, Andr\u00e9 Menegotto, representante da Executiva&#8230;<!-- AddThis Advanced Settings generic via filter on wp_trim_excerpt --><!-- AddThis Share Buttons generic via filter on wp_trim_excerpt --><\/p>\n","protected":false},"author":17,"featured_media":0,"comment_status":"closed","ping_status":"closed","sticky":false,"template":"","format":"standard","meta":{"_monsterinsights_skip_tracking":false,"_monsterinsights_sitenote_active":false,"_monsterinsights_sitenote_note":"","_monsterinsights_sitenote_category":0,"_uf_show_specific_survey":0,"_uf_disable_surveys":false,"footnotes":""},"categories":[1397,1912],"tags":[51,416,469,549,56,59],"class_list":["post-44055","post","type-post","status-publish","format-standard","hentry","category-movimentos","category-diversidade","tag-amanda-anderson","tag-fortalecimento","tag-i-congresso-nacional-do-pdt-diversidade","tag-legitimidade","tag-lgbt","tag-pdt-diversidade"],"acf":[],"_links":{"self":[{"href":"https:\/\/pdt-rj.org.br\/index.php\/wp-json\/wp\/v2\/posts\/44055","targetHints":{"allow":["GET"]}}],"collection":[{"href":"https:\/\/pdt-rj.org.br\/index.php\/wp-json\/wp\/v2\/posts"}],"about":[{"href":"https:\/\/pdt-rj.org.br\/index.php\/wp-json\/wp\/v2\/types\/post"}],"author":[{"embeddable":true,"href":"https:\/\/pdt-rj.org.br\/index.php\/wp-json\/wp\/v2\/users\/17"}],"replies":[{"embeddable":true,"href":"https:\/\/pdt-rj.org.br\/index.php\/wp-json\/wp\/v2\/comments?post=44055"}],"version-history":[{"count":1,"href":"https:\/\/pdt-rj.org.br\/index.php\/wp-json\/wp\/v2\/posts\/44055\/revisions"}],"predecessor-version":[{"id":52537,"href":"https:\/\/pdt-rj.org.br\/index.php\/wp-json\/wp\/v2\/posts\/44055\/revisions\/52537"}],"wp:attachment":[{"href":"https:\/\/pdt-rj.org.br\/index.php\/wp-json\/wp\/v2\/media?parent=44055"}],"wp:term":[{"taxonomy":"category","embeddable":true,"href":"https:\/\/pdt-rj.org.br\/index.php\/wp-json\/wp\/v2\/categories?post=44055"},{"taxonomy":"post_tag","embeddable":true,"href":"https:\/\/pdt-rj.org.br\/index.php\/wp-json\/wp\/v2\/tags?post=44055"}],"curies":[{"name":"wp","href":"https:\/\/api.w.org\/{rel}","templated":true}]}}