{"id":43948,"date":"2016-06-22T11:25:40","date_gmt":"2016-06-22T14:25:40","guid":{"rendered":"http:\/\/www.malungo2.com.br\/pdt\/desenv\/?p=43948"},"modified":"2016-06-22T11:25:40","modified_gmt":"2016-06-22T14:25:40","slug":"pdt-homenageia-em-sao-borja-memoria-de-leonel-brizola","status":"publish","type":"post","link":"https:\/\/pdt-rj.org.br\/index.php\/pdt-homenageia-em-sao-borja-memoria-de-leonel-brizola\/","title":{"rendered":"PDT homenageia Brizola no 12\u00ba anivers\u00e1rio de sua morte, em S\u00e3o Borja (RS)"},"content":{"rendered":"<p><img loading=\"lazy\" decoding=\"async\" class=\"alignnone size-medium wp-image-44029 alignleft\" src=\"http:\/\/www.malungo2.com.br\/pdt\/desenv\/wp-content\/uploads\/2016\/06\/Homenagem-Brizola-PDT-S\u00e3o-Borja-300x195.jpg\" alt=\"Homenagem-Brizola-PDT-S\u00e3o-Borja\" width=\"300\" height=\"195\" \/>O audit\u00f3rio da C\u00e2mara de Vereadores\u00a0 de S\u00e3o Borja ficou pequena na \u00faltima ter\u00e7a-feira\u00a0(21) na sess\u00e3o solene em homenagem a\u00a0 Leonel Brizola pela passagem do 12\u00b0 anivers\u00e1rio de sua morte que contou com as presen\u00e7as do ex-ministro e ex-governador Ciro Gomes, pr\u00e9-candidato do PDT \u00e0 presid\u00eancia da Rep\u00fablica, o presidente nacional do PDT, Carlos Lupi, o deputado federal Afonso Motta (PDT-RS), e dezenas de lideran\u00e7as.<\/p>\n<p>No plen\u00e1rio da Casa, lideran\u00e7as pol\u00edticas nacionais, estaduais e municipais discursaram para homenagear o ex-governador e fundador do PDT falecido em 2004 no Rio de Janeiro e que foi sepultado em S\u00e3o Borja. As homenagens se estenderam a uma visita ao cemit\u00e9rio local e, depois, a pr\u00e9-conven\u00e7\u00e3o do PDT local, para lan\u00e7amento da candidatura \u00e0 reelei\u00e7\u00e3o do prefeito Farelo Almeida.<\/p>\n<p>Na pr\u00e9-conven\u00e7\u00e3o foi anunciado o nome de Tiago Cad\u00f3 como vice na chapa do prefeito Farelo Almeida (PDT). A pr\u00e9-conven\u00e7\u00e3o se realizou no Centro de Tradi\u00e7\u00f5es Ga\u00fachas de S\u00e3o Borja (CTG),\u00a0 Tropilha Crioula,\u00a0 com a presen\u00e7a das lideran\u00e7as municipais, estaduais e nacionais.\u00a0 A defini\u00e7\u00e3o da situa\u00e7\u00e3o acontece mais de dois meses depois do PP e PSDB terem firmado protocolo em torno da chapa de oposi\u00e7\u00e3o \u00e0 Prefeitura em outubro.<\/p>\n<p>Na segunda-feira (20), em Porto Alegre, houve um ato pol\u00edtico na sede do PDT estadual com a participa\u00e7\u00e3o de Ciro, Lupi e lideran\u00e7as importantes\u00a0 do PDT-RS, como o deputado federal Pompeo de Mattos, presidente, e o ex-deputado Vieira da Cunha, candidato \u00e0 prefeito de Porto Alegre pelo partido \u2013 cargo atualmente ocupado por Jos\u00e9 Fortunati (PDT).<\/p>\n<p>O deputado Gilmar\u00a0Sossella, que participou do evento, afirmou a respeito:\u00a0\u00a0 \u201c\u00c9 uma satisfa\u00e7\u00e3o recebermos o Ciro em nosso Rio Grande, um cidad\u00e3o com uma bagagem exemplar e de profundo conhecimento em economia, finan\u00e7as e administra\u00e7\u00e3o p\u00fablica, que muito nos orgulha por fazer parte do nossa fam\u00edlia trabalhista e est\u00e1 preparado para ser o novo presidente do Brasil\u201d, destacou.<\/p>\n<p>Na reuni\u00e3o, falando aos pedetistas ga\u00fachos, Ciro destacou que ir\u00e1 propor um projeto nacional de desenvolvimento; falou sobre a situa\u00e7\u00e3o da pol\u00edtica brasileira e o desafio de ser pr\u00e9-candidato a presidente, pelo PDT:<\/p>\n<p>\u201cA minha raz\u00e3o \u00e9 o Brasil. Seria um covarde se n\u00e3o aceitasse esse desafio proposto pelo PDT, partido pelo qual tenho identifica\u00e7\u00e3o e respeito\u201d, declarou o ex-governador do Cear\u00e1.<\/p>\n<p>Tamb\u00e9m estavam no ato pol\u00edtico , o secret\u00e1rio estadual de Obras, Gerson Burmann, o deputado estadual Ciro Simoni, o prefeito de Arroio do Sal e presidente eleito da Famurs, Luciano Pinto, entre outros pedetistas.<\/p>\n<!-- AddThis Advanced Settings generic via filter on the_content --><!-- AddThis Share Buttons generic via filter on the_content -->","protected":false},"excerpt":{"rendered":"<p>O audit\u00f3rio da C\u00e2mara de Vereadores\u00a0 de S\u00e3o Borja ficou pequena na \u00faltima ter\u00e7a-feira\u00a0(21) na sess\u00e3o solene em homenagem a\u00a0 Leonel Brizola pela passagem do 12\u00b0 anivers\u00e1rio de sua morte que contou com as presen\u00e7as do ex-ministro e ex-governador Ciro Gomes, pr\u00e9-candidato do PDT \u00e0 presid\u00eancia da Rep\u00fablica, o presidente nacional do PDT, Carlos Lupi,&#8230;<!-- AddThis Advanced Settings generic via filter on wp_trim_excerpt --><!-- AddThis Share Buttons generic via filter on wp_trim_excerpt --><\/p>\n","protected":false},"author":17,"featured_media":0,"comment_status":"open","ping_status":"open","sticky":false,"template":"","format":"standard","meta":{"_monsterinsights_skip_tracking":false,"_monsterinsights_sitenote_active":false,"_monsterinsights_sitenote_note":"","_monsterinsights_sitenote_category":0,"_uf_show_specific_survey":0,"_uf_disable_surveys":false,"footnotes":""},"categories":[1402,1401],"tags":[196,465,565,38,853],"class_list":["post-43948","post","type-post","status-publish","format-standard","hentry","category-cidades","category-nacional","tag-carlos-lupi","tag-homenagem","tag-leonel-brizola","tag-pdt","tag-sao-borja"],"acf":[],"_links":{"self":[{"href":"https:\/\/pdt-rj.org.br\/index.php\/wp-json\/wp\/v2\/posts\/43948","targetHints":{"allow":["GET"]}}],"collection":[{"href":"https:\/\/pdt-rj.org.br\/index.php\/wp-json\/wp\/v2\/posts"}],"about":[{"href":"https:\/\/pdt-rj.org.br\/index.php\/wp-json\/wp\/v2\/types\/post"}],"author":[{"embeddable":true,"href":"https:\/\/pdt-rj.org.br\/index.php\/wp-json\/wp\/v2\/users\/17"}],"replies":[{"embeddable":true,"href":"https:\/\/pdt-rj.org.br\/index.php\/wp-json\/wp\/v2\/comments?post=43948"}],"version-history":[{"count":0,"href":"https:\/\/pdt-rj.org.br\/index.php\/wp-json\/wp\/v2\/posts\/43948\/revisions"}],"wp:attachment":[{"href":"https:\/\/pdt-rj.org.br\/index.php\/wp-json\/wp\/v2\/media?parent=43948"}],"wp:term":[{"taxonomy":"category","embeddable":true,"href":"https:\/\/pdt-rj.org.br\/index.php\/wp-json\/wp\/v2\/categories?post=43948"},{"taxonomy":"post_tag","embeddable":true,"href":"https:\/\/pdt-rj.org.br\/index.php\/wp-json\/wp\/v2\/tags?post=43948"}],"curies":[{"name":"wp","href":"https:\/\/api.w.org\/{rel}","templated":true}]}}