{"id":43874,"date":"2016-06-21T10:18:39","date_gmt":"2016-06-21T13:18:39","guid":{"rendered":"http:\/\/www.malungo2.com.br\/pdt\/?p=43874"},"modified":"2016-11-01T10:48:46","modified_gmt":"2016-11-01T12:48:46","slug":"ciro-sobre-governo-temer-e-quadrilha-para-assaltar-cofres-publicos","status":"publish","type":"post","link":"https:\/\/pdt-rj.org.br\/index.php\/ciro-sobre-governo-temer-e-quadrilha-para-assaltar-cofres-publicos\/","title":{"rendered":"Ciro sobre  governo Temer: \u2018\u00c9 quadrilha para assaltar cofres p\u00fablicos\u2019"},"content":{"rendered":"<p>Em agenda de pr\u00e9-candidato \u00e0 Presid\u00eancia nas elei\u00e7\u00f5es de 2018, o ex-governador cearense Ciro Gomes (PDT) esteve no Rio Grande do Sul para uma s\u00e9rie de compromissos, finalizados em S\u00e3o Borja, ber\u00e7o do Trabalhismo, onde participar\u00e1 de homenagens a Leonel Brizola, Jango e Get\u00falio Vargas . Na tarde desta segunda (20), antes de fazer uma palestra para estudantes no audit\u00f3rio da Faculdade de Economia da Universidade Federal do Rio Grande do Sul (UFRGS), ele falou com a imprensa e voltou a defender o retorno da presidenta afastada, Dilma Rousseff (PT), ao cargo, embora considere dif\u00edcil.<\/p>\n<p>\u201cCom minha experi\u00eancia, a probabilidade dela voltar \u00e9 muito pequena\u201d, acrescentou Ciro. No entanto, o ex-governador disse que \u201cest\u00e1 lutando\u201d para assegurar o mandato de \u201cquem foi posto pelo voto popular.\u201d<\/p>\n<p>Para Ciro, h\u00e1 a possibilidade de cinco senadores mudarem de voto na aprecia\u00e7\u00e3o do processo de impeachment de Dilma, o que poderia resultar na sa\u00edda do presidente interino Michel Temer (PMDB), o qual classificou de \u201cgolpista, traidor e usurpador do poder.\u201d Se a presidenta reverter o processo no Senado, conforme ele, ter\u00e1 de fazer um governo \u201ccompletamente diferente.\u201d<\/p>\n<p>Sobre a possibilidade de um plebiscito para antecipa\u00e7\u00e3o das elei\u00e7\u00f5es presidenciais, o presidenci\u00e1vel descartou: \u201cEu sou intransigente na defesa da legalidade, da Constitui\u00e7\u00e3o e da inteireza do mandato da presidenta Dilma.\u201d A ideia de realizar elei\u00e7\u00f5es ainda este ano, conforme Ciro, \u00e9 de parte da popula\u00e7\u00e3o brasileira que est\u00e1 em \u201ccima do muro\u201d,\u00a0 chamando essa parcela de \u201cmarinismo\u201d numa refer\u00eancia \u00e0 posi\u00e7\u00e3o pregada pela tamb\u00e9m presidenci\u00e1vel Marina Silva (Rede). H\u00e1 hoje, segundo ele, os que est\u00e3o do lado da Constitui\u00e7\u00e3o Federal,\u00a0 os que est\u00e3o a favor do \u201cgolpe\u201d e os que est\u00e3o \u201cem cima do muro.\u201d \u201cA\u00ed voc\u00ea n\u00e3o quer tomar lado, ent\u00e3o inventa essa coisa charmosa de chamar o povo\u201d, completou ele.<\/p>\n<p>PEC das elei\u00e7\u00f5es n\u00e3o passaria<\/p>\n<p>Al\u00e9m de ser defensor da preval\u00eancia do voto popular, Ciro ressaltou que n\u00e3o acredita que a antecipa\u00e7\u00e3o de elei\u00e7\u00f5es passe na C\u00e2mara dos Deputados, j\u00e1 que, embora afastado, o deputado Eduardo Cunha (PMDB) \u00e9 \u201cquem d\u00e1 as cartas\u201d e seriam necess\u00e1rios tr\u00eas quintos dos parlamentares para aprovar uma emenda \u00e0 Constitui\u00e7\u00e3o. No Senado, de acordo com ele, a emenda tamb\u00e9m seria barrada pelo presidente da Casa, Renan Calheiros (PMDB), com o aux\u00edlio dos senadores Eun\u00edcio Oliveira (PMDB) e Romero Juc\u00e1 (PMDB), trio chamado por ele de \u201cquadrilheiros.\u201d \u201cA chance disso passar \u00e9 nenhuma\u201d, frisou o ex-governador, enfatizando\u00a0 que s\u00e3o necess\u00e1rios tr\u00eas quintos nas duas casas e com duas vota\u00e7\u00f5es em cada uma delas. Tamb\u00e9m, alertou Ciro, Temer, na condi\u00e7\u00e3o de vice-presidente eleito pelo voto popular, poderia recorrer ao Supremo Tribunal Federal (STF) e reverter a situa\u00e7\u00e3o.<\/p>\n<p>Quanto \u00e0 avalia\u00e7\u00e3o do governo interino de Temer, Ciro n\u00e3o foi econ\u00f4mico nas cr\u00edticas. \u201c\u00c9 um governo de quadrilha, com poucas exce\u00e7\u00f5es\u201d, alfinetou. O presidente interino, segundo o ex-governador, \u00e9 \u201co chefe da quadrilha\u201d, completada por Cunha, Renan e Juc\u00e1. \u201c\u00c9 uma alian\u00e7a para assaltar os cofres p\u00fablicos\u201d, afirmou ele.<\/p>\n<p>Em rela\u00e7\u00e3o \u00e0s den\u00fancias envolvendo o ex-presidente Luiz In\u00e1cio Lula da Silva (PT), o pr\u00e9-candidato \u00e0 Presid\u00eancia afirmou que n\u00e3o o considera corrupto, mas, na opini\u00e3o de Ciro, Lula contribuiu para a corrup\u00e7\u00e3o em estatais, a partir de indica\u00e7\u00f5es de nomes de partidos que faziam parte da alian\u00e7a para a governabilidade. Na vida p\u00fablica, observou ele, n\u00e3o basta \u201cn\u00e3o roubar, n\u00e3o pode deixar roubar.\u201d Apesar das cr\u00edticas \u00e0 maior lideran\u00e7a petista, ele n\u00e3o descartou, futuramente, uma alian\u00e7a com o Partido dos Trabalhadores nas elei\u00e7\u00f5es presidenciais, acrescentando que \u201cprecisar\u00e1 do apoio de todo mundo\u201d num eventual governo.\u00a0 Entretanto, o pedetista defendeu uma \u201cmaioria simples\u201d no Congresso e n\u00e3o \u201cuma maioria gigantesca\u201d, que tem, entre outros objetivos, impedir a instala\u00e7\u00e3o de Comiss\u00f5es Parlamentares de Inqu\u00e9rito (CPIs).<\/p>\n<p>O presidenci\u00e1vel, que estava acompanhado da c\u00fapula ga\u00facha do PDT, ressaltou que o Brasil precisa de uma pol\u00edtica de \u201cCentro Esquerda\u201d e que est\u00e1 elaborando um programa de governo, a partir de discuss\u00f5es com universidades. Ciro descartou a possibilidade de abrir m\u00e3o da cabe\u00e7a de chapa e se tornar vice numa alian\u00e7a: \u201cNem pensar.\u201d<\/p>\n<p>&nbsp;<\/p>\n<p><a href=\"http:\/\/zh.clicrbs.com.br\/rs\/noticias\/noticia\/2016\/06\/ciro-gomes-chama-governo-interino-de-quadrilha-e-critica-michel-temer-golpista-e-traidor-6097260.html\"><strong>Ciro na &#8216;Zero Hora&#8217;: &#8216;Temer \u00e9 um golpista traidor&#8217;<\/strong><\/a><\/p>\n<p><a href=\"http:\/\/jcrs.uol.com.br\/_conteudo\/2016\/06\/politica\/505659-temer-conduz-governo-de-quadrilheiros--afirma-ciro.html\"><strong>Ciro no &#8216;Jornal do Com\u00e9rcio&#8217; (RS): &#8220;Governo Temer \u00e9 de quadrilheiros&#8221;<\/strong><\/a><\/p>\n<!-- AddThis Advanced Settings generic via filter on the_content --><!-- AddThis Share Buttons generic via filter on the_content -->","protected":false},"excerpt":{"rendered":"<p>Em agenda de pr\u00e9-candidato \u00e0 Presid\u00eancia nas elei\u00e7\u00f5es de 2018, o ex-governador cearense Ciro Gomes (PDT) esteve no Rio Grande do Sul para uma s\u00e9rie de compromissos, finalizados em S\u00e3o Borja, ber\u00e7o do Trabalhismo, onde participar\u00e1 de homenagens a Leonel Brizola, Jango e Get\u00falio Vargas . Na tarde desta segunda (20), antes de fazer uma&#8230;<!-- AddThis Advanced Settings generic via filter on wp_trim_excerpt --><!-- AddThis Share Buttons generic via filter on wp_trim_excerpt --><\/p>\n","protected":false},"author":17,"featured_media":43885,"comment_status":"closed","ping_status":"open","sticky":false,"template":"","format":"standard","meta":{"_monsterinsights_skip_tracking":false,"_monsterinsights_sitenote_active":false,"_monsterinsights_sitenote_note":"","_monsterinsights_sitenote_category":0,"_uf_show_specific_survey":0,"_uf_disable_surveys":false,"footnotes":""},"categories":[976],"tags":[220,565,38,853,46],"class_list":["post-43874","post","type-post","status-publish","format-standard","has-post-thumbnail","hentry","category-noticias-em-destaque","tag-ciro-gomes","tag-leonel-brizola","tag-pdt","tag-sao-borja","tag-trabalhismo"],"acf":[],"_links":{"self":[{"href":"https:\/\/pdt-rj.org.br\/index.php\/wp-json\/wp\/v2\/posts\/43874","targetHints":{"allow":["GET"]}}],"collection":[{"href":"https:\/\/pdt-rj.org.br\/index.php\/wp-json\/wp\/v2\/posts"}],"about":[{"href":"https:\/\/pdt-rj.org.br\/index.php\/wp-json\/wp\/v2\/types\/post"}],"author":[{"embeddable":true,"href":"https:\/\/pdt-rj.org.br\/index.php\/wp-json\/wp\/v2\/users\/17"}],"replies":[{"embeddable":true,"href":"https:\/\/pdt-rj.org.br\/index.php\/wp-json\/wp\/v2\/comments?post=43874"}],"version-history":[{"count":0,"href":"https:\/\/pdt-rj.org.br\/index.php\/wp-json\/wp\/v2\/posts\/43874\/revisions"}],"wp:featuredmedia":[{"embeddable":true,"href":"https:\/\/pdt-rj.org.br\/index.php\/wp-json\/wp\/v2\/media\/43885"}],"wp:attachment":[{"href":"https:\/\/pdt-rj.org.br\/index.php\/wp-json\/wp\/v2\/media?parent=43874"}],"wp:term":[{"taxonomy":"category","embeddable":true,"href":"https:\/\/pdt-rj.org.br\/index.php\/wp-json\/wp\/v2\/categories?post=43874"},{"taxonomy":"post_tag","embeddable":true,"href":"https:\/\/pdt-rj.org.br\/index.php\/wp-json\/wp\/v2\/tags?post=43874"}],"curies":[{"name":"wp","href":"https:\/\/api.w.org\/{rel}","templated":true}]}}