{"id":43869,"date":"2016-06-21T09:54:31","date_gmt":"2016-06-21T12:54:31","guid":{"rendered":"http:\/\/www.malungo2.com.br\/pdt\/desenv\/?p=43869"},"modified":"2016-06-21T09:54:31","modified_gmt":"2016-06-21T12:54:31","slug":"andre-araujo-a-assustadora-equipe-economica","status":"publish","type":"post","link":"https:\/\/pdt-rj.org.br\/index.php\/andre-araujo-a-assustadora-equipe-economica\/","title":{"rendered":"Andr\u00e9 Ara\u00fajo: A assustadora equipe econ\u00f4mica de Michel Temer"},"content":{"rendered":"<p>Os novos diretores do Banco Central est\u00e3o \u00e0 direita de Gengis Khan no tratamento ortodoxo da economia. S\u00e3o todos ultra monetaristas e ligados ao mercado financeiro, os que ficaram como heran\u00e7a da antiga administra\u00e7\u00e3o s\u00e3o tamb\u00e9m os mais radicais e que sempre votaram pelos juros altos.<\/p>\n<p>Vejamos os hist\u00f3ricos de cada um:<\/p>\n<p>POL\u00cdTICA ECON\u00d4MICA &#8211; Carlos Viana, da turma da PUC Rio com doutorado em Princeton, foi economista do Federal Reserve Bank of New York, um dos 12 bra\u00e7os do Federal Reserve System, foi economista chefe do Banco Opportunity, elogiad\u00edssimo pelo mercado financeiro.<\/p>\n<p>POL\u00cdTICA MONET\u00c1RIA &#8211; Reinaldo Le Grazie vem do Bradesco Asset Management, bra\u00e7o de administra\u00e7\u00e3o de fortunas do Bradesco &#8211; As &#8220;asset management&#8221; tem como clientes os rentistas e, por causa disso, tem um vi\u00e9s natural para juros altos. O mercado financeiro o acha um campe\u00e3o da ideologia mercadista como matriz do processo econ\u00f4mico.<\/p>\n<p>ASSUNTOS INTERNACIONAIS &#8211; Thiago Berriel, mais um da PUC &#8211; Rio. Arm\u00ednio Fraga e Ilan Goldfajn foram orientadores da tese desse ortodoxo, o que j\u00e1 define o que pensa da economia como ci\u00eancia e como vis\u00e3o de mundo. Ficaram na mesma cadeira Antonio Meirelles, na Diretoria de Fiscaliza\u00e7\u00e3o, Ot\u00e1vio Damaso na de Legisla\u00e7\u00e3o e Sidney Marques na de Organiza\u00e7\u00e3o. Meirelles e Sidney s\u00e3o da torcida dos juros altos, at\u00e9 mais radicais do que a turma da PUC Rio, se \u00e9 que isso \u00e9 possivel. Esses dois foram votos dissidentes quando outros diretores ortodoxos votaram\u00a0 pela baixa da Selic.<\/p>\n<p>O que chama\u00a0 a aten\u00e7\u00e3o sobre esse time \u00e9 a completa inexist\u00eancia de diversidade de pensamento econ\u00f4mico, algo considerado muito valioso no Conselho de Diretores (Board) do banco central americano, o FED, onde cada um dos sete membros tem origem em escolas de economia de diferentes linhas, exatamente para criar uma multiplicidade de vis\u00f5es. A equipe econ\u00f4mica tem no seu topo um banqueiro, Henrique Meirelles, cuja carreira foi toda desenvolvida em banco comercial americano aqui e nos Estados Unidos e Ilan Goldfajn, um israelense nascido em Haifa e tamb\u00e9m ligado a PUC-Rio, cuja \u00faltima vincula\u00e7\u00e3o foi com o Banco Ita\u00fa, o que j\u00e1 diz muita coisa sobre sua ideia de economia.<\/p>\n<p>Chama a aten\u00e7\u00e3o a absoluta aus\u00eancia nessa equipe de qualquer exposi\u00e7\u00e3o \u00e0 economia produtiva, ao agroneg\u00f3cio, ao com\u00e9rcio varejista ou atacadista, aos transportes, \u00e0 infraestrutura, aos servi\u00e7os, \u00e0 pequena e m\u00e9dia empresa, setores e atividades que constituem o cora\u00e7\u00e3o da economia de um grande Pa\u00eds.<\/p>\n<p>\u00c9 como se toda a c\u00fapula do Minist\u00e9rio da Sa\u00fade fosse constitu\u00edda exclusivamente de m\u00e9dicos especialistas em cirurgia pl\u00e1stica. Como consequ\u00eancia dessa forma\u00e7\u00e3o, todo o foco da equipe est\u00e1 centrada num unico objetivo: trazer \u00e0 infla\u00e7\u00e3o ao centro da meta, como se isso fosse a \u00fanica coisa que interessa \u00e0 popula\u00e7\u00e3o, que nem liga para o desemprego e para a falta de dinheiro.<\/p>\n<p>Mesmo entre economistas de forma\u00e7\u00e3o cl\u00e1ssica, h\u00e1 a consci\u00eancia de que, em tempos de profunda recess\u00e3o causada pela falta de dinheiro para consumir, n\u00e3o tem sentido o combate exclusivo \u00e0 infla\u00e7\u00e3o que j\u00e1 est\u00e1 naturalmente em queda pela falta de demanda. Combater uma febre que j\u00e1 est\u00e1 baixando, qual o sentido? Esse combate \u00fanico \u00e9 o total do discurso de posse do presidente do Banco Central, que n\u00e3o demonstrou a m\u00ednima preocupa\u00e7\u00e3o com a recess\u00e3o e o desemprego, assuntos sequer abordados em sua fala, o resto da equipe pensa a mesma coisa, s\u00e3o todos fan\u00e1ticos da moeda e nada al\u00e9m, a produ\u00e7\u00e3o \u00e9 um detalhe sem import\u00e2ncia.<\/p>\n<p>\u00c9 de conhecimento tamb\u00e9m da economia cl\u00e1ssica que se combate depress\u00e3o e recess\u00e3o com expans\u00e3o monet\u00e1ria para criar demanda e n\u00e3o apenas pela confian\u00e7a na moeda. Sem demanda a ser atendida, n\u00e3o h\u00e1 raz\u00e3o para novos investimentos, \u00e9 a exist\u00eancia da demanda que promove a constru\u00e7\u00e3o de uma nova f\u00e1brica e n\u00e3o a confian\u00e7a na moeda.<\/p>\n<p>A equipe econ\u00f4mica n\u00e3o pensa em combater a recess\u00e3o porque n\u00e3o sabe como fazer, todo seu treinamento \u00e9 para congelar a moeda na chamada &#8220;paz de cemit\u00e9rio&#8221;, onde por n\u00e3o haver vida n\u00e3o h\u00e1 movimento e muito menos infla\u00e7\u00e3o, atingir o centro da meta \u00e9 o ponto final.<\/p>\n<p>Na Inglaterra, onde foi inventado o capitalismo moderno e seu ant\u00eddoto, o socialismo, h\u00e1 pleno conhecimento sobre o que fazer numa recess\u00e3o. Keynes, um economista ortodoxo, mudou a dire\u00e7\u00e3o do vento quando viu a depress\u00e3o de 1930 e pregou para combat\u00ea-la a expans\u00e3o monet\u00e1ria para gerar consumo, disse &#8220;vale a pena mandar homens levar pedras de um para outro lado da estrada apenas para poder pagar-lhes algum sal\u00e1rio e gerar capacidade de compra&#8221;, isso como receita para combater a Grande Depress\u00e3o, em carta a Roosevelt.<\/p>\n<p>Keynes era um economista cl\u00e1ssico e n\u00e3o um maluco, quando chamaram sua aten\u00e7\u00e3o para sua incoer\u00eancia disse &#8220;eu sou coerente com as circunst\u00e2ncias&#8221;, significando que sua receita era aquela que as circunst\u00e2ncias pediam.<\/p>\n<p>A prioridade n\u00famero um do Brasil \u00e9 hoje sair da recess\u00e3o para gerar empregos, e a equipe econ\u00f4mica nomeada tem, como \u00fanico treinamento, fazer exatamente o contr\u00e1rio, aprofundar a recess\u00e3o para &#8220;trazer a infla\u00e7\u00e3o para o centro da meta&#8221;, o que significa mais recess\u00e3o atrav\u00e9s de dois instrumentos, manter os juros altos e valorizar o Real, duas a\u00e7\u00f5es que fatalmente v\u00e3o aumentar o desemprego.<\/p>\n<p>N\u00e3o \u00e9 culpa deles, s\u00e3o pessoas cuja \u00fanica vis\u00e3o de mundo e de economia \u00e9 essa, s\u00e3o cozinheiros que s\u00f3 aprenderam a fazer um prato, n\u00e3o conseguem fazer outro e ao faz\u00ea-lo nas circunst\u00e2ncias erradas, v\u00e3o aumentar o desastre por que passa a economia brasileira.<\/p>\n<p>Essa vis\u00e3o de economia que vem do mercado financeiro foi SUPERADA ap\u00f3s a crise de 2008 e j\u00e1 n\u00e3o \u00e9 mais aceita a li\u00e7\u00e3o de casa ensinada pelo mercado financeiro mas a &#8220;nossa equipe&#8221; estudou antes de 2008 e s\u00f3 sabe a li\u00e7\u00e3o antiga, n\u00e3o aprenderam novas t\u00e9cnicas e n\u00e3o lembram que o Jap\u00e3o e a Uni\u00e3o Europeia est\u00e3o desesperadamente tentando criar infla\u00e7\u00e3o para reativar a economia, a infla\u00e7\u00e3o tal qual uma dose de conhaque na neve, pode \u00e0s vezes ser necess\u00e1ria, ela n\u00e3o \u00e9 maligna por si s\u00f3, pode ser uma ferramenta tempor\u00e1ria e necess\u00e1ria, embora eu acredite que a inje\u00e7\u00e3o de R$1 trilh\u00e3o em investimentos p\u00fablicos no Brasil n\u00e3o gera infla\u00e7\u00e3o por causa da imensa capacidade ociosa na ind\u00fastria e na m\u00e3o de obra, e um investimento desse porte criaria 6 milh\u00f5es de empregos em 1 ano.<\/p>\n<p>Evidentemente que essa assombrosa equipe das cavernas da economia n\u00e3o vai expandir em em um Real a base monet\u00e1ria, eles v\u00e3o \u00e9 recolher mais dinheiro da economia para ver at\u00e9 onde a corda arrebenta, talvez em 20 milh\u00f5es de desempregados cheguemos ao divino &#8220;centro da meta&#8221;.<\/p>\n<!-- AddThis Advanced Settings generic via filter on the_content --><!-- AddThis Share Buttons generic via filter on the_content -->","protected":false},"excerpt":{"rendered":"<p>Os novos diretores do Banco Central est\u00e3o \u00e0 direita de Gengis Khan no tratamento ortodoxo da economia. S\u00e3o todos ultra monetaristas e ligados ao mercado financeiro, os que ficaram como heran\u00e7a da antiga administra\u00e7\u00e3o s\u00e3o tamb\u00e9m os mais radicais e que sempre votaram pelos juros altos. Vejamos os hist\u00f3ricos de cada um: POL\u00cdTICA ECON\u00d4MICA &#8211;&#8230;<!-- AddThis Advanced Settings generic via filter on wp_trim_excerpt --><!-- AddThis Share Buttons generic via filter on wp_trim_excerpt --><\/p>\n","protected":false},"author":17,"featured_media":43870,"comment_status":"open","ping_status":"open","sticky":false,"template":"","format":"standard","meta":{"_monsterinsights_skip_tracking":false,"_monsterinsights_sitenote_active":false,"_monsterinsights_sitenote_note":"","_monsterinsights_sitenote_category":0,"_uf_show_specific_survey":0,"_uf_disable_surveys":false,"footnotes":""},"categories":[976],"tags":[],"class_list":["post-43869","post","type-post","status-publish","format-standard","has-post-thumbnail","hentry","category-noticias-em-destaque"],"acf":[],"_links":{"self":[{"href":"https:\/\/pdt-rj.org.br\/index.php\/wp-json\/wp\/v2\/posts\/43869","targetHints":{"allow":["GET"]}}],"collection":[{"href":"https:\/\/pdt-rj.org.br\/index.php\/wp-json\/wp\/v2\/posts"}],"about":[{"href":"https:\/\/pdt-rj.org.br\/index.php\/wp-json\/wp\/v2\/types\/post"}],"author":[{"embeddable":true,"href":"https:\/\/pdt-rj.org.br\/index.php\/wp-json\/wp\/v2\/users\/17"}],"replies":[{"embeddable":true,"href":"https:\/\/pdt-rj.org.br\/index.php\/wp-json\/wp\/v2\/comments?post=43869"}],"version-history":[{"count":0,"href":"https:\/\/pdt-rj.org.br\/index.php\/wp-json\/wp\/v2\/posts\/43869\/revisions"}],"wp:featuredmedia":[{"embeddable":true,"href":"https:\/\/pdt-rj.org.br\/index.php\/wp-json\/"}],"wp:attachment":[{"href":"https:\/\/pdt-rj.org.br\/index.php\/wp-json\/wp\/v2\/media?parent=43869"}],"wp:term":[{"taxonomy":"category","embeddable":true,"href":"https:\/\/pdt-rj.org.br\/index.php\/wp-json\/wp\/v2\/categories?post=43869"},{"taxonomy":"post_tag","embeddable":true,"href":"https:\/\/pdt-rj.org.br\/index.php\/wp-json\/wp\/v2\/tags?post=43869"}],"curies":[{"name":"wp","href":"https:\/\/api.w.org\/{rel}","templated":true}]}}