{"id":43850,"date":"2016-06-20T17:21:49","date_gmt":"2016-06-20T20:21:49","guid":{"rendered":"http:\/\/www.malungo2.com.br\/pdt\/desenv\/?p=43850"},"modified":"2016-06-20T17:21:49","modified_gmt":"2016-06-20T20:21:49","slug":"ciro-botaram-uma-quadrilha-lugar-de-uma-presidente-decente","status":"publish","type":"post","link":"https:\/\/pdt-rj.org.br\/index.php\/ciro-botaram-uma-quadrilha-lugar-de-uma-presidente-decente\/","title":{"rendered":"Ciro: \u2018Botaram uma quadrilha no lugar de uma presidente decente\u2019"},"content":{"rendered":"<p>Em longa entrevista ao jornal \u201cValor Econ\u00f4mico\u201d, o ex-ministro e ex-governador Ciro Gomes n\u00e3o poupou muni\u00e7\u00e3o para atacar os deputados e os senadores que afastaram a presidente Dilma Rousseff de seu mandato, ao defender a import\u00e2ncia do respeito \u00e0 democracia e \u00e0 legalidade no Brasil. Segundo Ciro, \u2018\u00e9 dever de todo brasileiro defender o regime democr\u00e1tico\u2019, da\u00ed a sua determina\u00e7\u00e3o de lutar por um Brasil melhor.<\/p>\n<p>Ciro cobrou a responsabilidade de Lula na indica\u00e7\u00e3o de Michel Temer para vice de Dilma: \u201cColocar o lado quadrilha do PMDB na linha de sucess\u00e3o presidencial foi responsabilidade do Lula\u2019, afirmou. Sobre as acusa\u00e7\u00f5es do ex-presidente da Transpetro, S\u00e9rgio Machado, contra Temer, Ciro comentou que se houver um m\u00ednimo de imparcialidade do Minist\u00e9rio P\u00fablico e do Supremo Tribunal Federal a respeito das den\u00fancias de Machado, \u201cn\u00e3o fica pedra sobre pedra\u201d!.<\/p>\n<p>Na opini\u00e3o de Ciro, o maior erro do PT foi copiar o modus operandi do PSDB. Disse tamb\u00e9m que n\u00e3o tem certeza de que quatro ou cinco senadores, na vota\u00e7\u00e3o definitiva do impeachment de Dilma, ter\u00e3o disposi\u00e7\u00e3o de \u2018votar com a Hist\u00f3ria\u2019, restabelecendo a titularidade de Dilma Rousseff na presid\u00eancia da Rep\u00fablica.<\/p>\n<p>Leia aqui a \u00edntegra da <a href=\"http:\/\/www.valor.com.br\/especiais\/4606165\/ciro-quer-se-consolidar-como-terceira\">entrevista<\/a>\u00a0:<\/p>\n<p>CIRO EM UBERL\u00c2NDIA<\/p>\n<p>Ciro e Lupi tiveram uma agenda cheia neste final de semana, em Minas Gerais. No dia 17 estiveram em Uberl\u00e2ndia onde o primeiro compromisso dos dois foi \u00a0no Centro Esportivo Universit\u00e1rio da UFU, no Campus Santa M\u00f4nica, \u00e0s 14h.<\/p>\n<p>Ciro fez uma palestra em ato convocado pelo Movimento Reinventar , da JS-PDT. E mais tarde, por volta das 18h30, Ciro fez a palestra &#8220;O Brasil tem Solu\u00e7\u00e3o &#8211; Construindo camin<span class=\"text_exposed_show\">hos para superar a crise&#8221;, organizada pela coliga\u00e7\u00e3o municipal PDT &#8211; PCdoB, voltada para as elei\u00e7\u00f5es deste ano.<\/span><\/p>\n<div class=\"text_exposed_show\">\n<p>Murilo Ferreira, secret\u00e1rio do PDT-MG, a respeito, afirmou:<\/p>\n<p>\u201cAp\u00f3s momentos de instabilidade econ\u00f4mica, elei\u00e7\u00f5es acirradas, esc\u00e2ndalos de corru\u00e7\u00e3o, protestos e um impeachment em curso, o Brasil se v\u00ea n\u00e3o apenas diante de uma crise generalizada, mas com o desafio de se pensar o futuro do pa\u00eds. Ciro Gomes, por ser um homem com uma experi\u00eancia pol\u00edtica \u00edmpar, analisou com maestria o passado recente e colocou em perspectiva os caminhos que poder\u00e3o ser tra\u00e7ados para o desenvolvimento nacional nos pr\u00f3ximos anos&#8221;, ressaltou.<\/p>\n<\/div>\n<p>&nbsp;<\/p>\n<!-- AddThis Advanced Settings generic via filter on the_content --><!-- AddThis Share Buttons generic via filter on the_content -->","protected":false},"excerpt":{"rendered":"<p>Em longa entrevista ao jornal \u201cValor Econ\u00f4mico\u201d, o ex-ministro e ex-governador Ciro Gomes n\u00e3o poupou muni\u00e7\u00e3o para atacar os deputados e os senadores que afastaram a presidente Dilma Rousseff de seu mandato, ao defender a import\u00e2ncia do respeito \u00e0 democracia e \u00e0 legalidade no Brasil. Segundo Ciro, \u2018\u00e9 dever de todo brasileiro defender o regime&#8230;<!-- AddThis Advanced Settings generic via filter on wp_trim_excerpt --><!-- AddThis Share Buttons generic via filter on wp_trim_excerpt --><\/p>\n","protected":false},"author":17,"featured_media":43855,"comment_status":"open","ping_status":"open","sticky":false,"template":"","format":"standard","meta":{"_monsterinsights_skip_tracking":false,"_monsterinsights_sitenote_active":false,"_monsterinsights_sitenote_note":"","_monsterinsights_sitenote_category":0,"_uf_show_specific_survey":0,"_uf_disable_surveys":false,"footnotes":""},"categories":[1401],"tags":[196,220,38],"class_list":["post-43850","post","type-post","status-publish","format-standard","has-post-thumbnail","hentry","category-nacional","tag-carlos-lupi","tag-ciro-gomes","tag-pdt"],"acf":[],"_links":{"self":[{"href":"https:\/\/pdt-rj.org.br\/index.php\/wp-json\/wp\/v2\/posts\/43850","targetHints":{"allow":["GET"]}}],"collection":[{"href":"https:\/\/pdt-rj.org.br\/index.php\/wp-json\/wp\/v2\/posts"}],"about":[{"href":"https:\/\/pdt-rj.org.br\/index.php\/wp-json\/wp\/v2\/types\/post"}],"author":[{"embeddable":true,"href":"https:\/\/pdt-rj.org.br\/index.php\/wp-json\/wp\/v2\/users\/17"}],"replies":[{"embeddable":true,"href":"https:\/\/pdt-rj.org.br\/index.php\/wp-json\/wp\/v2\/comments?post=43850"}],"version-history":[{"count":0,"href":"https:\/\/pdt-rj.org.br\/index.php\/wp-json\/wp\/v2\/posts\/43850\/revisions"}],"wp:featuredmedia":[{"embeddable":true,"href":"https:\/\/pdt-rj.org.br\/index.php\/wp-json\/"}],"wp:attachment":[{"href":"https:\/\/pdt-rj.org.br\/index.php\/wp-json\/wp\/v2\/media?parent=43850"}],"wp:term":[{"taxonomy":"category","embeddable":true,"href":"https:\/\/pdt-rj.org.br\/index.php\/wp-json\/wp\/v2\/categories?post=43850"},{"taxonomy":"post_tag","embeddable":true,"href":"https:\/\/pdt-rj.org.br\/index.php\/wp-json\/wp\/v2\/tags?post=43850"}],"curies":[{"name":"wp","href":"https:\/\/api.w.org\/{rel}","templated":true}]}}