{"id":43817,"date":"2016-06-20T11:15:06","date_gmt":"2016-06-20T14:15:06","guid":{"rendered":"http:\/\/pdt-rj.org.br\/?p=43817"},"modified":"2016-06-20T11:15:06","modified_gmt":"2016-06-20T14:15:06","slug":"ciro-e-lupi-lembram-brizola-jango-e-getulio-amanha-em-sao-borja","status":"publish","type":"post","link":"https:\/\/pdt-rj.org.br\/index.php\/ciro-e-lupi-lembram-brizola-jango-e-getulio-amanha-em-sao-borja\/","title":{"rendered":"Ciro e Lupi homenageiam Brizola e Get\u00falio hoje em S\u00e3o Borja (RS)"},"content":{"rendered":"<p>O PDT de S\u00e3o Borja, terra de Get\u00falio Vargas e Jo\u00e3o Goulart, \u00a0ser\u00e1 sede de uma peregrina\u00e7\u00e3o de lideran\u00e7as pol\u00edticas nesta ter\u00e7a-feira (21\/6) \u00a0para prestar homenagens ao l\u00edder trabalhista Leonel Brizola, na data que marca a lembran\u00e7a dos 12 anos de seu falecimento. Entre as presen\u00e7as confirmadas est\u00e3o o presidenci\u00e1vel Ciro Gomes, o presidente nacional do PDT, Carlos Lupi; e o deputado federal Afonso Motta, al\u00e9m da deputada estadual, Juliana Brizola.<\/p>\n<p>A programa\u00e7\u00e3o come\u00e7a \u00e0s 10 horas da manh\u00e3 com uma sess\u00e3o solene na C\u00e2mara de Vereadores, onde a vida e a obra pol\u00edtica de Brizola ser\u00e1 lembrada pelos presentes. Em seguida, por volta das \u00a011 horas acontece uma visita ao t\u00famulo de Brizola, no Cemit\u00e9rio Municipal Jardim da Paz; onde ele est\u00e1 ao lado de sua mulher, Neusa, e do ex-presidente Jo\u00e3o Goulart, no jazigo perp\u00e9tuo da fam\u00edlia Goulart.<\/p>\n<p>Ao meio-dia a executiva municipal do PDT realiza sua pr\u00e9-conven\u00e7\u00e3o, no Centro de Tradi\u00e7\u00f5es Ga\u00fachas (CTG) \u2018Tropilha Crioula\u2019, \u00a0pr\u00f3xima as margens do rio Uruguai \u2013 que divide o Brasil do territ\u00f3rio argentino. Ainda hoje \u00a0o partido define os pr\u00e9-candidatos a vereador \u00a0e confirma a candidatura do prefeito Farelo \u00e0 reelei\u00e7\u00e3o.<\/p>\n<p>&nbsp;<\/p>\n<!-- AddThis Advanced Settings generic via filter on the_content --><!-- AddThis Share Buttons generic via filter on the_content -->","protected":false},"excerpt":{"rendered":"<p>O PDT de S\u00e3o Borja, terra de Get\u00falio Vargas e Jo\u00e3o Goulart, \u00a0ser\u00e1 sede de uma peregrina\u00e7\u00e3o de lideran\u00e7as pol\u00edticas nesta ter\u00e7a-feira (21\/6) \u00a0para prestar homenagens ao l\u00edder trabalhista Leonel Brizola, na data que marca a lembran\u00e7a dos 12 anos de seu falecimento. Entre as presen\u00e7as confirmadas est\u00e3o o presidenci\u00e1vel Ciro Gomes, o presidente nacional&#8230;<!-- AddThis Advanced Settings generic via filter on wp_trim_excerpt --><!-- AddThis Share Buttons generic via filter on wp_trim_excerpt --><\/p>\n","protected":false},"author":17,"featured_media":43820,"comment_status":"open","ping_status":"open","sticky":false,"template":"","format":"standard","meta":{"_monsterinsights_skip_tracking":false,"_monsterinsights_sitenote_active":false,"_monsterinsights_sitenote_note":"","_monsterinsights_sitenote_category":0,"_uf_show_specific_survey":0,"_uf_disable_surveys":false,"footnotes":""},"categories":[1402,1401],"tags":[],"class_list":["post-43817","post","type-post","status-publish","format-standard","has-post-thumbnail","hentry","category-cidades","category-nacional"],"acf":[],"_links":{"self":[{"href":"https:\/\/pdt-rj.org.br\/index.php\/wp-json\/wp\/v2\/posts\/43817","targetHints":{"allow":["GET"]}}],"collection":[{"href":"https:\/\/pdt-rj.org.br\/index.php\/wp-json\/wp\/v2\/posts"}],"about":[{"href":"https:\/\/pdt-rj.org.br\/index.php\/wp-json\/wp\/v2\/types\/post"}],"author":[{"embeddable":true,"href":"https:\/\/pdt-rj.org.br\/index.php\/wp-json\/wp\/v2\/users\/17"}],"replies":[{"embeddable":true,"href":"https:\/\/pdt-rj.org.br\/index.php\/wp-json\/wp\/v2\/comments?post=43817"}],"version-history":[{"count":0,"href":"https:\/\/pdt-rj.org.br\/index.php\/wp-json\/wp\/v2\/posts\/43817\/revisions"}],"wp:featuredmedia":[{"embeddable":true,"href":"https:\/\/pdt-rj.org.br\/index.php\/wp-json\/wp\/v2\/media\/43820"}],"wp:attachment":[{"href":"https:\/\/pdt-rj.org.br\/index.php\/wp-json\/wp\/v2\/media?parent=43817"}],"wp:term":[{"taxonomy":"category","embeddable":true,"href":"https:\/\/pdt-rj.org.br\/index.php\/wp-json\/wp\/v2\/categories?post=43817"},{"taxonomy":"post_tag","embeddable":true,"href":"https:\/\/pdt-rj.org.br\/index.php\/wp-json\/wp\/v2\/tags?post=43817"}],"curies":[{"name":"wp","href":"https:\/\/api.w.org\/{rel}","templated":true}]}}