{"id":43799,"date":"2016-06-19T01:16:19","date_gmt":"2016-06-19T04:16:19","guid":{"rendered":"http:\/\/www.malungo2.com.br\/pdt\/desenv\/?p=43799"},"modified":"2016-06-19T01:16:19","modified_gmt":"2016-06-19T04:16:19","slug":"dilma-vai-discutir-eleicoes-com-os-partidos-nesta-terca-216","status":"publish","type":"post","link":"https:\/\/pdt-rj.org.br\/index.php\/dilma-vai-discutir-eleicoes-com-os-partidos-nesta-terca-216\/","title":{"rendered":"Dilma discute momento pol\u00edtico com partidos nesta ter\u00e7a"},"content":{"rendered":"<p>A presidenta Dilma Rousseff deve se reunir na ter\u00e7a-feira (21), no Pal\u00e1cio da Alvorada, com diversas entidades e lideran\u00e7as progressistas para dar encaminhamento ao debate sobre a antecipa\u00e7\u00e3o de elei\u00e7\u00f5es para presidente da Rep\u00fablica (e vice) em 2016. O encontro deve ser no mesmo formato do realizado ontem (14), quando estiveram presentes os senadores Armando Monteiro (PTB-PE), Jorge Viana (PT-AC), Roberto Requi\u00e3o (PMDB-PR) e L\u00eddice da Mata (PSB-BA), que representaram o conjunto chamado \u201cgrupo dos 22\u201d, formado pelos senadores que votaram contra o impeachment.<\/p>\n<p>Participaram da reuni\u00e3o ontem PT, PCdoB, PDT, Central de Movimentos Populares (CMP), as centrais sindicais CUT e CTB, MST (sem-terra), MTST (sem-teto) e UNE (estudantes), al\u00e9m dos ministros afastados Ricardo Berzoini e Jaques Wagner. Movimentos e partidos ter\u00e3o uma semana para debater internamente a proposta de plebiscito e novas elei\u00e7\u00f5es, at\u00e9 a reuni\u00e3o de ter\u00e7a-feira.<\/p>\n<p>Ontem (14\/6) Dilma foi, pela primeira vez, absolutamente clara quanto \u00e0 quest\u00e3o, em entrevista coletiva a ag\u00eancias internacionais. &#8220;Se tiver de ter novas elei\u00e7\u00f5es, eu serei a favor. S\u00f3 tem uma coisa. Eu acredito que n\u00e3o haver\u00e1 democracia se o meu mandato n\u00e3o for restabelecido. Para ter qualquer processo (eleitoral), tem de haver o restabelecimento do meu mandato. A\u00ed se pode consultar a popula\u00e7\u00e3o e ver o que se faz&#8221;, disse.<\/p>\n<!-- AddThis Advanced Settings generic via filter on the_content --><!-- AddThis Share Buttons generic via filter on the_content -->","protected":false},"excerpt":{"rendered":"<p>A presidenta Dilma Rousseff deve se reunir na ter\u00e7a-feira (21), no Pal\u00e1cio da Alvorada, com diversas entidades e lideran\u00e7as progressistas para dar encaminhamento ao debate sobre a antecipa\u00e7\u00e3o de elei\u00e7\u00f5es para presidente da Rep\u00fablica (e vice) em 2016. O encontro deve ser no mesmo formato do realizado ontem (14), quando estiveram presentes os senadores Armando&#8230;<!-- AddThis Advanced Settings generic via filter on wp_trim_excerpt --><!-- AddThis Share Buttons generic via filter on wp_trim_excerpt --><\/p>\n","protected":false},"author":17,"featured_media":43800,"comment_status":"closed","ping_status":"closed","sticky":false,"template":"","format":"standard","meta":{"_monsterinsights_skip_tracking":false,"_monsterinsights_sitenote_active":false,"_monsterinsights_sitenote_note":"","_monsterinsights_sitenote_category":0,"_uf_show_specific_survey":0,"_uf_disable_surveys":false,"footnotes":""},"categories":[976],"tags":[],"class_list":["post-43799","post","type-post","status-publish","format-standard","has-post-thumbnail","hentry","category-noticias-em-destaque"],"acf":[],"_links":{"self":[{"href":"https:\/\/pdt-rj.org.br\/index.php\/wp-json\/wp\/v2\/posts\/43799","targetHints":{"allow":["GET"]}}],"collection":[{"href":"https:\/\/pdt-rj.org.br\/index.php\/wp-json\/wp\/v2\/posts"}],"about":[{"href":"https:\/\/pdt-rj.org.br\/index.php\/wp-json\/wp\/v2\/types\/post"}],"author":[{"embeddable":true,"href":"https:\/\/pdt-rj.org.br\/index.php\/wp-json\/wp\/v2\/users\/17"}],"replies":[{"embeddable":true,"href":"https:\/\/pdt-rj.org.br\/index.php\/wp-json\/wp\/v2\/comments?post=43799"}],"version-history":[{"count":0,"href":"https:\/\/pdt-rj.org.br\/index.php\/wp-json\/wp\/v2\/posts\/43799\/revisions"}],"wp:featuredmedia":[{"embeddable":true,"href":"https:\/\/pdt-rj.org.br\/index.php\/wp-json\/"}],"wp:attachment":[{"href":"https:\/\/pdt-rj.org.br\/index.php\/wp-json\/wp\/v2\/media?parent=43799"}],"wp:term":[{"taxonomy":"category","embeddable":true,"href":"https:\/\/pdt-rj.org.br\/index.php\/wp-json\/wp\/v2\/categories?post=43799"},{"taxonomy":"post_tag","embeddable":true,"href":"https:\/\/pdt-rj.org.br\/index.php\/wp-json\/wp\/v2\/tags?post=43799"}],"curies":[{"name":"wp","href":"https:\/\/api.w.org\/{rel}","templated":true}]}}