{"id":43728,"date":"2016-06-16T12:24:01","date_gmt":"2016-06-16T15:24:01","guid":{"rendered":"http:\/\/pdt-rj.org.br\/?p=43728"},"modified":"2016-06-16T12:24:01","modified_gmt":"2016-06-16T15:24:01","slug":"lupi-fala-hoje-ao-vivo-as-19h-no-jornal-da-gazeta-da-tv-gazeta-de-sao-paulo","status":"publish","type":"post","link":"https:\/\/pdt-rj.org.br\/index.php\/lupi-fala-hoje-ao-vivo-as-19h-no-jornal-da-gazeta-da-tv-gazeta-de-sao-paulo\/","title":{"rendered":"Lupi fala hoje \u00e0s 19h no &#8220;Jornal da Gazeta&#8221;, da TV Gazeta de S\u00e3o Paulo"},"content":{"rendered":"<p>O presidente nacional do PDT, Carlos Lupi, ser\u00e1 o entrevistado de \u00a0hoje (16) do &#8216;Jornal da Gazeta&#8217;, da TV Gazeta, de S\u00e3o Paulo Capital, a partir das 19h. A entrevista ser\u00e1 conduzida pelo jornalista Rodolpho Gamberini e Lupi falar\u00e1\u00a0sobre a atual conjuntura pol\u00edtica do pa\u00eds e a atua\u00e7\u00e3o do PDT no governo do presidente da Rep\u00fablica interino, Michel Temer. \u00a0<\/p>\n<p>A TV Gazeta cobre toda a Grande S\u00e3o Paulo.<\/p>\n<p>&nbsp;<\/p>\n<p>A\u00a0entrevista come\u00e7a entre 19h30 e 19h40 e pode ser acompanhada pela web, atrav\u00e9s do link: <a href=\"http:\/\/www.tvgazeta.com.br\/aovivo\/\">http:\/\/www.tvgazeta.com.br\/aovivo\/<\/a><\/p>\n<p>Ap\u00f3s o t\u00e9rmino do programa, os v\u00eddeos estar\u00e3o disponibilizados nos seguintes canais:<\/p>\n<p><strong>Youtube:<\/strong>\u00a0<a href=\"https:\/\/www.youtube.com\/user\/jornaldagazeta\">https:\/\/www.youtube.com\/user\/jornaldagazeta<\/a><\/p>\n<p><strong>Site:<\/strong>\u00a0<a href=\"http:\/\/www.tvgazeta.com.br\/jornaldagazeta\/\">http:\/\/www.tvgazeta.com.br\/jornaldagazeta\/<\/a><\/p>\n<p>&nbsp;<\/p>\n<!-- AddThis Advanced Settings generic via filter on the_content --><!-- AddThis Share Buttons generic via filter on the_content -->","protected":false},"excerpt":{"rendered":"<p>O presidente nacional do PDT, Carlos Lupi, ser\u00e1 o entrevistado de \u00a0hoje (16) do &#8216;Jornal da Gazeta&#8217;, da TV Gazeta, de S\u00e3o Paulo Capital, a partir das 19h. A entrevista ser\u00e1 conduzida pelo jornalista Rodolpho Gamberini e Lupi falar\u00e1\u00a0sobre a atual conjuntura pol\u00edtica do pa\u00eds e a atua\u00e7\u00e3o do PDT no governo do presidente da&#8230;<!-- AddThis Advanced Settings generic via filter on wp_trim_excerpt --><!-- AddThis Share Buttons generic via filter on wp_trim_excerpt --><\/p>\n","protected":false},"author":17,"featured_media":43729,"comment_status":"open","ping_status":"open","sticky":false,"template":"","format":"standard","meta":{"_monsterinsights_skip_tracking":false,"_monsterinsights_sitenote_active":false,"_monsterinsights_sitenote_note":"","_monsterinsights_sitenote_category":0,"_uf_show_specific_survey":0,"_uf_disable_surveys":false,"footnotes":""},"categories":[1402,1401],"tags":[196,364,928],"class_list":["post-43728","post","type-post","status-publish","format-standard","has-post-thumbnail","hentry","category-cidades","category-nacional","tag-carlos-lupi","tag-entrevista","tag-tv-gazeta"],"acf":[],"_links":{"self":[{"href":"https:\/\/pdt-rj.org.br\/index.php\/wp-json\/wp\/v2\/posts\/43728","targetHints":{"allow":["GET"]}}],"collection":[{"href":"https:\/\/pdt-rj.org.br\/index.php\/wp-json\/wp\/v2\/posts"}],"about":[{"href":"https:\/\/pdt-rj.org.br\/index.php\/wp-json\/wp\/v2\/types\/post"}],"author":[{"embeddable":true,"href":"https:\/\/pdt-rj.org.br\/index.php\/wp-json\/wp\/v2\/users\/17"}],"replies":[{"embeddable":true,"href":"https:\/\/pdt-rj.org.br\/index.php\/wp-json\/wp\/v2\/comments?post=43728"}],"version-history":[{"count":0,"href":"https:\/\/pdt-rj.org.br\/index.php\/wp-json\/wp\/v2\/posts\/43728\/revisions"}],"wp:featuredmedia":[{"embeddable":true,"href":"https:\/\/pdt-rj.org.br\/index.php\/wp-json\/wp\/v2\/media\/43729"}],"wp:attachment":[{"href":"https:\/\/pdt-rj.org.br\/index.php\/wp-json\/wp\/v2\/media?parent=43728"}],"wp:term":[{"taxonomy":"category","embeddable":true,"href":"https:\/\/pdt-rj.org.br\/index.php\/wp-json\/wp\/v2\/categories?post=43728"},{"taxonomy":"post_tag","embeddable":true,"href":"https:\/\/pdt-rj.org.br\/index.php\/wp-json\/wp\/v2\/tags?post=43728"}],"curies":[{"name":"wp","href":"https:\/\/api.w.org\/{rel}","templated":true}]}}