{"id":43703,"date":"2016-06-16T12:30:36","date_gmt":"2016-06-16T15:30:36","guid":{"rendered":"http:\/\/pdt-rj.org.br\/?p=43703"},"modified":"2016-06-16T12:30:36","modified_gmt":"2016-06-16T15:30:36","slug":"lupi-ciro-e-manoel-dias-recebem-titulo-de-cidadao-goianiense-no-dia-24","status":"publish","type":"post","link":"https:\/\/pdt-rj.org.br\/index.php\/lupi-ciro-e-manoel-dias-recebem-titulo-de-cidadao-goianiense-no-dia-24\/","title":{"rendered":"Lupi, Ciro e Manoel Dias recebem dia 24 t\u00edtulo de Cidad\u00e3o Goianiense"},"content":{"rendered":"<p>O presidente Nacional do PDT, Carlos Lupi, o ex-ministro Ciro Gomes (PDT-CE) e o secret\u00e1rio nacional do PDT, Manoel Dias, receber\u00e3o, em sess\u00e3o solene, o t\u00edtulo de Cidad\u00e3o Goianiense. O evento, organizado pelo\u00a0vereador pedetista Paulinho Graus, ser\u00e1 no dia 24 de junho, \u00e0s 15h, na C\u00e2mara Municipal de Goi\u00e2nia &#8211; GO.<\/p>\n<p>No mesmo dia, \u00e0s 19h, ser\u00e1 realizada uma missa em mem\u00f3ria de Leonel Brizola, em virtude dos 12 anos de seu falecimento. A celebra\u00e7\u00e3o Eucar\u00edstica ser\u00e1 na Bas\u00edlica de Nossa Senhora do Perp\u00e9tuo Socorro, tamb\u00e9m em Goi\u00e2nia.<\/p>\n<p>&nbsp;<\/p>\n<p><strong><img loading=\"lazy\" decoding=\"async\" class=\"alignnone size-medium wp-image-43706 alignleft\" src=\"http:\/\/pdt-rj.org.br\/wp-content\/uploads\/2016\/06\/WhatsApp-Image-20160615-289x300.jpg\" alt=\"WhatsApp-Image-20160615\" width=\"289\" height=\"300\" srcset=\"https:\/\/pdt-rj.org.br\/wp-content\/uploads\/2016\/06\/WhatsApp-Image-20160615-289x300.jpg 289w, https:\/\/pdt-rj.org.br\/wp-content\/uploads\/2016\/06\/WhatsApp-Image-20160615-96x100.jpg 96w, https:\/\/pdt-rj.org.br\/wp-content\/uploads\/2016\/06\/WhatsApp-Image-20160615-768x797.jpg 768w, https:\/\/pdt-rj.org.br\/wp-content\/uploads\/2016\/06\/WhatsApp-Image-20160615.jpg 987w, https:\/\/pdt-rj.org.br\/wp-content\/uploads\/2016\/06\/WhatsApp-Image-20160615-87x90.jpg 87w\" sizes=\"auto, (max-width: 289px) 100vw, 289px\" \/>Servi\u00e7o:<\/strong><\/p>\n<p><strong><u>Entrega de t\u00edtulo de Cidad\u00e3o Goianiense a\u00a0Carlos Lupi, Ciro Gomes e Manoel Dias <\/u><\/strong><\/p>\n<p><strong>Data:<\/strong> 24 de junho de 2016<\/p>\n<p><strong>Hor\u00e1rio:<\/strong> 15h<\/p>\n<p><strong>Local:<\/strong> C\u00e2mara Municipal de Goi\u00e2nia Endere\u00e7o: Av. Goi\u00e1s, n\u00ba 2.001, Setor Central, Goi\u00e2nia-GO<\/p>\n<p>&nbsp;<\/p>\n<p>&nbsp;<\/p>\n<p>&nbsp;<\/p>\n<p>&nbsp;<\/p>\n<p>&nbsp;<\/p>\n<p><strong><u><img loading=\"lazy\" decoding=\"async\" class=\"alignnone size-medium wp-image-43705 alignright\" src=\"http:\/\/pdt-rj.org.br\/wp-content\/uploads\/2016\/06\/WhatsApp-Image-20160615-1-300x161.jpg\" alt=\"WhatsApp-Image-20160615 (1)\" width=\"300\" height=\"161\" srcset=\"https:\/\/pdt-rj.org.br\/wp-content\/uploads\/2016\/06\/WhatsApp-Image-20160615-1-300x161.jpg 300w, https:\/\/pdt-rj.org.br\/wp-content\/uploads\/2016\/06\/WhatsApp-Image-20160615-1-100x54.jpg 100w, https:\/\/pdt-rj.org.br\/wp-content\/uploads\/2016\/06\/WhatsApp-Image-20160615-1-167x90.jpg 167w, https:\/\/pdt-rj.org.br\/wp-content\/uploads\/2016\/06\/WhatsApp-Image-20160615-1.jpg 750w\" sizes=\"auto, (max-width: 300px) 100vw, 300px\" \/>Missa de 12 anos de falecimento de Leonel Brizola<\/u><\/strong><\/p>\n<p><strong>Data:<\/strong> 24 de junho de 2016<\/p>\n<p><strong>Hor\u00e1rio:<\/strong> 19h<\/p>\n<p><strong>Local:<\/strong> Bas\u00edlica de Nossa Senhora do Perp\u00e9tuo Socorro \u2013 Pra\u00e7a Santo Afonso, Goi\u00e2nia-GO<\/p>\n<p><strong>Informa\u00e7\u00f5es<\/strong><\/p>\n<p>62 98400 9833\/ 62 9925 7184\/ 62 3294 4149<\/p>\n<!-- AddThis Advanced Settings generic via filter on the_content --><!-- AddThis Share Buttons generic via filter on the_content -->","protected":false},"excerpt":{"rendered":"<p>O presidente Nacional do PDT, Carlos Lupi, o ex-ministro Ciro Gomes (PDT-CE) e o secret\u00e1rio nacional do PDT, Manoel Dias, receber\u00e3o, em sess\u00e3o solene, o t\u00edtulo de Cidad\u00e3o Goianiense. O evento, organizado pelo\u00a0vereador pedetista Paulinho Graus, ser\u00e1 no dia 24 de junho, \u00e0s 15h, na C\u00e2mara Municipal de Goi\u00e2nia &#8211; GO. No mesmo dia, \u00e0s&#8230;<!-- AddThis Advanced Settings generic via filter on wp_trim_excerpt --><!-- AddThis Share Buttons generic via filter on wp_trim_excerpt --><\/p>\n","protected":false},"author":17,"featured_media":43704,"comment_status":"open","ping_status":"open","sticky":false,"template":"","format":"standard","meta":{"_monsterinsights_skip_tracking":false,"_monsterinsights_sitenote_active":false,"_monsterinsights_sitenote_note":"","_monsterinsights_sitenote_category":0,"_uf_show_specific_survey":0,"_uf_disable_surveys":false,"footnotes":""},"categories":[1402,1401],"tags":[196,212,220,565,591,697],"class_list":["post-43703","post","type-post","status-publish","format-standard","has-post-thumbnail","hentry","category-cidades","category-nacional","tag-carlos-lupi","tag-cidadao-goianiense","tag-ciro-gomes","tag-leonel-brizola","tag-manoel-dias","tag-paulinho-graus"],"acf":[],"_links":{"self":[{"href":"https:\/\/pdt-rj.org.br\/index.php\/wp-json\/wp\/v2\/posts\/43703","targetHints":{"allow":["GET"]}}],"collection":[{"href":"https:\/\/pdt-rj.org.br\/index.php\/wp-json\/wp\/v2\/posts"}],"about":[{"href":"https:\/\/pdt-rj.org.br\/index.php\/wp-json\/wp\/v2\/types\/post"}],"author":[{"embeddable":true,"href":"https:\/\/pdt-rj.org.br\/index.php\/wp-json\/wp\/v2\/users\/17"}],"replies":[{"embeddable":true,"href":"https:\/\/pdt-rj.org.br\/index.php\/wp-json\/wp\/v2\/comments?post=43703"}],"version-history":[{"count":0,"href":"https:\/\/pdt-rj.org.br\/index.php\/wp-json\/wp\/v2\/posts\/43703\/revisions"}],"wp:featuredmedia":[{"embeddable":true,"href":"https:\/\/pdt-rj.org.br\/index.php\/wp-json\/wp\/v2\/media\/43704"}],"wp:attachment":[{"href":"https:\/\/pdt-rj.org.br\/index.php\/wp-json\/wp\/v2\/media?parent=43703"}],"wp:term":[{"taxonomy":"category","embeddable":true,"href":"https:\/\/pdt-rj.org.br\/index.php\/wp-json\/wp\/v2\/categories?post=43703"},{"taxonomy":"post_tag","embeddable":true,"href":"https:\/\/pdt-rj.org.br\/index.php\/wp-json\/wp\/v2\/tags?post=43703"}],"curies":[{"name":"wp","href":"https:\/\/api.w.org\/{rel}","templated":true}]}}