{"id":43587,"date":"2016-06-11T18:27:03","date_gmt":"2016-06-11T21:27:03","guid":{"rendered":"http:\/\/www.malungo2.com.br\/pdt\/desenv\/?p=43587"},"modified":"2016-06-11T18:27:03","modified_gmt":"2016-06-11T21:27:03","slug":"dilma-critica-atos-do-governo-de-temer-em-entrevista-para-mariana-godoy-na-rede-tv","status":"publish","type":"post","link":"https:\/\/pdt-rj.org.br\/index.php\/dilma-critica-atos-do-governo-de-temer-em-entrevista-para-mariana-godoy-na-rede-tv\/","title":{"rendered":"Dilma critica atos do governo de Temer em entrevista para Mariana Godoy na Rede TV"},"content":{"rendered":"<p>A jornalista Mariana Godoy entrevistou nesta sexta-feira (10\/6) a presidente afastada Dilma Rousseff e ambas discutiram o atual cen\u00e1rio pol\u00edtico brasileiro e todas as repercuss\u00f5es do processo de impeachment.<\/p>\n<p>Mariana abriu a entrevista falando sobre Eduardo Cunha que tamb\u00e9m est\u00e1 afastado e est\u00e1 sendo julgado pela Comiss\u00e3o de \u00c9tica da C\u00e2mara dos Deputados.<\/p>\n<p>&#8220;Eu n\u00e3o gosto de condenar ningu\u00e9m porque eu n\u00e3o fa\u00e7o papel de juiz, mas que se cumpra rigorosamente a pauta e que as manipula\u00e7\u00f5es parem e sejam interrompidas. E que ele [Cunha] responda na justi\u00e7a pelas contas na Su\u00ed\u00e7a e pelo fato de ele ter negado que ele tinha contas na Su\u00ed\u00e7a.&#8221;, disse Dilma.<\/p>\n<p>Sobre a pol\u00eamica do uso da palavra &#8220;golpe&#8221;, a presidente foi categ\u00f3rica:<\/p>\n<p>&#8220;Dizem que n\u00e3o \u00e9 golpe porque as institui\u00e7\u00f5es est\u00e3o funcionando. H\u00e1 hoje, no mundo, uma outra compreens\u00e3o a respeito dos tipos de golpe existentes. O golpe militar afastava o presidente, mas ao mesmo tempo destru\u00eda o regime democr\u00e1tico, acabava com o direito de imprensa, acabava com a liberdade de opini\u00e3o. O golpe no momento atual usa de outro m\u00e9todo, ele quebra a legalidade, quebra a Constitui\u00e7\u00e3o, e tenta manter o regime democr\u00e1tico (\u2026) Eu irei at\u00e9 as \u00faltimas consequ\u00eancias para defender as institui\u00e7\u00f5es.&#8221;<\/p>\n<p>Dilma disse que est\u00e1 &#8220;tranquila&#8221; e que ir\u00e1 &#8220;lutar para voltar&#8221;. \u00a0Ela tamb\u00e9m criticou\u00a0decis\u00f5es de Temer:<\/p>\n<p>&#8220;N\u00e3o d\u00e1 para acabar com o Minist\u00e9rio de Ci\u00eancia, Tecnologia e Inova\u00e7\u00e3o. O futuro do nosso pa\u00eds depende da ci\u00eancia, da tecnologia e da inova\u00e7\u00e3o&#8221;.<\/p>\n<p>Para Dilma, o processo de impeachment foi um claro desvio de poder e isto est\u00e1 confirmado pela grava\u00e7\u00e3o com o senador Romero Juc\u00e1.<\/p>\n<p>Dilma diz que &#8220;\u00e9 muito importante para a democracia brasileira, antes das novas elei\u00e7\u00f5es, a recomposi\u00e7\u00e3o da normalidade democr\u00e1tica, com o fim do impeachment&#8221;.<\/p>\n<p>&nbsp;<\/p>\n<p>Veja a \u00edntegra da entrevista:<\/p>\n<p><a href=\"http:\/\/tv.uol\/14gHw\">http:\/\/tv.uol\/14gHw<\/a><\/p>\n<!-- AddThis Advanced Settings generic via filter on the_content --><!-- AddThis Share Buttons generic via filter on the_content -->","protected":false},"excerpt":{"rendered":"<p>A jornalista Mariana Godoy entrevistou nesta sexta-feira (10\/6) a presidente afastada Dilma Rousseff e ambas discutiram o atual cen\u00e1rio pol\u00edtico brasileiro e todas as repercuss\u00f5es do processo de impeachment. Mariana abriu a entrevista falando sobre Eduardo Cunha que tamb\u00e9m est\u00e1 afastado e est\u00e1 sendo julgado pela Comiss\u00e3o de \u00c9tica da C\u00e2mara dos Deputados. &#8220;Eu n\u00e3o&#8230;<!-- AddThis Advanced Settings generic via filter on wp_trim_excerpt --><!-- AddThis Share Buttons generic via filter on wp_trim_excerpt --><\/p>\n","protected":false},"author":17,"featured_media":43588,"comment_status":"open","ping_status":"open","sticky":false,"template":"","format":"standard","meta":{"_monsterinsights_skip_tracking":false,"_monsterinsights_sitenote_active":false,"_monsterinsights_sitenote_note":"","_monsterinsights_sitenote_category":0,"_uf_show_specific_survey":0,"_uf_disable_surveys":false,"footnotes":""},"categories":[976],"tags":[],"class_list":["post-43587","post","type-post","status-publish","format-standard","has-post-thumbnail","hentry","category-noticias-em-destaque"],"acf":[],"_links":{"self":[{"href":"https:\/\/pdt-rj.org.br\/index.php\/wp-json\/wp\/v2\/posts\/43587","targetHints":{"allow":["GET"]}}],"collection":[{"href":"https:\/\/pdt-rj.org.br\/index.php\/wp-json\/wp\/v2\/posts"}],"about":[{"href":"https:\/\/pdt-rj.org.br\/index.php\/wp-json\/wp\/v2\/types\/post"}],"author":[{"embeddable":true,"href":"https:\/\/pdt-rj.org.br\/index.php\/wp-json\/wp\/v2\/users\/17"}],"replies":[{"embeddable":true,"href":"https:\/\/pdt-rj.org.br\/index.php\/wp-json\/wp\/v2\/comments?post=43587"}],"version-history":[{"count":0,"href":"https:\/\/pdt-rj.org.br\/index.php\/wp-json\/wp\/v2\/posts\/43587\/revisions"}],"wp:featuredmedia":[{"embeddable":true,"href":"https:\/\/pdt-rj.org.br\/index.php\/wp-json\/"}],"wp:attachment":[{"href":"https:\/\/pdt-rj.org.br\/index.php\/wp-json\/wp\/v2\/media?parent=43587"}],"wp:term":[{"taxonomy":"category","embeddable":true,"href":"https:\/\/pdt-rj.org.br\/index.php\/wp-json\/wp\/v2\/categories?post=43587"},{"taxonomy":"post_tag","embeddable":true,"href":"https:\/\/pdt-rj.org.br\/index.php\/wp-json\/wp\/v2\/tags?post=43587"}],"curies":[{"name":"wp","href":"https:\/\/api.w.org\/{rel}","templated":true}]}}