{"id":43579,"date":"2016-06-11T18:00:00","date_gmt":"2016-06-11T21:00:00","guid":{"rendered":"http:\/\/www.malungo2.com.br\/pdt\/desenv\/?p=43579"},"modified":"2016-06-11T18:00:00","modified_gmt":"2016-06-11T21:00:00","slug":"manifestantes-protestam-em-todo-o-pais-contra-governo-temer","status":"publish","type":"post","link":"https:\/\/pdt-rj.org.br\/index.php\/manifestantes-protestam-em-todo-o-pais-contra-governo-temer\/","title":{"rendered":"Brasil vai \u00e0s ruas contra Michel Temer e m\u00eddia esconde o fato"},"content":{"rendered":"<p>A primeira manifesta\u00e7\u00e3o de car\u00e1ter nacional contra o governo do presidente em exerc\u00edcio Michel Temer foi realizada nesta sexta-feira (10\/6) em pelo menos 24 Estados e no Distrito Federal por dezenas de organiza\u00e7\u00f5es ligadas aos movimentos sociais, insatisfeitos com as primeiras medidas do vice-presidente Michel Temer e seu governo interino. As principais bandeiras dos protestos foram \u00a0&#8220;Fora Temer&#8221;, &#8220;N\u00e3o ao golpe&#8221; e &#8220;Nenhum Direito a menos&#8221; e a maior de todas as manifesta\u00e7\u00f5es, todas elas ignoradas e escondidas da opini\u00e3o p\u00fablica pela m\u00eddia, foi a que aconteceu na Avenida Paulista, em S\u00e3o Paulo, como registra a foto a\u00e9rea de Igor Aronovich.<\/p>\n<p>Refugiado em gabinetes, o presidente interino at\u00e9 agora\u00a0ainda n\u00e3o teve nenhuma agenda p\u00fablica, temendo riscos de vaias e escrachos;\u00a0durante esse tempo, ele j\u00e1 desistiu de ir ao enterro de Cauby Peixoto, de\u00a0inaugurar o VLT do Rio e de ir ao Nordeste. Al\u00e9m disso, fechou a rua da \u00a0casa onde mora em S\u00e3o Paulo. Enquanto isso, protestos contra o peemedebista se multiplicaram\u00a0no pa\u00eds, chegando ao \u00e1pice nesta sexta-feira \u00a0quando manifesta\u00e7\u00f5es pedindo &#8220;Fora Temer&#8221;\u00a0ocorreram em 24 Estados e no Distrito Federal, como registrou o blog 247 e uns poucos ve\u00edculos de comunica\u00e7\u00e3o.<\/p>\n<p>Em S\u00e3o Paulo, \u00a0o discurso feito pelo ex-presidente Luiz In\u00e1cio Lula da Silva foi o ponto alto da manifesta\u00e7\u00e3o onde cerca de 100 mil pessoas, segundo os organizadores do ato, se concentraram ao longo de no m\u00ednimo quatro quarteir\u00f5es fechados nos dois sentidos e tomados pelos manifestantes. Criminosamente os principais ve\u00edculos de comunica\u00e7\u00e3o do pa\u00eds, deixando a claro o seu parcialismo ao n\u00e3o informar corretamente a popula\u00e7\u00e3o, ignoraram as manifesta\u00e7\u00f5es contr\u00e1rias ao governo que apoiam.<\/p>\n<p>Na Avenida Paulista, Lula iniciou seu discurso fazendo cr\u00edticas \u00e0 extin\u00e7\u00e3o dos minist\u00e9rios no governo interino de Temer. &#8220;Se a solu\u00e7\u00e3o desse pa\u00eds fosse diminuir minist\u00e9rio, era melhor tirar o da Fazenda e o do Planejamento e deixar o dos pobres, o que cuida das pessoas&#8221;, disse o ex-presidente, emendando ataques ao atual ministro das Rela\u00e7\u00f5es Exteriores, senador Jos\u00e9 Serra (PSDB-SP). Com Serra, disse Lula, o Brasil voltou a sofrer do &#8220;complexo de vira-lata&#8221;. &#8220;A gente voltou a ser servi\u00e7al&#8221;, afirmou o petista.<\/p>\n<p>Lula classificou o afastamento da presidente Dilma Rousseff como um ato de &#8220;desfa\u00e7atez&#8221; do Congresso Nacional. &#8220;Deram um golpe na Dilma, mas s\u00f3 o povo que a elegeu \u00e9 quem tinha o direito de tir\u00e1-la, e n\u00e3o os deputados&#8221;.<\/p>\n<p>Veja a \u00edntegra do discurso de Lula:<\/p>\n<p>https:\/\/youtu.be\/uBnFglJMFoE<\/p>\n<p>\u00a0Al\u00e9m dos movimentos sociais, participaram tamb\u00e9m representantes dos estudantes e da classe art\u00edstica. As mensagens em faixas e cartazes pediam o retorno da presidente afastada Dilma Rousseff, a sa\u00edda de Temer e tamb\u00e9m do presidente afastado da C\u00e2mara, Eduardo Cunha (PMDB-RJ).<\/p>\n<p>J\u00e1 sobre a proposta de consulta popular para convocar novas elei\u00e7\u00f5es caso o Senado n\u00e3o aprove o impeachment de Dilma, o coordenador do Movimento dos Trabalhadores Sem Teto (MTST), Guilherme Boulos, afirmou que o coletivo n\u00e3o fechou quest\u00e3o sobre o tema.<\/p>\n<p><img loading=\"lazy\" decoding=\"async\" class=\"wp-image-43580 alignright\" src=\"http:\/\/www.malungo2.com.br\/pdt\/desenv\/wp-content\/uploads\/2016\/06\/foratemer3boa-300x195.jpg\" alt=\"foratemer3boa\" width=\"428\" height=\"278\" \/>\u201cO MTST est\u00e1 discutindo isso internamente. Ainda n\u00e3o tomamos decis\u00e3o\u201d, disse.<\/p>\n<p>Para Boulos, o governo atual representa um retrocesso no pa\u00eds.<\/p>\n<p>\u201c\u00c9 preciso entender a gravidade do momento que estamos vivendo. Est\u00e1 em curso no pa\u00eds um duplo golpe. H\u00e1 um golpe por existir um presidente que n\u00e3o foi eleito por ningu\u00e9m, que foi eleito por uma forma indireta, por um Parlamento desacreditado na sociedade, mas tamb\u00e9m \u00e9 um golpe contra os direitos sociais. Est\u00e3o querendo aplicar um programa que tamb\u00e9m n\u00e3o foi eleito por ningu\u00e9m e que \u00e9 um programa de retrocessos\u201d, destacou.<\/p>\n<p>POSI\u00c7\u00c3O DA CUT<\/p>\n<p>O presidente nacional da CUT, Vagner Freitas, em coletiva no local da manifesta\u00e7\u00e3o pouco antes do seu in\u00edcio, frisou:<\/p>\n<p>\u201cO mais importante para os movimentos sociais aqui \u00e9 impedir o impeachment, impedir o golpe\u201d.<\/p>\n<p>Acrescentou que pode haver greve geral caso reforma seja aprovada. \u201cSe passar a pauta conservadora e a reforma da Previd\u00eancia e trabalhista, vamos organizar a maior greve geral que esse Pa\u00eds j\u00e1 viu\u201d, ressaltou Freitas.<\/p>\n<p>\u201cEsse desgoverno, em um m\u00eas, causou mais transtorno para a classe trabalhadora do que pod\u00edamos imaginar. N\u00e3o aceitaremos nenhuma mudan\u00e7a na Previd\u00eancia que n\u00e3o seja discutida no foro dos trabalhadores e que apresente retirada de direitos. N\u00e3o aceitamos idade m\u00ednima, n\u00e3o aceitamos igualar homens e mulheres e n\u00e3o aceitamos a ideia de acabar com o Minist\u00e9rio da Previd\u00eancia\u201d, concluiu.<\/p>\n<figure id=\"attachment_43582\" aria-describedby=\"caption-attachment-43582\" style=\"width: 405px\" class=\"wp-caption alignleft\"><img loading=\"lazy\" decoding=\"async\" class=\"wp-image-43582\" src=\"http:\/\/www.malungo2.com.br\/pdt\/desenv\/wp-content\/uploads\/2016\/06\/foratemer2-300x200.jpg\" alt=\"SAO PAULO 10-06-2016  ATO FORA TEMER  MICHEL TEMER NACIONAL Manifestantes ligados \u00e0 diversos movimentos sociais, culturais e centrais sindicais participam do ato 'Fora Temer, N\u00e3o ao Golpe, Nenhum Direito a Menos!', na Avenida Paulista, centro de S\u00e3o Paulo, nesta sexta-feira. O protesto faz parte da mobiliza\u00e7\u00e3o nacional contra o presidente em exerc\u00edcio, Michel Temer (PMDB). FOTO DANIEL TEIXEIRA \/ ESTADAO\" width=\"405\" height=\"270\" \/><figcaption id=\"caption-attachment-43582\" class=\"wp-caption-text\"><strong>Milhares de pessoas participaram do ato na Paulista<\/strong><\/figcaption><\/figure>\n<p>A presidente da UNE, Carina Vital, afirmou por sua vez no ato em S\u00e3o Paulo:\u00a0<\/p>\n<p>\u201cA manifesta\u00e7\u00e3o teve como mote o Fora Temer porque entendemos que este \u00e9 um governo ileg\u00edtimo. N\u00e3o o reconhecemos principalmente porque ele \u00e9 um governo de ataque aos movimentos sociais e ataque aos direitos sociais, al\u00e9m da criminaliza\u00e7\u00e3o dos movimentos sociais e a favor da repress\u00e3o\u201d.<\/p>\n<p>No Rio de Janeiro, os manifestantes fizeram uma marcha que saiu da Candel\u00e1ria, no centro, e terminou nas escadarias da C\u00e2mara Municipal, com discursos e com milhares de pessoas presentes cantando uma adapta\u00e7\u00e3o de m\u00fasica que tinha por refr\u00e3o principal \u201cFora Temer\u201d.<\/p>\n<p>No Sul, o frio de 9\u00ba C n\u00e3o impediu que cerca de mil manifestantes, segundo a Brigada Militar, protestassem contra o governo interino no centro de Porto Alegre. No Nordeste, o ex-ministro de Dilma Jaques Wagner (Casa Civil) e o ex-presidente da Petrobr\u00e1s Jos\u00e9 S\u00e9rgio Gabrielli participaram do ato que terminou na pra\u00e7a Castro Alves, em Salvador.<\/p>\n<p>Em Teresina, os manifestantes se misturaram \u00e0s pessoas que acompanhavam a tocha ol\u00edmpica, tentando apag\u00e1-la, sob o grito de \u201cFora Temer\u201d e \u201cPor novas elei\u00e7\u00f5es\u201d.<\/p>\n<p>Manifestantes realizaram atos contra o presidente em exerc\u00edcio Michel Temer em 24 estados e no Distrito Federal ao longo desta sexta-feira (10). Atos ocorreram em Alagoas, Amap\u00e1, Amazonas, Bahia, Cear\u00e1, Esp\u00edrito Santo, Goi\u00e1s, Mato Grosso, Mato Grosso do Sul, Minas Gerais, Par\u00e1, Para\u00edba, Paran\u00e1, Pernambuco, Piau\u00ed, Rio de Janeiro, Rio Grande do Norte, Rio Grande do Sul, Rond\u00f4nia, Roraima, Santa Catarina, S\u00e3o Paulo, Sergipe, Tocantins e no Distrito Federal.<\/p>\n<figure id=\"attachment_43626\" aria-describedby=\"caption-attachment-43626\" style=\"width: 328px\" class=\"wp-caption alignright\"><img loading=\"lazy\" decoding=\"async\" class=\"wp-image-43626\" src=\"http:\/\/www.malungo2.com.br\/pdt\/desenv\/wp-content\/uploads\/2016\/06\/splula-300x147.jpg\" alt=\"splula\" width=\"328\" height=\"161\" \/><figcaption id=\"caption-attachment-43626\" class=\"wp-caption-text\"><em><strong>Palanque principal da Avenida Paulista, visto de cima.<\/strong><\/em><\/figcaption><\/figure>\n<p>Em Palmas, no Tocantins, protesto em frente \u00e0 sede da TV Anhanguera deixou tr\u00eas feridos. Em Fortaleza, no Cear\u00e1, manifestantes entraram na recep\u00e7\u00e3o da TV Verdes Mares, afiliada da Globo, e gritaram palavras de ordem contra a emissora.<\/p>\n<!-- AddThis Advanced Settings generic via filter on the_content --><!-- AddThis Share Buttons generic via filter on the_content -->","protected":false},"excerpt":{"rendered":"<p>A primeira manifesta\u00e7\u00e3o de car\u00e1ter nacional contra o governo do presidente em exerc\u00edcio Michel Temer foi realizada nesta sexta-feira (10\/6) em pelo menos 24 Estados e no Distrito Federal por dezenas de organiza\u00e7\u00f5es ligadas aos movimentos sociais, insatisfeitos com as primeiras medidas do vice-presidente Michel Temer e seu governo interino. As principais bandeiras dos protestos&#8230;<!-- AddThis Advanced Settings generic via filter on wp_trim_excerpt --><!-- AddThis Share Buttons generic via filter on wp_trim_excerpt --><\/p>\n","protected":false},"author":17,"featured_media":43580,"comment_status":"open","ping_status":"open","sticky":false,"template":"","format":"standard","meta":{"_monsterinsights_skip_tracking":false,"_monsterinsights_sitenote_active":false,"_monsterinsights_sitenote_note":"","_monsterinsights_sitenote_category":0,"_uf_show_specific_survey":0,"_uf_disable_surveys":false,"footnotes":""},"categories":[976],"tags":[],"class_list":["post-43579","post","type-post","status-publish","format-standard","has-post-thumbnail","hentry","category-noticias-em-destaque"],"acf":[],"_links":{"self":[{"href":"https:\/\/pdt-rj.org.br\/index.php\/wp-json\/wp\/v2\/posts\/43579","targetHints":{"allow":["GET"]}}],"collection":[{"href":"https:\/\/pdt-rj.org.br\/index.php\/wp-json\/wp\/v2\/posts"}],"about":[{"href":"https:\/\/pdt-rj.org.br\/index.php\/wp-json\/wp\/v2\/types\/post"}],"author":[{"embeddable":true,"href":"https:\/\/pdt-rj.org.br\/index.php\/wp-json\/wp\/v2\/users\/17"}],"replies":[{"embeddable":true,"href":"https:\/\/pdt-rj.org.br\/index.php\/wp-json\/wp\/v2\/comments?post=43579"}],"version-history":[{"count":0,"href":"https:\/\/pdt-rj.org.br\/index.php\/wp-json\/wp\/v2\/posts\/43579\/revisions"}],"wp:featuredmedia":[{"embeddable":true,"href":"https:\/\/pdt-rj.org.br\/index.php\/wp-json\/"}],"wp:attachment":[{"href":"https:\/\/pdt-rj.org.br\/index.php\/wp-json\/wp\/v2\/media?parent=43579"}],"wp:term":[{"taxonomy":"category","embeddable":true,"href":"https:\/\/pdt-rj.org.br\/index.php\/wp-json\/wp\/v2\/categories?post=43579"},{"taxonomy":"post_tag","embeddable":true,"href":"https:\/\/pdt-rj.org.br\/index.php\/wp-json\/wp\/v2\/tags?post=43579"}],"curies":[{"name":"wp","href":"https:\/\/api.w.org\/{rel}","templated":true}]}}