{"id":43543,"date":"2016-06-10T06:34:07","date_gmt":"2016-06-10T09:34:07","guid":{"rendered":"http:\/\/www.malungo2.com.br\/pdt\/desenv\/?p=43543"},"modified":"2016-06-10T06:34:07","modified_gmt":"2016-06-10T09:34:07","slug":"mariana-godoy-entrevista-dilma-hoje-na-rede-tv-as-22h45m","status":"publish","type":"post","link":"https:\/\/pdt-rj.org.br\/index.php\/mariana-godoy-entrevista-dilma-hoje-na-rede-tv-as-22h45m\/","title":{"rendered":"Mariana Godoy entrevista Dilma hoje na Rede TV \u00e0s 22h45m"},"content":{"rendered":"<p>A jornalista Mariana Godoy, da Rede TV, entrevista nesta sexta-feira a presidente Dilma Rousseff em seu programa, a partir das 22 horas. \u00a0Embora o programa seja ao vivo, Mariana abriu exce\u00e7\u00e3o para Dilma, que gravou a entrevista na \u00faltima quarta-feira, em Bras\u00edlia.<\/p>\n<p>Vale lembrar que Dilma j\u00e1 havia desmarcado uma entrevista com a rep\u00f3rter em julho do ano passado, cumprindo, agora, sua promessa de participar do programa de Godoy. Dilma Rousseff e Mariana Godoy: entrevista ir\u00e1 ao ar nesta sexta (10), na RedeTV, \u00e0s 22h45m.<\/p>\n<p>Na semana passada o entrevistado foi o ex-ministro e ex-governador Ciro Gomes, pr\u00e9-candidato do PDT \u00e0 presid\u00eancia da Rep\u00fablica<\/p>\n<p>http:\/\/www.redetv.uol.com.br\/jornalismo\/marianagodoyentrevista\/<\/p>\n<p>&nbsp;<\/p>\n<!-- AddThis Advanced Settings generic via filter on the_content --><!-- AddThis Share Buttons generic via filter on the_content -->","protected":false},"excerpt":{"rendered":"<p>A jornalista Mariana Godoy, da Rede TV, entrevista nesta sexta-feira a presidente Dilma Rousseff em seu programa, a partir das 22 horas. \u00a0Embora o programa seja ao vivo, Mariana abriu exce\u00e7\u00e3o para Dilma, que gravou a entrevista na \u00faltima quarta-feira, em Bras\u00edlia. Vale lembrar que Dilma j\u00e1 havia desmarcado uma entrevista com a rep\u00f3rter em&#8230;<!-- AddThis Advanced Settings generic via filter on wp_trim_excerpt --><!-- AddThis Share Buttons generic via filter on wp_trim_excerpt --><\/p>\n","protected":false},"author":17,"featured_media":43544,"comment_status":"open","ping_status":"open","sticky":false,"template":"","format":"standard","meta":{"_monsterinsights_skip_tracking":false,"_monsterinsights_sitenote_active":false,"_monsterinsights_sitenote_note":"","_monsterinsights_sitenote_category":0,"_uf_show_specific_survey":0,"_uf_disable_surveys":false,"footnotes":""},"categories":[976],"tags":[],"class_list":["post-43543","post","type-post","status-publish","format-standard","has-post-thumbnail","hentry","category-noticias-em-destaque"],"acf":[],"_links":{"self":[{"href":"https:\/\/pdt-rj.org.br\/index.php\/wp-json\/wp\/v2\/posts\/43543","targetHints":{"allow":["GET"]}}],"collection":[{"href":"https:\/\/pdt-rj.org.br\/index.php\/wp-json\/wp\/v2\/posts"}],"about":[{"href":"https:\/\/pdt-rj.org.br\/index.php\/wp-json\/wp\/v2\/types\/post"}],"author":[{"embeddable":true,"href":"https:\/\/pdt-rj.org.br\/index.php\/wp-json\/wp\/v2\/users\/17"}],"replies":[{"embeddable":true,"href":"https:\/\/pdt-rj.org.br\/index.php\/wp-json\/wp\/v2\/comments?post=43543"}],"version-history":[{"count":0,"href":"https:\/\/pdt-rj.org.br\/index.php\/wp-json\/wp\/v2\/posts\/43543\/revisions"}],"wp:featuredmedia":[{"embeddable":true,"href":"https:\/\/pdt-rj.org.br\/index.php\/wp-json\/"}],"wp:attachment":[{"href":"https:\/\/pdt-rj.org.br\/index.php\/wp-json\/wp\/v2\/media?parent=43543"}],"wp:term":[{"taxonomy":"category","embeddable":true,"href":"https:\/\/pdt-rj.org.br\/index.php\/wp-json\/wp\/v2\/categories?post=43543"},{"taxonomy":"post_tag","embeddable":true,"href":"https:\/\/pdt-rj.org.br\/index.php\/wp-json\/wp\/v2\/tags?post=43543"}],"curies":[{"name":"wp","href":"https:\/\/api.w.org\/{rel}","templated":true}]}}