{"id":43522,"date":"2016-06-09T21:04:31","date_gmt":"2016-06-10T00:04:31","guid":{"rendered":"http:\/\/www.malungo2.com.br\/pdt\/desenv\/?p=43522"},"modified":"2016-06-09T21:04:31","modified_gmt":"2016-06-10T00:04:31","slug":"dilma-sera-a-entrevistada-de-hoje-da-tv-brasil-as-22-horas","status":"publish","type":"post","link":"https:\/\/pdt-rj.org.br\/index.php\/dilma-sera-a-entrevistada-de-hoje-da-tv-brasil-as-22-horas\/","title":{"rendered":"Dilma ser\u00e1 a entrevistada de hoje (9\/6), \u00e0s 22 horas,  da TV Brasil"},"content":{"rendered":"<p>A TV Brasil, em parceria com a Rede Minas, apresenta nesta quinta-feira (9) \u00e0s 22 horas, entrevista gravada com a presidenta afastada, Dilma Rousseff, feita pelo jornalista Luis Nassif.\u00a0A entrevista faz parte do esfor\u00e7o da Empresa Brasil de Comunica\u00e7\u00e3o (EBC)\u00a0 para produzir um jornalismo com \u00a0pluralidade de pontos de vista.<\/p>\n<p>Com esse objetivo, a EBC encaminhou solicita\u00e7\u00e3o de entrevistas, no mesmo formato, ao presidente da Rep\u00fablica interino, Michel Temer, ao presidente do Senado, Renan Calheiros, e ao presidente do Supremo Tribunal Federal (STF), ministro Ricardo Lewandowski.<\/p>\n<p>Amanh\u00e3, \u00a0sexta (10\/6), Dilma dar\u00e1 entrevista \u00e0 apresentadora Mariana Godoy, da Rede TV, como convidada especial.\u00a0Ao contr\u00e1rio do que acontece com a maioria dos convidados, a entrevista de Dilma foi gravada na manh\u00e3 da \u00faltima quarta-feira (8).<\/p>\n<p>Gravado no Pal\u00e1cio da Alvorada, o\u00a0&#8220;Mariana Godoy\u00a0Entrevista&#8221; (RedeTV!) vai ao ar nesta sexta-feira \u00e0s 22h45.<\/p>\n<p>&nbsp;<\/p>\n<p>Veja a \u00edntegra da entrevista \u00e0 TV Brasil<\/p>\n<p><iframe loading=\"lazy\" title=\"Entrevista especial com Dilma Rousseff para TV Brasil (\u00edntegra)\" width=\"640\" height=\"360\" src=\"https:\/\/www.youtube.com\/embed\/HCB74ydQKEg?feature=oembed\" frameborder=\"0\" allow=\"accelerometer; autoplay; clipboard-write; encrypted-media; gyroscope; picture-in-picture; web-share\" referrerpolicy=\"strict-origin-when-cross-origin\" allowfullscreen><\/iframe><\/p>\n<div>\u00a0<\/div>\n<p>&nbsp;<\/p>\n<p>&nbsp;<\/p>\n<p>&nbsp;<\/p>\n<!-- AddThis Advanced Settings generic via filter on the_content --><!-- AddThis Share Buttons generic via filter on the_content -->","protected":false},"excerpt":{"rendered":"<p>A TV Brasil, em parceria com a Rede Minas, apresenta nesta quinta-feira (9) \u00e0s 22 horas, entrevista gravada com a presidenta afastada, Dilma Rousseff, feita pelo jornalista Luis Nassif.\u00a0A entrevista faz parte do esfor\u00e7o da Empresa Brasil de Comunica\u00e7\u00e3o (EBC)\u00a0 para produzir um jornalismo com \u00a0pluralidade de pontos de vista. Com esse objetivo, a EBC&#8230;<!-- AddThis Advanced Settings generic via filter on wp_trim_excerpt --><!-- AddThis Share Buttons generic via filter on wp_trim_excerpt --><\/p>\n","protected":false},"author":17,"featured_media":43523,"comment_status":"open","ping_status":"open","sticky":false,"template":"","format":"standard","meta":{"_monsterinsights_skip_tracking":false,"_monsterinsights_sitenote_active":false,"_monsterinsights_sitenote_note":"","_monsterinsights_sitenote_category":0,"_uf_show_specific_survey":0,"_uf_disable_surveys":false,"footnotes":""},"categories":[976],"tags":[],"class_list":["post-43522","post","type-post","status-publish","format-standard","has-post-thumbnail","hentry","category-noticias-em-destaque"],"acf":[],"_links":{"self":[{"href":"https:\/\/pdt-rj.org.br\/index.php\/wp-json\/wp\/v2\/posts\/43522","targetHints":{"allow":["GET"]}}],"collection":[{"href":"https:\/\/pdt-rj.org.br\/index.php\/wp-json\/wp\/v2\/posts"}],"about":[{"href":"https:\/\/pdt-rj.org.br\/index.php\/wp-json\/wp\/v2\/types\/post"}],"author":[{"embeddable":true,"href":"https:\/\/pdt-rj.org.br\/index.php\/wp-json\/wp\/v2\/users\/17"}],"replies":[{"embeddable":true,"href":"https:\/\/pdt-rj.org.br\/index.php\/wp-json\/wp\/v2\/comments?post=43522"}],"version-history":[{"count":0,"href":"https:\/\/pdt-rj.org.br\/index.php\/wp-json\/wp\/v2\/posts\/43522\/revisions"}],"wp:featuredmedia":[{"embeddable":true,"href":"https:\/\/pdt-rj.org.br\/index.php\/wp-json\/"}],"wp:attachment":[{"href":"https:\/\/pdt-rj.org.br\/index.php\/wp-json\/wp\/v2\/media?parent=43522"}],"wp:term":[{"taxonomy":"category","embeddable":true,"href":"https:\/\/pdt-rj.org.br\/index.php\/wp-json\/wp\/v2\/categories?post=43522"},{"taxonomy":"post_tag","embeddable":true,"href":"https:\/\/pdt-rj.org.br\/index.php\/wp-json\/wp\/v2\/tags?post=43522"}],"curies":[{"name":"wp","href":"https:\/\/api.w.org\/{rel}","templated":true}]}}