{"id":43436,"date":"2016-06-08T07:34:55","date_gmt":"2016-06-08T10:34:55","guid":{"rendered":"http:\/\/www.malungo2.com.br\/pdt\/desenv\/?p=43436"},"modified":"2016-06-08T07:34:55","modified_gmt":"2016-06-08T10:34:55","slug":"dilma-o-povo-esta-apoiando-minha-volta-a-presidencia","status":"publish","type":"post","link":"https:\/\/pdt-rj.org.br\/index.php\/dilma-o-povo-esta-apoiando-minha-volta-a-presidencia\/","title":{"rendered":"Dilma: &#8216;O povo est\u00e1 apoiando a minha volta \u00e0 presid\u00eancia&#8217;"},"content":{"rendered":"<p>\u00a0A presidente Dilma Rousseff disse nesta ter\u00e7a-feira (7\/6)\u00a0 que o povo brasileiro est\u00e1 cada vez mais apoiando sua volta \u00e0 Presid\u00eancia. Em ato no Alvorada com cerca de 50 historiadores contra o &#8220;golpe&#8221;, Dilma tamb\u00e9m afirmou que a principal briga para voltar ao Planalto n\u00e3o ser\u00e1 no Senado, que deve definir seu impeachment em agosto, mas em &#8220;cora\u00e7\u00f5es e mentes&#8221;.<\/p>\n<p>\u2014 Eu queria dizer que, numa situa\u00e7\u00e3o muito adversa que \u00e9 essa do impeachment, uma coisa enche, eu acho, de alegria todos os nossos cora\u00e7\u00f5es. A imensa solidariedade do povo brasileiro e a lucidez do povo brasileiro, que por sua conta est\u00e1 invertendo o jogo, por sua conta e risco. Ningu\u00e9m foi l\u00e1 dizer: &#8220;Muda o pensamento&#8221; \u2014 disse Dilma em sua resid\u00eancia oficial.<\/p>\n<p>Dilma Rousseff, que afirmou que o povo brasileiro est\u00e1 ficando mais &#8220;consciente&#8221;, falou em derrotar vis\u00f5es em &#8220;cora\u00e7\u00f5es e mentes&#8221;. Ela declarou que seria ing\u00eanuo acreditar que a principal batalha seja derrotar o impeachment no Senado.<\/p>\n<p>Voltando a atacar a gest\u00e3o de Michel Temer, Dilma disse que est\u00e1 sendo v\u00edtima em v\u00e1rias frentes: perdendo o direito a se defender, se locomover, e at\u00e9 citou a demiss\u00e3o do gar\u00e7om que lhe atendia no Planalto, Jos\u00e9 Catal\u00e3o. Na \u00faltima sexta-feira, um parecer da Casa Civil limitou viagens e assessores de Dilma.<\/p>\n<p>Associando o impeachment ao golpe militar, ela criticou a pol\u00edtica externa &#8220;paleol\u00edtica&#8221; do governo interino, dizendo que o Brasil &#8220;fala grosso com Bol\u00edvia, mas fala fino com os Estados Unidos&#8221;, e que as grava\u00e7\u00f5es feitas pelo ex-presidente da Transpetro S\u00e9rgio Machado demonstram que a raz\u00e3o de seu impeachment \u00e9 frear investiga\u00e7\u00f5es.<\/p>\n<p>Em entrevista ao jornal americano \u201cThe New York Times\u201d, Dilma classificou seus opositores como &#8220;parasitas&#8221;, afirmou ter esperan\u00e7a em sua volta ao comando do Brasil e disse que nunca imaginou que fosse ver um governo t\u00e3o conservador como o de Michel Temer.<\/p>\n<p>A presidente afastada, destaca a reportagem do &#8220;Times&#8221;, espera que os recentes epis\u00f3dios que marcaram o in\u00edcio do governo de Temer, incluindo a sa\u00edda de dois ministros, possam fazer os senadores mudarem de ideia sobre o voto para afast\u00e1-la definitivamente.<\/p>\n<p>Procurada, Dilma tamb\u00e9m deu importante entrevista para a TV Al Jazeera, de quase meia hora, com apresenta\u00e7\u00e3o em ingl\u00eas, onde falou &#8211; entre outras coisas &#8211; que as pesquisas de opini\u00e3o pararam de ser divulgadas no Brasil porque, progressivamente, est\u00e1 aumentando o apoio da popula\u00e7\u00e3o a favor dela e contra o governo de Temer.<\/p>\n<p>Veja a \u00edntegra da entrevista:<\/p>\n<p><iframe loading=\"lazy\" title=\"Dilma Rousseff: No Brasil pararam de fazer pesquisas\" src=\"https:\/\/player.vimeo.com\/video\/169712017?dnt=1&amp;app_id=122963\" width=\"640\" height=\"360\" frameborder=\"0\" allow=\"autoplay; fullscreen; picture-in-picture; clipboard-write; encrypted-media\"><\/iframe><\/p>\n<!-- AddThis Advanced Settings generic via filter on the_content --><!-- AddThis Share Buttons generic via filter on the_content -->","protected":false},"excerpt":{"rendered":"<p>\u00a0A presidente Dilma Rousseff disse nesta ter\u00e7a-feira (7\/6)\u00a0 que o povo brasileiro est\u00e1 cada vez mais apoiando sua volta \u00e0 Presid\u00eancia. Em ato no Alvorada com cerca de 50 historiadores contra o &#8220;golpe&#8221;, Dilma tamb\u00e9m afirmou que a principal briga para voltar ao Planalto n\u00e3o ser\u00e1 no Senado, que deve definir seu impeachment em agosto,&#8230;<!-- AddThis Advanced Settings generic via filter on wp_trim_excerpt --><!-- AddThis Share Buttons generic via filter on wp_trim_excerpt --><\/p>\n","protected":false},"author":17,"featured_media":43437,"comment_status":"open","ping_status":"open","sticky":false,"template":"","format":"standard","meta":{"_monsterinsights_skip_tracking":false,"_monsterinsights_sitenote_active":false,"_monsterinsights_sitenote_note":"","_monsterinsights_sitenote_category":0,"_uf_show_specific_survey":0,"_uf_disable_surveys":false,"footnotes":""},"categories":[976],"tags":[],"class_list":["post-43436","post","type-post","status-publish","format-standard","has-post-thumbnail","hentry","category-noticias-em-destaque"],"acf":[],"_links":{"self":[{"href":"https:\/\/pdt-rj.org.br\/index.php\/wp-json\/wp\/v2\/posts\/43436","targetHints":{"allow":["GET"]}}],"collection":[{"href":"https:\/\/pdt-rj.org.br\/index.php\/wp-json\/wp\/v2\/posts"}],"about":[{"href":"https:\/\/pdt-rj.org.br\/index.php\/wp-json\/wp\/v2\/types\/post"}],"author":[{"embeddable":true,"href":"https:\/\/pdt-rj.org.br\/index.php\/wp-json\/wp\/v2\/users\/17"}],"replies":[{"embeddable":true,"href":"https:\/\/pdt-rj.org.br\/index.php\/wp-json\/wp\/v2\/comments?post=43436"}],"version-history":[{"count":0,"href":"https:\/\/pdt-rj.org.br\/index.php\/wp-json\/wp\/v2\/posts\/43436\/revisions"}],"wp:featuredmedia":[{"embeddable":true,"href":"https:\/\/pdt-rj.org.br\/index.php\/wp-json\/"}],"wp:attachment":[{"href":"https:\/\/pdt-rj.org.br\/index.php\/wp-json\/wp\/v2\/media?parent=43436"}],"wp:term":[{"taxonomy":"category","embeddable":true,"href":"https:\/\/pdt-rj.org.br\/index.php\/wp-json\/wp\/v2\/categories?post=43436"},{"taxonomy":"post_tag","embeddable":true,"href":"https:\/\/pdt-rj.org.br\/index.php\/wp-json\/wp\/v2\/tags?post=43436"}],"curies":[{"name":"wp","href":"https:\/\/api.w.org\/{rel}","templated":true}]}}