{"id":43429,"date":"2016-06-08T07:07:31","date_gmt":"2016-06-08T10:07:31","guid":{"rendered":"http:\/\/www.malungo2.com.br\/pdt\/desenv\/?p=43429"},"modified":"2016-06-08T07:07:31","modified_gmt":"2016-06-08T10:07:31","slug":"em-defesa-da-petrobras-e-do-pre-sal-petroleiros-param-nesta-sexta","status":"publish","type":"post","link":"https:\/\/pdt-rj.org.br\/index.php\/em-defesa-da-petrobras-e-do-pre-sal-petroleiros-param-nesta-sexta\/","title":{"rendered":"Em defesa da Petrobras e do pr\u00e9-sal, petroleiros param nesta sexta"},"content":{"rendered":"<p>&nbsp;<\/p>\n<p>Os petroleiros far\u00e3o uma greve nacional de advert\u00eancia de 24 horas nesta sexta-feira (10\/6) em protesto pela anunciada decis\u00e3o de \u00a0Temer de revogar a Lei da Partilha e permitir que petrol\u00edferas internacionais se apossem do petr\u00f3leo do pr\u00e9-sal. \u00a0A greve tamb\u00e9m \u00e9 contra a nomea\u00e7\u00e3o do ultraneoliberal Pedro Parente para a presid\u00eancia da Petrobras e a decis\u00e3o do governo Temer de apoiar e tentar apressar a venda de parte do patrim\u00f4nio da Petrobras, descaracterizando-a como uma empresa integrada de energia.<\/p>\n<p>A greve faz parte da mobiliza\u00e7\u00e3o nacional que as Frentes Brasil Popular e Povo sem Medo realizar\u00e3o contra o presidente interino Michel Temer no mesmo dia.<\/p>\n<p>&#8220;As representa\u00e7\u00f5es sindicais petroleiras reunidas, nesta segunda-feira, 30, no Conselho Deliberativo Federa\u00e7\u00e3o \u00danica dos Petroleiros (FUP) alertaram para o risco iminente de perda de direitos e para o grave retrocesso que a categoria j\u00e1 vive e que ser\u00e3o intensificados com as inten\u00e7\u00f5es de privatiza\u00e7\u00e3o da Petrobr\u00e1s e de entrega do pr\u00e9-sal, reveladas por Michel Temer&#8221;, diz nota da FUP.<\/p>\n<p>O novo presidente da Petrobras, Pedro Parente, assumiu o cargo no \u00faltimo dia 31 de maio sob protestos porque \u00e9 r\u00e9u desde 2001 em a\u00e7\u00e3o movida por petroleiros como respons\u00e1vel pela opera\u00e7\u00e3o na qual a Petrobras trocou ativos desvalorizados da Repsol-YPF na Argentina por ativos brasileiros valorizados, causando um preju\u00edzo de R$ 790 milh\u00f5es, oficialmente registrado no balan\u00e7o da empresa de 2001.<\/p>\n<p>Al\u00e9m disso, Parente j\u00e1 sinalizou uma revis\u00e3o da Lei de Partilha, com a substitui\u00e7\u00e3o da obrigatoriedade da Petrobras de participar com pelo menos 30% dos investimentos em cada campo de explora\u00e7\u00e3o do pr\u00e9-sal; al\u00e9m de perder a posi\u00e7\u00e3o de operadora \u00fanica.<\/p>\n<p>Como operadora \u00fanica a Petrobras defende os interesses do Brasil porque \u00e9 ela que determina quantos po\u00e7os devem ser perfurados, qual a tecnologia a ser empregada, onde devem ser comprados os equipamentos de explora\u00e7\u00e3o ; e quantas e onde ser\u00e3o constru\u00eddas as plataformas de explora\u00e7\u00e3o do petr\u00f3leo (navios). Tamb\u00e9m \u00e9 a operadora \u00fanica que controla a produ\u00e7\u00e3o do \u00f3leo, registrando-a, na boca dos po\u00e7os.<\/p>\n<p>As petrol\u00edferas estrangeiras s\u00e3o contra qualquer tipo de controle do Brasil sobre a produ\u00e7\u00e3o do \u00f3leo e querem ampla liberdade para importarem de seus pa\u00edses de origem os equipamentos de explora\u00e7\u00e3o, precificando-os da forma que considerarem melhor. \u00a0Para eles.<\/p>\n<p>As multinacionais que passaram a explorar o petr\u00f3leo brasileiro, tornando-se donas da parte do le\u00e3o da produ\u00e7\u00e3o, via da lei de concess\u00f5es implantada pelo ent\u00e3o presidente Fernando Henrique Cardoso, em 1997, quando quebrou o monop\u00f3lio da Petrobras, nunca se conformaram com a Lei da Partilha e, via IBP, sempre fizeram lobby no Congresso para mudar a legisla\u00e7\u00e3o \u2013 revogando a Lei da Partilha \u2013 que prejudica os seus interesses.<\/p>\n<p>&#8220;\u00c9 um absurdo a nomea\u00e7\u00e3o de Pedro Parente. Ele como presidente atual e ileg\u00edtimo &#8211; porque ele foi indicado por um governo golpista -, em uma das suas primeiras falas, j\u00e1 disse que precisa mudar a Lei da Partilha. Com isso, a \u00fanica empresa do mundo que vai abrir m\u00e3o de no m\u00ednimo 60 bilh\u00f5es de barris em reserva de petr\u00f3leo \u00e9 a Petrobras. Todas as grande operadoras no resto do mundo est\u00e3o atr\u00e1s de reservas&#8221;, afirmou\u00a0 o coordenador geral da FUP, Jos\u00e9 Maria Rangel, na reuni\u00e3o que decidiu fazer a greve de advert\u00eancia de 24 horas.<\/p>\n<p>Para o petroleiro, a estatal precisa de um presidente que proponha &#8220;solu\u00e7\u00f5es criativas&#8221; para que a empresa supere as dificuldades sem perder sua autonomia, j\u00e1 que a crise seria mundial.<\/p>\n<p>&#8220;Todas as operadoras de petr\u00f3leo est\u00e3o passando pela mesma situa\u00e7\u00e3o. Isso tudo por conta, principalmente, da queda vertiginosa que teve o barril de petr\u00f3leo nos \u00faltimos anos. Ele caiu de US$ 140 para US$ 40. Isso d\u00e1 um baque muito grande nas contas das empresas&#8221;, lembra o petroleiro.<\/p>\n<p>Segundo Rangel,\u00a0 &#8220;um dos eixos centrais do golpe que est\u00e1 sendo dado no nosso pa\u00eds \u00e9 a disputa pelo pr\u00e9-sal brasileiro, que diz respeito diretamente \u00e0 Petrobras e aos petroleiros. Ent\u00e3o, n\u00f3s chamamos a reflex\u00e3o da categoria para que neste dia a gente tamb\u00e9m realize paralisa\u00e7\u00f5es em todas as atividades da Petrobras, demonstrando nosso descontentamento com a atual administra\u00e7\u00e3o da empresa&#8221;, afirma.<\/p>\n<p>Temer\u00a0 espera aprovar\u00a0 o fim da Lei da Partilha antes de julho devido ao calend\u00e1rio eleitoral e previsto para iniciar na segunda quinzena de julho. Deputados entreguistas do PMDB e PSDB dizem ter garantido o n\u00famero de votos necess\u00e1rios para aprovar o relat\u00f3rio na comiss\u00e3o que est\u00e1 discutindo o assunto na C\u00e2mara, formada por Eduardo Cunha, onde esteve ontem o senador Jos\u00e9 Serra \u2013 principal defensor da entrega do pr\u00e9-sal brasileiros as petrol\u00edferas estrangerias.<\/p>\n<p>Se a tramita\u00e7\u00e3o demorar e a vota\u00e7\u00e3o na C\u00e2mara n\u00e3o acontecer antes de 20 de julho, dificilmente o governo conseguir\u00e1 reunir qu\u00f3rum na C\u00e2mara para aprovar a mat\u00e9ria. Para passar o projeto entreguista precisa ser aprovado em maioria simples (50% mais 1) de um n\u00famero m\u00ednimo de 257 deputados. Segundo Serra, o governo est\u00e1 fazendo um esfor\u00e7o conjunto para aprovar a mat\u00e9ria.<\/p>\n<p>Nesta ter\u00e7a-feira (7), o ministro foi \u00e0 C\u00e2mara para discutir as mudan\u00e7as na comiss\u00e3o especial. &#8220;O governo est\u00e1 a favor e a gente s\u00f3 espera que eles [deputados] ponham em vota\u00e7\u00e3o&#8221;, afirmou Serra. Ele pediu pressa na vota\u00e7\u00e3o do texto e que n\u00e3o ocorram altera\u00e7\u00f5es no conte\u00fado j\u00e1 aprovado no Senado.<\/p>\n<p>\u2014 Espero que o texto seja votado em breve como est\u00e1 \u2014 disse Serra, que foi convidado para comparecer \u00e0 comiss\u00e3o especial que debate o tema por ter sido autor do projeto enquanto senador.<\/p>\n<p>O relator do texto na comiss\u00e3o, outro not\u00f3rio entreguista, o deputado Jos\u00e9 Carlos Aleluia (DEM-BA), \u00e9 favor\u00e1vel a mudan\u00e7a na explora\u00e7\u00e3o do pr\u00e9-sal, acabando com o modelo de partilha.<\/p>\n<p>\u2014 A minha opini\u00e3o \u00e9 de que dever\u00edamos fazer uma mudan\u00e7a ampla. Mas, se n\u00e3o puder, apresentarei um relat\u00f3rio favor\u00e1vel (ao projeto de lei) \u2014 disse Aleluia.<\/p>\n<p>Para Serra, a aprova\u00e7\u00e3o do texto atual &#8220;vai abrir caminho para outras mudan\u00e7as&#8221; na explora\u00e7\u00e3o do pr\u00e9-sal.<\/p>\n<!-- AddThis Advanced Settings generic via filter on the_content --><!-- AddThis Share Buttons generic via filter on the_content -->","protected":false},"excerpt":{"rendered":"<p>&nbsp; Os petroleiros far\u00e3o uma greve nacional de advert\u00eancia de 24 horas nesta sexta-feira (10\/6) em protesto pela anunciada decis\u00e3o de \u00a0Temer de revogar a Lei da Partilha e permitir que petrol\u00edferas internacionais se apossem do petr\u00f3leo do pr\u00e9-sal. \u00a0A greve tamb\u00e9m \u00e9 contra a nomea\u00e7\u00e3o do ultraneoliberal Pedro Parente para a presid\u00eancia da Petrobras&#8230;<!-- AddThis Advanced Settings generic via filter on wp_trim_excerpt --><!-- AddThis Share Buttons generic via filter on wp_trim_excerpt --><\/p>\n","protected":false},"author":17,"featured_media":43430,"comment_status":"open","ping_status":"open","sticky":false,"template":"","format":"standard","meta":{"_monsterinsights_skip_tracking":false,"_monsterinsights_sitenote_active":false,"_monsterinsights_sitenote_note":"","_monsterinsights_sitenote_category":0,"_uf_show_specific_survey":0,"_uf_disable_surveys":false,"footnotes":""},"categories":[976],"tags":[284,362,403,472,756],"class_list":["post-43429","post","type-post","status-publish","format-standard","has-post-thumbnail","hentry","category-noticias-em-destaque","tag-defesa-das-multinacionais","tag-entreguismo","tag-fim-da-lei-da-partilha","tag-ibp","tag-pre-sal"],"acf":[],"_links":{"self":[{"href":"https:\/\/pdt-rj.org.br\/index.php\/wp-json\/wp\/v2\/posts\/43429","targetHints":{"allow":["GET"]}}],"collection":[{"href":"https:\/\/pdt-rj.org.br\/index.php\/wp-json\/wp\/v2\/posts"}],"about":[{"href":"https:\/\/pdt-rj.org.br\/index.php\/wp-json\/wp\/v2\/types\/post"}],"author":[{"embeddable":true,"href":"https:\/\/pdt-rj.org.br\/index.php\/wp-json\/wp\/v2\/users\/17"}],"replies":[{"embeddable":true,"href":"https:\/\/pdt-rj.org.br\/index.php\/wp-json\/wp\/v2\/comments?post=43429"}],"version-history":[{"count":0,"href":"https:\/\/pdt-rj.org.br\/index.php\/wp-json\/wp\/v2\/posts\/43429\/revisions"}],"wp:featuredmedia":[{"embeddable":true,"href":"https:\/\/pdt-rj.org.br\/index.php\/wp-json\/"}],"wp:attachment":[{"href":"https:\/\/pdt-rj.org.br\/index.php\/wp-json\/wp\/v2\/media?parent=43429"}],"wp:term":[{"taxonomy":"category","embeddable":true,"href":"https:\/\/pdt-rj.org.br\/index.php\/wp-json\/wp\/v2\/categories?post=43429"},{"taxonomy":"post_tag","embeddable":true,"href":"https:\/\/pdt-rj.org.br\/index.php\/wp-json\/wp\/v2\/tags?post=43429"}],"curies":[{"name":"wp","href":"https:\/\/api.w.org\/{rel}","templated":true}]}}