{"id":43426,"date":"2016-06-08T06:16:27","date_gmt":"2016-06-08T09:16:27","guid":{"rendered":"http:\/\/www.malungo2.com.br\/pdt\/desenv\/?p=43426"},"modified":"2016-06-08T06:16:27","modified_gmt":"2016-06-08T09:16:27","slug":"ciro-sera-testemunha-de-defesa-de-dilma-no-processo-de-impeachment","status":"publish","type":"post","link":"https:\/\/pdt-rj.org.br\/index.php\/ciro-sera-testemunha-de-defesa-de-dilma-no-processo-de-impeachment\/","title":{"rendered":"Ciro ser\u00e1 testemunha de defesa de Dilma no processo de impeachment"},"content":{"rendered":"<p>O ex-ministro Ciro Gomes , pr\u00e9-candidato a presidente da Rep\u00fablica pelo PDT, est\u00e1 entre as 32 testemunhas escolhidas pela defesa da presidente afastada Dilma Rousseff para falar no processo de impeachment que corre contra ela no Senado.<\/p>\n<p>A lista foi encaminhada ao presidente da comiss\u00e3o, Raimundo Lira (PMDB-PB) e inclui\u00a0 tamb\u00e9m Luiz Carlos Bresser Pereira, ex-ministro da Fazenda de Jos\u00e9 Sarney e das pastas da Reforma do Estado e da Ci\u00eancia e Tecnologia na gest\u00e3o de Fernando Henrique Cardoso.<\/p>\n<p>Luiz Gonzaga Belluzzo, professor da Unicamp e que atuava como uma esp\u00e9cie de conselheiro do governo, tamb\u00e9m foi indicado. Ciro Gomes, ex-ministro da Fazenda no governo Itamar Franco e virtual candidato \u00e0 presid\u00eancia da Rep\u00fablica em 2018 tamb\u00e9m aparece na lista.<\/p>\n<div class=\"imagem-representativa imagem-615x300\">\n<ul>\n<li>A presidente\u00a0afastada, Dilma Rousseff, poder\u00e1 apresentar at\u00e9 48 testemunhas de defesa \u00e0 comiss\u00e3o de impeachment no Senado. Nesta ter\u00e7a-feira (7), o presidente do STF (Supremo Tribunal Federal), ministro Ricardo Lewandoswki, negou recurso apresentado pelo senador Aloysio Nunes Ferreria (PSDB-SP) e pelo denunciante Miguel Reale J\u00fanior, que pediam a redu\u00e7\u00e3o do n\u00famero de testemunhas.\u00a0Fica mantida, portanto, a decis\u00e3o da semana passada\u00a0do relator do colegiado, Antonio Anastasia (PSDB-MG). O senador entendeu que, como a edi\u00e7\u00e3o de cinco decretos de edi\u00e7\u00e3o de cr\u00e9ditos suplementares e as chamadas &#8220;pedaladas fiscais&#8221; fazem parte da den\u00fancia por crime de responsabilidade, a defesa tem direito a trazer at\u00e9 oito testemunhas para cada fato. Por isso, a defesa da petista teria direito a arrolar 48 pessoas.<\/li>\n<\/ul>\n<\/div>\n<div id=\"_dynad_c_I5550001555_1465381354429\">\u00a0<\/div>\n<p>&nbsp;<\/p>\n<!-- AddThis Advanced Settings generic via filter on the_content --><!-- AddThis Share Buttons generic via filter on the_content -->","protected":false},"excerpt":{"rendered":"<p>O ex-ministro Ciro Gomes , pr\u00e9-candidato a presidente da Rep\u00fablica pelo PDT, est\u00e1 entre as 32 testemunhas escolhidas pela defesa da presidente afastada Dilma Rousseff para falar no processo de impeachment que corre contra ela no Senado. A lista foi encaminhada ao presidente da comiss\u00e3o, Raimundo Lira (PMDB-PB) e inclui\u00a0 tamb\u00e9m Luiz Carlos Bresser Pereira,&#8230;<!-- AddThis Advanced Settings generic via filter on wp_trim_excerpt --><!-- AddThis Share Buttons generic via filter on wp_trim_excerpt --><\/p>\n","protected":false},"author":17,"featured_media":43427,"comment_status":"open","ping_status":"open","sticky":false,"template":"","format":"standard","meta":{"_monsterinsights_skip_tracking":false,"_monsterinsights_sitenote_active":false,"_monsterinsights_sitenote_note":"","_monsterinsights_sitenote_category":0,"_uf_show_specific_survey":0,"_uf_disable_surveys":false,"footnotes":""},"categories":[976],"tags":[220,306,24],"class_list":["post-43426","post","type-post","status-publish","format-standard","has-post-thumbnail","hentry","category-noticias-em-destaque","tag-ciro-gomes","tag-dilma","tag-impeachment"],"acf":[],"_links":{"self":[{"href":"https:\/\/pdt-rj.org.br\/index.php\/wp-json\/wp\/v2\/posts\/43426","targetHints":{"allow":["GET"]}}],"collection":[{"href":"https:\/\/pdt-rj.org.br\/index.php\/wp-json\/wp\/v2\/posts"}],"about":[{"href":"https:\/\/pdt-rj.org.br\/index.php\/wp-json\/wp\/v2\/types\/post"}],"author":[{"embeddable":true,"href":"https:\/\/pdt-rj.org.br\/index.php\/wp-json\/wp\/v2\/users\/17"}],"replies":[{"embeddable":true,"href":"https:\/\/pdt-rj.org.br\/index.php\/wp-json\/wp\/v2\/comments?post=43426"}],"version-history":[{"count":0,"href":"https:\/\/pdt-rj.org.br\/index.php\/wp-json\/wp\/v2\/posts\/43426\/revisions"}],"wp:featuredmedia":[{"embeddable":true,"href":"https:\/\/pdt-rj.org.br\/index.php\/wp-json\/"}],"wp:attachment":[{"href":"https:\/\/pdt-rj.org.br\/index.php\/wp-json\/wp\/v2\/media?parent=43426"}],"wp:term":[{"taxonomy":"category","embeddable":true,"href":"https:\/\/pdt-rj.org.br\/index.php\/wp-json\/wp\/v2\/categories?post=43426"},{"taxonomy":"post_tag","embeddable":true,"href":"https:\/\/pdt-rj.org.br\/index.php\/wp-json\/wp\/v2\/tags?post=43426"}],"curies":[{"name":"wp","href":"https:\/\/api.w.org\/{rel}","templated":true}]}}