{"id":43345,"date":"2016-06-05T14:19:21","date_gmt":"2016-06-05T17:19:21","guid":{"rendered":"http:\/\/www.malungo2.com.br\/pdt\/desenv\/?p=43345"},"modified":"2016-06-05T14:19:21","modified_gmt":"2016-06-05T17:19:21","slug":"jeferson-miola-temer-restringe-direitos-de-dilma-com-medo-das-ruas","status":"publish","type":"post","link":"https:\/\/pdt-rj.org.br\/index.php\/jeferson-miola-temer-restringe-direitos-de-dilma-com-medo-das-ruas\/","title":{"rendered":"Jeferson Miola: Temer restringe direitos de Dilma com medo das ruas"},"content":{"rendered":"<p>A fragilidade de um governo ileg\u00edtimo e usurpador \u00e9 medida pelo regime de for\u00e7a e de exce\u00e7\u00e3o que emprega para conter a indigna\u00e7\u00e3o e a revolta democr\u00e1tica e popular.<\/p>\n<p>O governo usurpador Temer-Cunha padece de uma crise irrevers\u00edvel de legitimidade. \u00c9 um governo totalmente desmoralizado e desacreditado perante a sociedade brasileira e grande parte dos pa\u00edses do mundo.<\/p>\n<p>Os fascistas j\u00e1 perceberam que n\u00e3o ter\u00e3o tr\u00e9gua, perceberam que sofrer\u00e3o uma oposi\u00e7\u00e3o frontal de um povo cada vez mais radicalizado na luta e na resist\u00eancia. Est\u00e3o assustados com a vitalidade militante das juventudes, mulheres, estudantes, artistas, setores culturais e da maioria da popula\u00e7\u00e3o que promove permanentemente o constrangimento e o escracho dos golpistas.<\/p>\n<p>O governo usurpador busca, desesperadamente, encerrar o cap\u00edtulo de uma novela que, a depender do povo radicalizado nas ruas, s\u00f3 ter\u00e1 fim com a devolu\u00e7\u00e3o do mandato da Presidente Dilma.<\/p>\n<p>Coordenados por Eduardo Cunha, fizeram um tr\u00e2mite acelerado do impeachment na C\u00e2mara dos Deputados \u2013 ritmo c\u00e9lere que foi reproduzido no Senado pelo PMDB e PSDB com a cumplicidade do DEM, PPS, PTB, PP, PR e seus sat\u00e9lites.<\/p>\n<p>Diante do ambiente radicalizado e da degrada\u00e7\u00e3o constante da imagem do governo usurpador e dos fascistas, eles agora tentam antecipar o julgamento final no Senado, abreviando o prazo de 180 dias definido na Constitui\u00e7\u00e3o.<\/p>\n<p>Depois da \u201c<em>assembl\u00e9ia geral dos bandidos<\/em>\u201d de 17 de abril, da farsa do processo do <em>impeachment<\/em> no Senado e da revela\u00e7\u00e3o das conversas gravadas de S\u00e9rgio Machado com alguns dos chefes de quadrilha do PMDB, muitas pessoas de boa f\u00e9 que inocentemente defendiam o <em>impeachment<\/em>, hoje se arrependem de terem sido manipuladas pela turba golpista e pela Rede Globo.<\/p>\n<p>Os golpistas sabem que, a cada dia que passa, a cada novo esc\u00e2ndalo, a cada nova revela\u00e7\u00e3o sobre as bandalheiras da quadrilha que tomou o Poder de assalto, aumenta a press\u00e3o popular que poder\u00e1 reverter a posi\u00e7\u00e3o de alguns senadores, que passariam a votar contra a fraude do <em>impeachment<\/em>. Por isso os golpistas se apressam, fazem uma corrida contra o tempo.<\/p>\n<p>O governo usurpador decidiu suspender a compra de alimenta\u00e7\u00e3o da Presidente Dilma, reduzir sua equipe de assessores e proibir viagens dela com avi\u00f5es da FAB. Baseado num parecer do Subchefe-usurpador de Assuntos Jur\u00eddicos da Casa Civil \u2013 ningu\u00e9m menos que Gustavo do Vale Rocha, advogado de Eduardo Cunha que foi posto pelo pr\u00f3prio Cunha neste cargo estrat\u00e9gico \u2013, o governo usurpador decidiu restringir as viagens de Dilma somente entre Bras\u00edlia e Porto Alegre, onde tem sua resid\u00eancia.<\/p>\n<p>Dilma ainda \u00e9 a Presidente da Rep\u00fablica de direito e, ainda que temporariamente afastada enquanto dura a farsa do processo de <em>impeachment<\/em>, \u00e9 a maior autoridade do Estado brasileiro, e por isso fica submetida a crit\u00e9rios de seguran\u00e7a e prote\u00e7\u00e3o estabelecidos pela Constitui\u00e7\u00e3o.<\/p>\n<p>N\u00e3o \u00e9 desejo ou op\u00e7\u00e3o pessoal de qualquer Presidente do Brasil viajar a qualquer momento e a qualquer lugar com avi\u00f5es da FAB, e dispor de estrutura de precursoria e de seguran\u00e7a \u2013 \u00e9 uma exig\u00eancia legal e constitucional que deve ser rigorosamente observada.<\/p>\n<p>Ora, proibir a Presidente Dilma de usar os \u00fanicos meios exclusivos que a Constitui\u00e7\u00e3o permite que ela use, equivale a mant\u00ea-la em pris\u00e3o domiciliar. \u00c9 uma decis\u00e3o que tem o claro objetivo de cassar os direitos pol\u00edticos da Presidente, impedindo-a de participar de atos institucionais, como as manifesta\u00e7\u00f5es de defesa do Estado Democr\u00e1tico de Direito, defesa da Constitui\u00e7\u00e3o e defesa do pr\u00f3prio mandato que est\u00e1 sendo surrupiado por uma quadrilha.<\/p>\n<p>O governo usurpador, com medo das ruas, quer manter Dilma em pris\u00e3o domiciliar e cassar seus direitos pol\u00edticos. Este ato inconstitucional e arbitr\u00e1rio d\u00e1 a medida da fraqueza e da torpeza do governo usurpador, que sabe que est\u00e1 com seus dias contados.<\/p>\n<p>N\u00e3o passar\u00e3o!<\/p>\n<p>&nbsp;<\/p>\n<p><strong>(*) Jeferson Miola \u00e9 militante do PT e coordenou o 5\u00b0 Forum Social Mundial, em Porto Alegre.<\/strong><\/p>\n<!-- AddThis Advanced Settings generic via filter on the_content --><!-- AddThis Share Buttons generic via filter on the_content -->","protected":false},"excerpt":{"rendered":"<p>A fragilidade de um governo ileg\u00edtimo e usurpador \u00e9 medida pelo regime de for\u00e7a e de exce\u00e7\u00e3o que emprega para conter a indigna\u00e7\u00e3o e a revolta democr\u00e1tica e popular. O governo usurpador Temer-Cunha padece de uma crise irrevers\u00edvel de legitimidade. \u00c9 um governo totalmente desmoralizado e desacreditado perante a sociedade brasileira e grande parte dos&#8230;<!-- AddThis Advanced Settings generic via filter on wp_trim_excerpt --><!-- AddThis Share Buttons generic via filter on wp_trim_excerpt --><\/p>\n","protected":false},"author":17,"featured_media":43347,"comment_status":"open","ping_status":"open","sticky":false,"template":"","format":"standard","meta":{"_monsterinsights_skip_tracking":false,"_monsterinsights_sitenote_active":false,"_monsterinsights_sitenote_note":"","_monsterinsights_sitenote_category":0,"_uf_show_specific_survey":0,"_uf_disable_surveys":false,"footnotes":""},"categories":[976],"tags":[23,452,611,685],"class_list":["post-43345","post","type-post","status-publish","format-standard","has-post-thumbnail","hentry","category-noticias-em-destaque","tag-dilma-rousseff","tag-governo-usurpador","tag-michel-temer","tag-palacio-da-alvorada"],"acf":[],"_links":{"self":[{"href":"https:\/\/pdt-rj.org.br\/index.php\/wp-json\/wp\/v2\/posts\/43345","targetHints":{"allow":["GET"]}}],"collection":[{"href":"https:\/\/pdt-rj.org.br\/index.php\/wp-json\/wp\/v2\/posts"}],"about":[{"href":"https:\/\/pdt-rj.org.br\/index.php\/wp-json\/wp\/v2\/types\/post"}],"author":[{"embeddable":true,"href":"https:\/\/pdt-rj.org.br\/index.php\/wp-json\/wp\/v2\/users\/17"}],"replies":[{"embeddable":true,"href":"https:\/\/pdt-rj.org.br\/index.php\/wp-json\/wp\/v2\/comments?post=43345"}],"version-history":[{"count":0,"href":"https:\/\/pdt-rj.org.br\/index.php\/wp-json\/wp\/v2\/posts\/43345\/revisions"}],"wp:featuredmedia":[{"embeddable":true,"href":"https:\/\/pdt-rj.org.br\/index.php\/wp-json\/"}],"wp:attachment":[{"href":"https:\/\/pdt-rj.org.br\/index.php\/wp-json\/wp\/v2\/media?parent=43345"}],"wp:term":[{"taxonomy":"category","embeddable":true,"href":"https:\/\/pdt-rj.org.br\/index.php\/wp-json\/wp\/v2\/categories?post=43345"},{"taxonomy":"post_tag","embeddable":true,"href":"https:\/\/pdt-rj.org.br\/index.php\/wp-json\/wp\/v2\/tags?post=43345"}],"curies":[{"name":"wp","href":"https:\/\/api.w.org\/{rel}","templated":true}]}}