{"id":43326,"date":"2016-06-04T12:16:57","date_gmt":"2016-06-04T15:16:57","guid":{"rendered":"http:\/\/www.malungo2.com.br\/pdt\/?p=43326"},"modified":"2016-11-01T10:48:56","modified_gmt":"2016-11-01T12:48:56","slug":"ciro-na-rede-tv-comeca-a-cair-a-mascara-do-golpe","status":"publish","type":"post","link":"https:\/\/pdt-rj.org.br\/index.php\/ciro-na-rede-tv-comeca-a-cair-a-mascara-do-golpe\/","title":{"rendered":"Ciro na Rede TV: &#8216;Golpistas corruptos assumiram o Brasil&#8217;"},"content":{"rendered":"<p>Em entrevista de quase 40 minutos no programa Mariana Godoy, da Rede TV, ontem (3\/6) a noite, o ex-ministro Ciro Gomes, pr\u00e9-candidato do PDT \u00e0 presid\u00eancia da Rep\u00fablica, afirmou que \u201ccome\u00e7ou a cair a m\u00e1scara do golpe\u2019 contra a presidente Dilma Rousseff, a quem defendeu, com a divulga\u00e7\u00e3o, pelo governo provis\u00f3rio chefiado por Michel Temer, de seus planos imediatos como entregar o pr\u00e9-sal, reformar a previd\u00eancia p\u00fablica, mudar as leis trabalhistas, liberar a compra de terras por estrangeiros e manter a pol\u00edtica econ\u00f4mica que privilegia o pagamento de juros em detrimento da produ\u00e7\u00e3o e do trabalho.<\/p>\n<p>Ciro, j\u00e1 na abertura do programa, fez quest\u00e3o de dizer: &#8220;primeiramente, fora Temer&#8221;. \u00a0E partiu para cima do PMDB, partido de Temer e de seus principais ministros.<\/p>\n<p>&#8220;O PMDB \u00e9 um ajuntamento de grupos estaduais que caracterizou-se mais recentemente como uma quadrilha. Tem muita gente boa, gente s\u00e9ria, mas os que tomaram conta do PMDB s\u00e3o uma quadrilha&#8221;, definiu Ciro.<\/p>\n<p>Ele n\u00e3o poupou o pr\u00f3prio presidente interino: &#8220;Temer \u00e9 testa de ferro de Eduardo Cunha&#8221;.<\/p>\n<p>Ciro afirmou que a alian\u00e7a PT-PMDB resultou em &#8220;roubalheira&#8221; e pediu que as pessoas \u201cfa\u00e7am uma pesquisa da quantidade de medidas provis\u00f3rias que ele, Temer, entregou para Cunha relatar&#8221;, ao falar dos la\u00e7os pol\u00edticos profundos entre Eduardo Cunha e Michel Temer, desde a \u00e9poca que o segundo ocupava a presid\u00eancia da C\u00e2mara e Cunha era designado por ele para a relatoria de todos os projetos importantes que envolviam valores.<\/p>\n<p>Sobre a sua pr\u00e9-candidatura, pelo PDT, \u00e0 presid\u00eancia, argumentou:<\/p>\n<p>&#8220;Eu vou pensar mil vezes antes de ser candidato. Eu j\u00e1 fui candidato duas vezes e as coisas pioraram como tal que para um camarada como eu \u00e9 praticamente inumana&#8221;, afirmou. Com rela\u00e7\u00e3o \u00e0s decis\u00f5es pol\u00eamicas e aos esc\u00e2ndalos envolvendo o governo Temer, \u00a0foi tachativo:<\/p>\n<p>&#8220;Come\u00e7ou a cair a m\u00e1scara do golpe&#8221;.<\/p>\n<p>Ciro voltou a afirmar que h\u00e1 uma s\u00e9rie de fatores que motivaram o processo de impeachment contra Dilma Rousseff que, apesar de estar fazendo \u201cum p\u00e9ssimo governo\u201d sob o ponto de vista dele, foi v\u00edtima de um golpe. \u00a0Ciro elencou uma s\u00e9rie de fatores que, sob sua \u00f3tica, contribu\u00edram para o afastamento da presidente.<\/p>\n<p>Como motiva\u00e7\u00e3o pol\u00edtica, ele citou a paralisa\u00e7\u00e3o da Lava Jato, cujos \u00e1udios que circularam nos meios de comunica\u00e7\u00e3o nos \u00faltimos dias poderiam comprovar. Citou, tamb\u00e9m, motivos estrat\u00e9gicos, que obedeceriam \u00e0 hegemonia dos interesses financeiros e \u00a0interesses estrangeiros que teriam em Jos\u00e9 Serra &#8220;a compet\u00eancia a servi\u00e7o do mal&#8221;.<\/p>\n<p>Para Ciro Gomes, Temer descumprir\u00e1 os &#8220;acordos&#8221; que fez em troca do impeachment, inclusive com o empresariado: &#8220;vem a\u00ed CPMF, aumento da CIDE, tudo pra passar no nariz do Paulo Skaf&#8221;.<\/p>\n<p>O pol\u00edtico criticou a pol\u00edtica de Jos\u00e9 Serra, ministro das Rela\u00e7\u00f5es Exteriores, com parceiros importantes do Brasil, como a Venezuela. Ele garantiu que n\u00e3o ap\u00f3ia o que ocorre no pa\u00eds, mas refor\u00e7ou que n\u00e3o se pode desprezar os neg\u00f3cios bilion\u00e1rios que o Brasil tem com a Venezuela.<\/p>\n<p>Sobre a presidente Dilma Rousseff, repetiu que ela vinha fazendo um governo ruim, mas admitiu: \u00a0&#8220;Eu quero que ela volte por uma raz\u00e3o: ela foi eleita pelo povo brasileiro&#8221;.<\/p>\n<p>E completou: &#8220;Eu n\u00e3o defendo nada fora da legalidade&#8221;.<\/p>\n<p>Ciro garantiu que pedir\u00e1 impeachment de Temer, pelos mesmos motivos do pedido feito contra Dilma, pois ao se referir \u00e0s pedaladas foi enf\u00e1tico: &#8220;O Michel Temer fez todas iguais&#8221;.<\/p>\n<p>Ao analisar os presidentes que completaram mandatos, Ciro afirmou:<\/p>\n<p>&#8220;A regra no Brasil \u00e9 o golpe&#8221;.<\/p>\n<p>Ciro disse que n\u00e3o aceitou pens\u00f5es pelos cargos ocupados e frisou:<\/p>\n<p>\u00a0&#8220;A \u00fanica ferramenta que eu tenho \u00e9 a minha l\u00edngua&#8221;.<\/p>\n<p>Tamb\u00e9m citou conquistas importantes do pa\u00eds sob os governos do PT e opinou:<\/p>\n<p>\u00a0&#8220;O governo Dilma foi um desastre tamb\u00e9m de comunica\u00e7\u00e3o&#8221;.<\/p>\n<p>Em cr\u00edtica ao PT, \u00a0afirmou:<\/p>\n<p>&#8220;O grande problema do PT \u00e9 imitar o PSDB&#8221;.<\/p>\n<p>Ciro Gomes comentou a reforma da previd\u00eancia e disse que, em breve, o assunto dever\u00e1 ser discutido com a sociedade, mas reiterou que no momento \u00e9 mentira que ela esteja deficit\u00e1ria. Ao finalizar Ciro Gomes explicou que &#8220;hoje o povo \u00e9 quem manda menos&#8221; no Brasil e concluiu: &#8220;ainda tem coisa muito ruim pela frente&#8221;.<\/p>\n<p>Veja a \u00edntegra do v\u00eddeo:<\/p>\n<p>&nbsp;<\/p>\n<p>https:\/\/www.youtube.com\/watch?v=nHBUPzqCyjE<\/p>\n<p>&nbsp;<\/p>\n<!-- AddThis Advanced Settings generic via filter on the_content --><!-- AddThis Share Buttons generic via filter on the_content -->","protected":false},"excerpt":{"rendered":"<p>Em entrevista de quase 40 minutos no programa Mariana Godoy, da Rede TV, ontem (3\/6) a noite, o ex-ministro Ciro Gomes, pr\u00e9-candidato do PDT \u00e0 presid\u00eancia da Rep\u00fablica, afirmou que \u201ccome\u00e7ou a cair a m\u00e1scara do golpe\u2019 contra a presidente Dilma Rousseff, a quem defendeu, com a divulga\u00e7\u00e3o, pelo governo provis\u00f3rio chefiado por Michel Temer,&#8230;<!-- AddThis Advanced Settings generic via filter on wp_trim_excerpt --><!-- AddThis Share Buttons generic via filter on wp_trim_excerpt --><\/p>\n","protected":false},"author":17,"featured_media":43278,"comment_status":"closed","ping_status":"open","sticky":false,"template":"","format":"standard","meta":{"_monsterinsights_skip_tracking":false,"_monsterinsights_sitenote_active":false,"_monsterinsights_sitenote_note":"","_monsterinsights_sitenote_category":0,"_uf_show_specific_survey":0,"_uf_disable_surveys":false,"footnotes":""},"categories":[1401,976],"tags":[220,255,10,542,798,817],"class_list":["post-43326","post","type-post","status-publish","format-standard","has-post-thumbnail","hentry","category-nacional","category-noticias-em-destaque","tag-ciro-gomes","tag-corrupcao","tag-golpe","tag-ladroes","tag-quadrilha","tag-rentismo"],"acf":[],"_links":{"self":[{"href":"https:\/\/pdt-rj.org.br\/index.php\/wp-json\/wp\/v2\/posts\/43326","targetHints":{"allow":["GET"]}}],"collection":[{"href":"https:\/\/pdt-rj.org.br\/index.php\/wp-json\/wp\/v2\/posts"}],"about":[{"href":"https:\/\/pdt-rj.org.br\/index.php\/wp-json\/wp\/v2\/types\/post"}],"author":[{"embeddable":true,"href":"https:\/\/pdt-rj.org.br\/index.php\/wp-json\/wp\/v2\/users\/17"}],"replies":[{"embeddable":true,"href":"https:\/\/pdt-rj.org.br\/index.php\/wp-json\/wp\/v2\/comments?post=43326"}],"version-history":[{"count":0,"href":"https:\/\/pdt-rj.org.br\/index.php\/wp-json\/wp\/v2\/posts\/43326\/revisions"}],"wp:featuredmedia":[{"embeddable":true,"href":"https:\/\/pdt-rj.org.br\/index.php\/wp-json\/wp\/v2\/media\/43278"}],"wp:attachment":[{"href":"https:\/\/pdt-rj.org.br\/index.php\/wp-json\/wp\/v2\/media?parent=43326"}],"wp:term":[{"taxonomy":"category","embeddable":true,"href":"https:\/\/pdt-rj.org.br\/index.php\/wp-json\/wp\/v2\/categories?post=43326"},{"taxonomy":"post_tag","embeddable":true,"href":"https:\/\/pdt-rj.org.br\/index.php\/wp-json\/wp\/v2\/tags?post=43326"}],"curies":[{"name":"wp","href":"https:\/\/api.w.org\/{rel}","templated":true}]}}