{"id":42763,"date":"2016-05-21T11:41:35","date_gmt":"2016-05-21T14:41:35","guid":{"rendered":"http:\/\/www.malungo2.com.br\/pdt\/desenv\/?p=42763"},"modified":"2016-05-21T11:41:35","modified_gmt":"2016-05-21T14:41:35","slug":"senado-inicia-na-terca-24segunda-fase-do-processo-de-impeachment","status":"publish","type":"post","link":"https:\/\/pdt-rj.org.br\/index.php\/senado-inicia-na-terca-24segunda-fase-do-processo-de-impeachment\/","title":{"rendered":"Senado inicia nesta ter\u00e7a (24) segunda fase do processo de impeachment"},"content":{"rendered":"<p>O relator da Comiss\u00e3o Especial do Impeachment constitu\u00edda no Senado respons\u00e1vel pelo afastamento da presidente Dilma Rousseff, senador Antonio Anastasia (PSDB-MG), apresenta hoje, er\u00e7a-feira (24), a partir das 11h, o plano de trabalho para a segunda etapa do processo de impeachment da presidente afastada Dilma Rousseff. A proposta ser\u00e1 votada pelos membros da comiss\u00e3o onde os golpistas tem maioria.<\/p>\n<p>Com a admissibilidade do processo aprovada no \u00faltimo dia 12, tem in\u00edcio agora a fase de pron\u00fancia. Nessa etapa, os trabalhos concentram-se na comiss\u00e3o, com a produ\u00e7\u00e3o de provas, audi\u00eancia de testemunhas, dilig\u00eancias e debates entre a acusa\u00e7\u00e3o e a defesa. A Comiss\u00e3o Especial do Impeachment continua a ser presidida pelo senador Raimundo Lira (PMDB-PB), mas caber\u00e1 ao presidente do Supremo Tribunal Federal, Ricardo Lewandowski, coordenar as atividades.<\/p>\n<p>Ao assumir essa fun\u00e7\u00e3o, tamb\u00e9m em 12 de maio, Lewandowski afirmou que os ju\u00edzes s\u00e3o os senadores e que ele atuar\u00e1 como um \u00f3rg\u00e3o recursal. O presidente do STF disse ainda que os procedimentos a serem seguidos s\u00e3o baseados no processo de impeachment do presidente Fernando Collor, em 1992.<\/p>\n<p>Dura\u00e7\u00e3o<\/p>\n<p>Os senadores Raimundo Lira e Antonio Anastasia, Ricardo Lewandowski, t\u00e9cnicos da Comiss\u00e3o Especial do Impeachment e do STF se reuniram na ter\u00e7a-feira (17) para discutir os aspectos legais do processo de impedimento. Ao sair do encontro, Lira disse que anunciaria o calend\u00e1rio da nova etapa na reuni\u00e3o do dia 24. Segundo o senador, os integrantes do colegiado decidir\u00e3o por voto se as investiga\u00e7\u00f5es v\u00e3o durar menos de 180 dias, per\u00edodo m\u00e1ximo de afastamento de Dilma.<\/p>\n<p><a href=\"http:\/\/www12.senado.leg.br\/noticias\/arquivos\/2016\/05\/04\/veja-aqui-a-integra-do-parecer-do-senador-antonio-anastasia\"><em><strong>Leia a \u00edntegra do parecer de Anastasia, aliado de A\u00e9cio<\/strong><\/em><\/a><\/p>\n<!-- AddThis Advanced Settings generic via filter on the_content --><!-- AddThis Share Buttons generic via filter on the_content -->","protected":false},"excerpt":{"rendered":"<p>O relator da Comiss\u00e3o Especial do Impeachment constitu\u00edda no Senado respons\u00e1vel pelo afastamento da presidente Dilma Rousseff, senador Antonio Anastasia (PSDB-MG), apresenta hoje, er\u00e7a-feira (24), a partir das 11h, o plano de trabalho para a segunda etapa do processo de impeachment da presidente afastada Dilma Rousseff. A proposta ser\u00e1 votada pelos membros da comiss\u00e3o onde&#8230;<!-- AddThis Advanced Settings generic via filter on wp_trim_excerpt --><!-- AddThis Share Buttons generic via filter on wp_trim_excerpt --><\/p>\n","protected":false},"author":17,"featured_media":42298,"comment_status":"open","ping_status":"open","sticky":false,"template":"","format":"standard","meta":{"_monsterinsights_skip_tracking":false,"_monsterinsights_sitenote_active":false,"_monsterinsights_sitenote_note":"","_monsterinsights_sitenote_category":0,"_uf_show_specific_survey":0,"_uf_disable_surveys":false,"footnotes":""},"categories":[976],"tags":[],"class_list":["post-42763","post","type-post","status-publish","format-standard","has-post-thumbnail","hentry","category-noticias-em-destaque"],"acf":[],"_links":{"self":[{"href":"https:\/\/pdt-rj.org.br\/index.php\/wp-json\/wp\/v2\/posts\/42763","targetHints":{"allow":["GET"]}}],"collection":[{"href":"https:\/\/pdt-rj.org.br\/index.php\/wp-json\/wp\/v2\/posts"}],"about":[{"href":"https:\/\/pdt-rj.org.br\/index.php\/wp-json\/wp\/v2\/types\/post"}],"author":[{"embeddable":true,"href":"https:\/\/pdt-rj.org.br\/index.php\/wp-json\/wp\/v2\/users\/17"}],"replies":[{"embeddable":true,"href":"https:\/\/pdt-rj.org.br\/index.php\/wp-json\/wp\/v2\/comments?post=42763"}],"version-history":[{"count":0,"href":"https:\/\/pdt-rj.org.br\/index.php\/wp-json\/wp\/v2\/posts\/42763\/revisions"}],"wp:featuredmedia":[{"embeddable":true,"href":"https:\/\/pdt-rj.org.br\/index.php\/wp-json\/"}],"wp:attachment":[{"href":"https:\/\/pdt-rj.org.br\/index.php\/wp-json\/wp\/v2\/media?parent=42763"}],"wp:term":[{"taxonomy":"category","embeddable":true,"href":"https:\/\/pdt-rj.org.br\/index.php\/wp-json\/wp\/v2\/categories?post=42763"},{"taxonomy":"post_tag","embeddable":true,"href":"https:\/\/pdt-rj.org.br\/index.php\/wp-json\/wp\/v2\/tags?post=42763"}],"curies":[{"name":"wp","href":"https:\/\/api.w.org\/{rel}","templated":true}]}}