{"id":42663,"date":"2016-05-19T16:57:23","date_gmt":"2016-05-19T19:57:23","guid":{"rendered":"http:\/\/www.malungo2.com.br\/pdt\/desenv\/?p=42663"},"modified":"2016-05-19T16:57:23","modified_gmt":"2016-05-19T19:57:23","slug":"comissao-do-senado-quer-regulamentar-profissao-de-educador-social","status":"publish","type":"post","link":"https:\/\/pdt-rj.org.br\/index.php\/comissao-do-senado-quer-regulamentar-profissao-de-educador-social\/","title":{"rendered":"Comiss\u00e3o do Senado quer regulamentar profiss\u00e3o de educador social"},"content":{"rendered":"<p>A Comiss\u00e3o de Educa\u00e7\u00e3o, Cultura e Esporte (CE) aprovou nesta ter\u00e7a-feira (17) o projeto de Telm\u00e1rio Mota (PDT-RR) que regulamenta a profiss\u00e3o de educador social (PLS 328\/2015). O relator na CE foi o senador Paulo Paim (PT-RS) e a proposta segue para an\u00e1lise da Comiss\u00e3o de Assuntos Sociais (CAS).<\/p>\n<p>Fica determinado como campo de atua\u00e7\u00e3o desses profissionais as atividades situadas dentro ou fora do ambiente escolar e que envolvem a\u00e7\u00f5es educativas com diversas popula\u00e7\u00f5es, em distintos \u00e2mbitos institucionais, comunit\u00e1rios e sociais, em programas educativos a partir das pol\u00edticas p\u00fablicas definidas pelos \u00f3rg\u00e3os federais, estaduais ou municipais.<\/p>\n<p>Passam a ser ainda atribui\u00e7\u00f5es do educador social as a\u00e7\u00f5es educativas e de media\u00e7\u00e3o que envolvam direitos e deveres humanos, a justi\u00e7a social e o exerc\u00edcio da cidadania com pessoas de qualquer classe social, g\u00eanero, idade, etnia, cultura e nacionalidade, por meio da promo\u00e7\u00e3o cultural, pol\u00edtica e c\u00edvica.<\/p>\n<p>Os profissionais dever\u00e3o ainda ter forma\u00e7\u00e3o superior em n\u00edvel de gradua\u00e7\u00e3o, admitida a escolaridade m\u00ednima de n\u00edvel m\u00e9dio para aqueles que exercerem a profiss\u00e3o at\u00e9 o in\u00edcio da vig\u00eancia da lei.<\/p>\n<p>Durante a reuni\u00e3o da CE, Telm\u00e1rio Mota chamou aten\u00e7\u00e3o para o car\u00e1ter inovador da proposta, lembrando que esta \u00e9 uma demanda hist\u00f3rica do segmento educacional em nosso pa\u00eds.<\/p>\n<p>\u2014 Esse \u00e9 um sonho do magist\u00e9rio, uma metodologia que inclusive j\u00e1 deu certo em outras na\u00e7\u00f5es. Contribui especialmente pra algu\u00e9m que, por alguma raz\u00e3o, como uma enfermidade por exemplo, n\u00e3o puder frequentar a sala de aula \u2014 lembrou.<\/p>\n<p>Ele citou ainda que em 2009 a atividade de educador social foi inclu\u00edda na Classifica\u00e7\u00e3o Brasileira de Ocupa\u00e7\u00f5es do Minist\u00e9rio do Trabalho. E muitos estados j\u00e1 abriram concursos p\u00fablicos para o provimento de cargos para essa atividade.<\/p>\n<p>&nbsp;<\/p>\n<!-- AddThis Advanced Settings generic via filter on the_content --><!-- AddThis Share Buttons generic via filter on the_content -->","protected":false},"excerpt":{"rendered":"<p>A Comiss\u00e3o de Educa\u00e7\u00e3o, Cultura e Esporte (CE) aprovou nesta ter\u00e7a-feira (17) o projeto de Telm\u00e1rio Mota (PDT-RR) que regulamenta a profiss\u00e3o de educador social (PLS 328\/2015). O relator na CE foi o senador Paulo Paim (PT-RS) e a proposta segue para an\u00e1lise da Comiss\u00e3o de Assuntos Sociais (CAS). Fica determinado como campo de atua\u00e7\u00e3o&#8230;<!-- AddThis Advanced Settings generic via filter on wp_trim_excerpt --><!-- AddThis Share Buttons generic via filter on wp_trim_excerpt --><\/p>\n","protected":false},"author":17,"featured_media":42664,"comment_status":"open","ping_status":"open","sticky":false,"template":"","format":"standard","meta":{"_monsterinsights_skip_tracking":false,"_monsterinsights_sitenote_active":false,"_monsterinsights_sitenote_note":"","_monsterinsights_sitenote_category":0,"_uf_show_specific_survey":0,"_uf_disable_surveys":false,"footnotes":""},"categories":[976],"tags":[232,270,341,906],"class_list":["post-42663","post","type-post","status-publish","format-standard","has-post-thumbnail","hentry","category-noticias-em-destaque","tag-comissao-de-educacao","tag-cultura-e-esporte-do-senado","tag-educador-social","tag-telmario-mota"],"acf":[],"_links":{"self":[{"href":"https:\/\/pdt-rj.org.br\/index.php\/wp-json\/wp\/v2\/posts\/42663","targetHints":{"allow":["GET"]}}],"collection":[{"href":"https:\/\/pdt-rj.org.br\/index.php\/wp-json\/wp\/v2\/posts"}],"about":[{"href":"https:\/\/pdt-rj.org.br\/index.php\/wp-json\/wp\/v2\/types\/post"}],"author":[{"embeddable":true,"href":"https:\/\/pdt-rj.org.br\/index.php\/wp-json\/wp\/v2\/users\/17"}],"replies":[{"embeddable":true,"href":"https:\/\/pdt-rj.org.br\/index.php\/wp-json\/wp\/v2\/comments?post=42663"}],"version-history":[{"count":0,"href":"https:\/\/pdt-rj.org.br\/index.php\/wp-json\/wp\/v2\/posts\/42663\/revisions"}],"wp:featuredmedia":[{"embeddable":true,"href":"https:\/\/pdt-rj.org.br\/index.php\/wp-json\/"}],"wp:attachment":[{"href":"https:\/\/pdt-rj.org.br\/index.php\/wp-json\/wp\/v2\/media?parent=42663"}],"wp:term":[{"taxonomy":"category","embeddable":true,"href":"https:\/\/pdt-rj.org.br\/index.php\/wp-json\/wp\/v2\/categories?post=42663"},{"taxonomy":"post_tag","embeddable":true,"href":"https:\/\/pdt-rj.org.br\/index.php\/wp-json\/wp\/v2\/tags?post=42663"}],"curies":[{"name":"wp","href":"https:\/\/api.w.org\/{rel}","templated":true}]}}