{"id":42477,"date":"2016-05-15T07:35:13","date_gmt":"2016-05-15T10:35:13","guid":{"rendered":"http:\/\/www.malungo2.com.br\/pdt\/desenv\/?p=42477"},"modified":"2016-05-15T07:35:13","modified_gmt":"2016-05-15T10:35:13","slug":"sofri-toda-sorte-de-sabotagem-diz-dilma-a-imprensa-estrangeira","status":"publish","type":"post","link":"https:\/\/pdt-rj.org.br\/index.php\/sofri-toda-sorte-de-sabotagem-diz-dilma-a-imprensa-estrangeira\/","title":{"rendered":"Dilma \u00e0 imprensa estrangeira: &#8216;Sofri toda sorte de sabotagem&#8217;"},"content":{"rendered":"<p>Em ofensiva na imprensa estrangeira contra sua poss\u00edvel cassa\u00e7\u00e3o definitiva, a presidente afastada Dilma Rousseff disse nesta sexta-feira que seu governo sofreu &#8220;toda sorte de sabotagem&#8221; como forma de viabilizar sua queda.<\/p>\n<p>Em coletiva com jornalistas de ve\u00edculos estrangeiros no Pal\u00e1cio do Alvorada no dia seguinte a seu afastamento, a petista disse que as elites do pa\u00eds usaram o impeachment como meio de implementar um programa de governo que n\u00e3o teria apoio das urnas, liberal na economia e conservador em outras \u00e1reas, como cultural e social.<\/p>\n<p>Dilma argumentou que seu governo prop\u00f4s medidas para tirar o pa\u00eds da crise, mas que elas n\u00e3o foram aprovadas no Congresso.<\/p>\n<p>&#8220;N\u00f3s, h\u00e1 15 meses aproximadamente, sofremos toda sorte de sabotagem na tentativa de governar&#8221;, afirmou.<\/p>\n<p>&#8220;Est\u00e1vamos enfrentando uma crise e precis\u00e1vamos de tomar medidas que deviam ser aprovadas pelo Congresso. Sistematicamente, todas as sa\u00eddas propostas no sentido de sair da crise foram ou invalidadas, bloqueadas, ou aceitas s\u00f3 parcialmente.&#8221;<\/p>\n<p>Tamb\u00e9m nesta sexta-feira, o novo ministro da Fazenda, Henrique Meirelles, n\u00e3o descartou a possibilidade de cria\u00e7\u00e3o de novos impostos, ainda que tempor\u00e1rios, e disse que n\u00e3o vai retirar a proposta enviada por Dilma ao Congresso de recria\u00e7\u00e3o da CPMF.<\/p>\n<p>Governo Temer<\/p>\n<p>A presidente voltou a afirmar que o governo interino de Michel Temer n\u00e3o tem legitimidade.<\/p>\n<p>&#8220;Tentam e querem utilizar agora da prerrogativa do impeachment fraudulento, portanto do golpe, para poder executar seu programa de governo que n\u00e3o foi aprovado nas urnas. Porque o programa que eu defendi, a que dei suporte, \u00e9 de continuidade dos programas sociais, da inclus\u00e3o social, da retomada do crescimento econ\u00f4mico&#8221;, afirmou.<\/p>\n<p>A economia, que durante seu primeiro mandato j\u00e1 apresentava sinais de fraqueza, entrou em recess\u00e3o na passagem para o segundo, com aumento do desemprego, infla\u00e7\u00e3o e juros. Para a oposi\u00e7\u00e3o e parte da opini\u00e3o p\u00fablica, isso \u00e9 consequ\u00eancia da m\u00e1 gest\u00e3o econ\u00f4mica da administra\u00e7\u00e3o de Dilma.<\/p>\n<p>A presidente afastada disse durante a entrevista que seu governo procurou enfrentar a crise sem cortar nenhum programa social &#8211; ela argumentou que isso teria desagradado as elites brasileiras, que se uniram ent\u00e3o em torno do impeachment.<\/p>\n<p>&#8220;Acontece que durante 13 anos n\u00f3s implementamos no Brasil um programa de inclus\u00e3o social, que n\u00e3o era um programa liberal, que valorizava por exemplo o pr\u00e9-sal. Muitas pessoas nas elites estavam descontentes com isso. Ora, h\u00e1 uma outra vis\u00e3o sobre como o pa\u00eds deve se comportar para sair da crise&#8221;, disse.<\/p>\n<p>&#8220;Essa vis\u00e3o criou uma s\u00f3lida alian\u00e7a entre v\u00e1rios segmentos. Aproveitou-se de um conflito que est\u00e1 caracterizado no Brasil h\u00e1 muito tempo entre Executivo e Legislativo e perceberam condi\u00e7\u00f5es bastante favor\u00e1veis na medida em que havia uma vers\u00e3o dada pela grande imprensa brasileira a respeito da situa\u00e7\u00e3o.&#8221;<\/p>\n<p>Negros e mulheres<\/p>\n<p>A presidente afastada criticou a forma\u00e7\u00e3o 100% masculina e branca do gabinete de Temer, anunciada na quinta-feira, quando o peemedebista tomou posse como presidente interino.<\/p>\n<p>&#8220;Eu lamento que depois de muito tempo n\u00e3o haja mulheres e negros no minist\u00e9rio. Negro e mulher (no governo) \u00e9 fundamental se voc\u00ea quer construir um pa\u00eds inclusivo, n\u00e3o s\u00f3 do ponto de vista social, mas cultural e dos direitos humanos&#8221;, criticou.<\/p>\n<p>&#8220;Acho que \u00e9 um governo (&#8230;) que vai ser liberal na economia e extremamente conservador na \u00e1rea de cultura, na \u00e1rea social, est\u00e1 mostrando isso na sua forma\u00e7\u00e3o.&#8221;<\/p>\n<p>Nova rotina<\/p>\n<p>Questionada por jornalistas sobre sua vida pessoal ap\u00f3s o afastamento, Dilma afirmou que n\u00e3o acredita que ter\u00e1 muito tempo livre agora porque ter\u00e1 que se dedicar a sua defesa jur\u00eddica e pol\u00edtica. Nesta quinta-feira, o Senado determinou seu afastamento por at\u00e9 180 dias, per\u00edodo em que ser\u00e1 realizado seu julgamento.<\/p>\n<p>O objetivo de Dilma \u00e9 evitar que dois ter\u00e7os do Senado votem a favor de seu impeachment, algo que resultaria em seu afastamento definitivo do cargo.<\/p>\n<p>A petista disse que quer viajar pelo pa\u00eds para se defender e que avaliar\u00e1 todos os convites.<\/p>\n<p>&#8220;Eu vou viajar pelo Brasil sempre que me chamarem para ir. Quem me convidar, vou avaliar. Para qualquer lugar.&#8221;<\/p>\n<p>Um dos jornalistas perguntou especificamente sobre um conversa com o chefe da Igreja Cat\u00f3lica. &#8220;Se o papa me convidar, voc\u00ea pode ter certeza (que vou). Porque eu tenho uma imensa admira\u00e7\u00e3o pelo papa.&#8221;<\/p>\n<p>Investiga\u00e7\u00f5es<\/p>\n<p>O ex-ministro da Justi\u00e7a e ex-advogado-geral da Uni\u00e3o Jos\u00e9 Eduardo Cardozo, respons\u00e1vel pela defesa de Dilma, tamb\u00e9m participou da entrevista e disse acreditar que a opera\u00e7\u00e3o Lava Jato ter\u00e1 continuidade no governo Temer. Segundo ele, o governo petista criou uma &#8220;cultura&#8221; de autonomia da Pol\u00edcia Federal e do Minist\u00e9rio P\u00fablico Federal que seria dif\u00edcil de reverter.<\/p>\n<p>&#8220;Imagino que pessoas v\u00e3o tentar matar a Lava Jato, mas duvido que consigam&#8221;, afirmou.<\/p>\n<p>Cardozo \u00e9 atualmente investigado pela Procuradoria-Geral da Rep\u00fablica por ter supostamente influenciado na nomea\u00e7\u00e3o do ministro do STJ (Superior Tribunal de Justi\u00e7a) Marcelo Navarro com objetivo de soltar presos da Lava Jato. Ele nega as acusa\u00e7\u00f5es.<\/p>\n<p>Apesar de ter perdido o foro privilegiado, Cardozo acredita que a investiga\u00e7\u00e3o continuar\u00e1 sobre a tutela do Supremo Tribunal Federal, e n\u00e3o do juiz Sergio Moro, porque Navarro possui foro.<\/p>\n<p>Disse, por\u00e9m, que n\u00e3o tem receio de ser investigado na primeira inst\u00e2ncia da Justi\u00e7a. &#8220;Pode colocar o juiz que quiser para investigar esses fatos que n\u00e3o t\u00eam o menor cabimento.&#8221;<\/p>\n<p>Dilma, por sua vez, reclamou que haveria tratamento diferenciado no caso de investiga\u00e7\u00f5es contra membros e aliados do seu governo e contra partidos que faziam oposi\u00e7\u00e3o a sua administra\u00e7\u00e3o.<\/p>\n<p>&#8220;Sistematicamente, tudo que se acusa a n\u00f3s \u00e9 aceito. Tudo que se acusa ou se pede investiga\u00e7\u00e3o da oposi\u00e7\u00e3o \u00e9 recusado. A mim tentaram sistematicamente investigar. Viraram do avesso, eu nunca tive conta no exterior, n\u00e3o recebo propina.&#8221;<\/p>\n<p>A declara\u00e7\u00e3o pareceu uma refer\u00eancia \u00e0 decis\u00e3o do ministro do STF Gilmar Mendes de determinar que o procurador-geral da Rep\u00fablica, Rodrigo Janot, reavaliasse a necessidade de abrir um inqu\u00e9rito contra o senador A\u00e9cio Neves (PSDB-MG) para investigar suposto envolvimento em esquema de corrup\u00e7\u00e3o em Furnas.<\/p>\n<p>Questionada sobre o que achava da decis\u00e3o, a petista ironizou: &#8220;Acho bastante interessante, extremamente interessante&#8221;.<\/p>\n<p>Apesar de a assessoria de Dilma ter convidado cerca de 20 ve\u00edculos para a entrevista, ela iniciou a conversa dizendo que estava sem tempo e responderia apenas a quatro perguntas. Acabou aceitando cinco no total.<\/p>\n<!-- AddThis Advanced Settings generic via filter on the_content --><!-- AddThis Share Buttons generic via filter on the_content -->","protected":false},"excerpt":{"rendered":"<p>Em ofensiva na imprensa estrangeira contra sua poss\u00edvel cassa\u00e7\u00e3o definitiva, a presidente afastada Dilma Rousseff disse nesta sexta-feira que seu governo sofreu &#8220;toda sorte de sabotagem&#8221; como forma de viabilizar sua queda. Em coletiva com jornalistas de ve\u00edculos estrangeiros no Pal\u00e1cio do Alvorada no dia seguinte a seu afastamento, a petista disse que as elites&#8230;<!-- AddThis Advanced Settings generic via filter on wp_trim_excerpt --><!-- AddThis Share Buttons generic via filter on wp_trim_excerpt --><\/p>\n","protected":false},"author":17,"featured_media":42478,"comment_status":"open","ping_status":"open","sticky":false,"template":"","format":"standard","meta":{"_monsterinsights_skip_tracking":false,"_monsterinsights_sitenote_active":false,"_monsterinsights_sitenote_note":"","_monsterinsights_sitenote_category":0,"_uf_show_specific_survey":0,"_uf_disable_surveys":false,"footnotes":""},"categories":[976],"tags":[162,487,687,846],"class_list":["post-42477","post","type-post","status-publish","format-standard","has-post-thumbnail","hentry","category-noticias-em-destaque","tag-bbc","tag-imprensa-estrangeira","tag-palacio-do-planalto","tag-sabotagem"],"acf":[],"_links":{"self":[{"href":"https:\/\/pdt-rj.org.br\/index.php\/wp-json\/wp\/v2\/posts\/42477","targetHints":{"allow":["GET"]}}],"collection":[{"href":"https:\/\/pdt-rj.org.br\/index.php\/wp-json\/wp\/v2\/posts"}],"about":[{"href":"https:\/\/pdt-rj.org.br\/index.php\/wp-json\/wp\/v2\/types\/post"}],"author":[{"embeddable":true,"href":"https:\/\/pdt-rj.org.br\/index.php\/wp-json\/wp\/v2\/users\/17"}],"replies":[{"embeddable":true,"href":"https:\/\/pdt-rj.org.br\/index.php\/wp-json\/wp\/v2\/comments?post=42477"}],"version-history":[{"count":0,"href":"https:\/\/pdt-rj.org.br\/index.php\/wp-json\/wp\/v2\/posts\/42477\/revisions"}],"wp:featuredmedia":[{"embeddable":true,"href":"https:\/\/pdt-rj.org.br\/index.php\/wp-json\/"}],"wp:attachment":[{"href":"https:\/\/pdt-rj.org.br\/index.php\/wp-json\/wp\/v2\/media?parent=42477"}],"wp:term":[{"taxonomy":"category","embeddable":true,"href":"https:\/\/pdt-rj.org.br\/index.php\/wp-json\/wp\/v2\/categories?post=42477"},{"taxonomy":"post_tag","embeddable":true,"href":"https:\/\/pdt-rj.org.br\/index.php\/wp-json\/wp\/v2\/tags?post=42477"}],"curies":[{"name":"wp","href":"https:\/\/api.w.org\/{rel}","templated":true}]}}