{"id":42457,"date":"2016-05-14T06:29:56","date_gmt":"2016-05-14T09:29:56","guid":{"rendered":"http:\/\/www.malungo2.com.br\/pdt\/desenv\/?p=42457"},"modified":"2016-05-14T06:29:56","modified_gmt":"2016-05-14T09:29:56","slug":"dos-23-ministros-de-temer-sete-respondem-a-justica-ou-ja-foram-condenados","status":"publish","type":"post","link":"https:\/\/pdt-rj.org.br\/index.php\/dos-23-ministros-de-temer-sete-respondem-a-justica-ou-ja-foram-condenados\/","title":{"rendered":"Dos 23 ministros de Temer, sete respondem \u00e0 Justi\u00e7a ou j\u00e1 foram condenados"},"content":{"rendered":"<p class=\"story-body__introduction\">Dos 23 nomes escolhidos por Temer para o seu minist\u00e9rio, que \u00e9 provis\u00f3rio, como a gest\u00e3o dele na presid\u00eancia, sete \u00a0(ou 32%) s\u00e3o investigados pela Justi\u00e7a ou em tribunais de conta ou j\u00e1 foram condenados. Entre os membros da equipe do presidente interino, Henrique Alves, Romero Juc\u00e1, Geddel Vieira Lima, Ricardo Barros, Jos\u00e9 Serra e Gilberto Kassab s\u00e3o suspeitos de crimes como improbidade administrativa.<\/p>\n<p>Leia abaixo um pequeno perfil de quem assume os minist\u00e9rios.<\/p>\n<h2 class=\"story-body__crosshead\">Fazenda<\/h2>\n<p>Um dos primeiros nomes cogitados por Temer, Henrique Meirelles foi presidente do Banco Central desde o come\u00e7o do governo Lula, em 2003, at\u00e9 2011, tornando-se o mais longevo no cargo. Sua passagem \u00e9 lembrada por transpar\u00eancia na comunica\u00e7\u00e3o, um ciclo bem sucedido de redu\u00e7\u00e3o de juros, a infla\u00e7\u00e3o controlada e um crescimento cont\u00ednuo do PIB.<\/p>\n<p>Antes de assumir o BC, Meirelles foi presidente mundial do BankBoston e candidato \u00e0 deputado federal por Goi\u00e1s, tendo sido o mais votado no Estado. No entanto, n\u00e3o chegou a ocupar a cadeira porque aceitou a fun\u00e7\u00e3o no Banco Central.<\/p>\n<figure class=\"media-landscape has-caption full-width\"><span class=\"image-and-copyright-container\"><img loading=\"lazy\" decoding=\"async\" class=\"responsive-image__img js-image-replace alignleft\" src=\"http:\/\/ichef.bbci.co.uk\/news\/ws\/624\/amz\/worldservice\/live\/assets\/images\/2016\/05\/13\/160513100058_meirelles_640x360_epa_nocredit.jpg\" alt=\"\" width=\"274\" height=\"154\" data-highest-encountered-width=\"624\" \/><\/span>Meirelles foi presidente do Banco Central desde o come\u00e7o do governo Lula, em 2003, at\u00e9 2011<\/figure>\n<p>Filiado ao PMDB, antes da indica\u00e7\u00e3o, Meirelles estava \u00e0 frente do banco Original, do grupo JBS. Ele tamb\u00e9m presidia o Conselho da J&amp;F Investimentos e era membro do Conselho do Lloyd&#8217;s de Londres e do Conselho de Administra\u00e7\u00e3o da Azul Linhas A\u00e9reas.<\/p>\n<h2 class=\"story-body__crosshead\">\u00a0<\/h2>\n<h2 class=\"story-body__crosshead\">Planejamento<\/h2>\n<p>Integrante da base de Temer, o senador Romero Juc\u00e1 (PMDB-RR) \u00e9 presidente da sigla e foi l\u00edder dos governos FHC, Lula e Dilma no Senado. Foi eleito \u00e0 Casa em 1994, depois de ser presidente da Funai nos anos 1980. Juc\u00e1 foi reeleito para outros dois mandatos consecutivos, em 2002, pelo PSDB, e em 2010, j\u00e1 no PMDB. Em 2005, foi nomeado ministro da Previd\u00eancia Social do governo Lula, mas deixou o cargo depois de quatro meses, acusado de corrup\u00e7\u00e3o.<\/p>\n<figure class=\"media-landscape has-caption full-width\"><span class=\"image-and-copyright-container\"><img loading=\"lazy\" decoding=\"async\" class=\"responsive-image__img js-image-replace\" src=\"http:\/\/ichef.bbci.co.uk\/news\/ws\/624\/amz\/worldservice\/live\/assets\/images\/2016\/05\/11\/160511210857_sp_romero_juca_640x360_abr_nocredit.jpg\" alt=\"Romero Juc\u00e1\" width=\"640\" height=\"360\" data-highest-encountered-width=\"624\" \/><\/span><\/figure>\n<figure class=\"media-landscape has-caption full-width\">Ex-l\u00edder de FHC, Lula e Dilma no Senado, Juc\u00e1 \u00e9 alvo de inqu\u00e9ritos e investigado na Lava Jato<\/figure>\n<p>No PMDB, ele fez parte da ala que defendeu o desembarque do partido do governo Dilma. Segundo o jornal <i>Folha de S.Paulo,<\/i> como ministro, Juc\u00e1 planeja levar a mineradora Vale para sua \u00e1rea de influ\u00eancia e participar da escolha do pr\u00f3ximo presidente da empresa.<\/p>\n<p>O senador \u00e9 alvo de dois inqu\u00e9ritos no Supremo Tribunal Federal (STF). A suspeita \u00e9 de recebimento de propina de contratos do setor el\u00e9trico disfar\u00e7ada de doa\u00e7\u00e3o eleitoral a seu filho, que disputou o cargo de vice-governador de Roraima em 2014. Juc\u00e1 tamb\u00e9m \u00e9 investigado no principal inqu\u00e9rito da Lava Jato no STF, que apura forma\u00e7\u00e3o de quadrilha no esquema de desvios da Petrobras.<\/p>\n<h2 class=\"story-body__crosshead\">Casa Civil<\/h2>\n<p>Aliado pr\u00f3ximo do presidente interino, Eliseu Padilha foi ministro da Avia\u00e7\u00e3o Civil de Dilma e dos Transportes de FHC. Sua participa\u00e7\u00e3o no governo petista foi breve. Anunciado como ministro em dezembro de 2014, pediu demiss\u00e3o em dezembro de 2015, um dia antes do ent\u00e3o presidente da C\u00e2mara, Eduardo Cunha, acatar o pedido de impeachment. Padilha alegou &#8220;raz\u00f5es pessoais&#8221; para justificar sua sa\u00edda.<\/p>\n<p>No ano passado, Padilha livrou-se de um inqu\u00e9rito por peculato (desvio de recurso por funcion\u00e1rio p\u00fablico) a que respondia no Supremo Tribunal Federal (STF). Ele era investigado pela contrata\u00e7\u00e3o de uma funcion\u00e1ria fantasma em seu gabinete na C\u00e2mara.<\/p>\n<p>Em 2014, a Primeira Turma do Supremo entendeu que havia um problema na origem da investiga\u00e7\u00e3o e decidiu arquiv\u00e1-la.<\/p>\n<figure class=\"media-landscape has-caption full-width\"><span class=\"image-and-copyright-container\"><img loading=\"lazy\" decoding=\"async\" class=\"responsive-image__img js-image-replace\" src=\"http:\/\/ichef.bbci.co.uk\/news\/ws\/624\/amz\/worldservice\/live\/assets\/images\/2016\/05\/13\/160513102037_padilha_640x360_getty_nocredit.jpg\" alt=\"Eliseu Padilha\" width=\"640\" height=\"360\" data-highest-encountered-width=\"624\" \/><\/span><\/figure>\n<figure class=\"media-landscape has-caption full-width\">Eliseu Padilha (em di\u00e1logo com Temer) foi ministro dos governos FHC e Dilma<\/figure>\n<p>Padilha, de 70 anos, tamb\u00e9m foi tr\u00eas vezes deputado federal pelo Rio Grande do Sul.<\/p>\n<p>Nas elei\u00e7\u00f5es de 2010, ficou como primeiro suplente e retornou ao cargo em 2013, com a nomea\u00e7\u00e3o do deputado Mendes Ribeiro Filho para o Minist\u00e9rio da Agricultura. Permaneceu no cargo at\u00e9 janeiro de 2015. Todos os seus mandatos foram exercidos no PMDB, ao qual \u00e9 filiado desde 1966.<\/p>\n<h2 class=\"story-body__crosshead\">Secretaria de Governo<\/h2>\n<p>Ex-ministro da Integra\u00e7\u00e3o Nacional de Lula e ex-l\u00edder do PMDB na C\u00e2mara, Geddel Vieira Lima ser\u00e1 o respons\u00e1vel pela articula\u00e7\u00e3o pol\u00edtica no Congresso. O nome teria sido escolha pessoal de Temer.<\/p>\n<p>Antes do an\u00fancio de Temer, quando era apenas cotado para o minist\u00e9rio, ele fez duras cr\u00edticas a Dilma, dizendo que ela deveria parar de &#8220;se vitimizar&#8221;. Na gest\u00e3o da petista, Lima foi vice-presidente de Pessoa Jur\u00eddica da Caixa Econ\u00f4mica Federal.<\/p>\n<figure class=\"media-landscape has-caption full-width\"><span class=\"image-and-copyright-container\"><img loading=\"lazy\" decoding=\"async\" class=\"responsive-image__img js-image-replace\" src=\"http:\/\/ichef-1.bbci.co.uk\/news\/ws\/624\/amz\/worldservice\/live\/assets\/images\/2016\/05\/13\/160513102435_geddel_640x360_agenciabrasil_nocredit.jpg\" alt=\"Geddel Vieira Lima\" width=\"640\" height=\"360\" data-highest-encountered-width=\"624\" \/><\/span><\/figure>\n<figure class=\"media-landscape has-caption full-width\">Respons\u00e1vel pela articula\u00e7\u00e3o pol\u00edtica no Congresso, Geddel \u00e9 visto como distante do Parlamento<\/figure>\n<p>Citado na Opera\u00e7\u00e3o Lava Jato, ele \u00e9 suspeito de ter usado sua influ\u00eancia para atender a interesses da construtora OAS no banco, junto \u00e0 Secretaria da Avia\u00e7\u00e3o Civil da Presid\u00eancia e \u00e0 prefeitura de Salvador.<\/p>\n<p>Hoje, ele \u00e9 visto como um nome que est\u00e1 distante do Parlamento.<\/p>\n<h2 class=\"story-body__crosshead\">Rela\u00e7\u00f5es Exteriores<\/h2>\n<p>Amigo pessoal de Michel Temer e um dos caciques do PSDB, Jos\u00e9 Serra defendeu o apoio do partido ao ent\u00e3o vice-presidente. Ex-ministro do Planejamento e da Sa\u00fade de FHC, o senador j\u00e1 se candidatou duas vezes ao Planalto: em 2002, derrotado por Lula, e 2010, derrotado por Dilma.<\/p>\n<p>Foi tamb\u00e9m governador de S\u00e3o Paulo e prefeito da capital paulista.<\/p>\n<p>H\u00e1 pouco dias, o Supremo Tribunal Federal recebeu da Justi\u00e7a de S\u00e3o Paulo um pedido de investiga\u00e7\u00e3o de tr\u00eas ex-prefeitos suspeitos de improbidade administrativa, e um deles \u00e9 Serra &#8211; os outros s\u00e3o Marta Suplicy (PT-SP) e o ex-ministro e presidente nacional do PSD, Gilberto Kassab.<\/p>\n<figure class=\"media-landscape has-caption full-width\"><span class=\"image-and-copyright-container\"><img loading=\"lazy\" decoding=\"async\" class=\"responsive-image__img js-image-replace\" src=\"http:\/\/ichef.bbci.co.uk\/news\/ws\/624\/amz\/worldservice\/live\/assets\/images\/2016\/05\/13\/160513095213_serra_640x360_afp_nocredit.jpg\" alt=\"\" width=\"640\" height=\"360\" data-highest-encountered-width=\"624\" \/><\/span><\/figure>\n<figure class=\"media-landscape has-caption full-width\">Jos\u00e9 Serra foi candidato \u00e0 Presid\u00eancia duas vezes pelo PSDB e assume o Itamaraty<\/figure>\n<p>Al\u00e9m disso, em mar\u00e7o, o STF decidiu reabrir duas a\u00e7\u00f5es de repara\u00e7\u00e3o de danos por improbidade administrativa contra ex-ministros de FHC; Serra tamb\u00e9m est\u00e1 na lista.<\/p>\n<p>Segundo ve\u00edculos da imprensa, a ideia \u00e9 que Serra fortale\u00e7a o Itamaraty, dando-lhe mais protagonismo em negocia\u00e7\u00f5es comerciais e a\u00e7\u00f5es de est\u00edmulo a produtos brasileiros no exterior.<\/p>\n<h2 class=\"story-body__crosshead\">Cidades<\/h2>\n<p>Deputado respons\u00e1vel por dar o voto decisivo para o impeachment de Dilma na C\u00e2mara, Bruno Ara\u00fajo (PSDB-PE) \u00e9 aliado de A\u00e9cio Neves e j\u00e1 foi l\u00edder do PSDB na Casa.<\/p>\n<p>Ara\u00fajo teve o nome citado na lista de pagamentos feitos pela Odebrecht, reveada ap\u00f3s busca e apreens\u00e3o feita pela Opera\u00e7\u00e3o Lava Jato em mar\u00e7o. A cita\u00e7\u00e3o do nome do tucano \u00e9 referente \u00e0s campanhas eleitorais de 2010 e 2012.<\/p>\n<figure class=\"media-landscape has-caption full-width\"><span class=\"image-and-copyright-container\"><img loading=\"lazy\" decoding=\"async\" class=\"responsive-image__img js-image-replace\" src=\"http:\/\/ichef.bbci.co.uk\/news\/ws\/624\/amz\/worldservice\/live\/assets\/images\/2016\/04\/18\/160418183109_bruno_araujo_impeachment_640x360_nilsonbastianicamaradosdeputados_nocredit.jpg\" alt=\"\" width=\"640\" height=\"360\" data-highest-encountered-width=\"624\" \/><\/span><\/figure>\n<figure class=\"media-landscape has-caption full-width\">Ara\u00fajo deu o voto decisivo para avan\u00e7o do processo de impeachment em vota\u00e7\u00e3o na C\u00e2mara<\/figure>\n<p>O deputado diz que se trataram de doa\u00e7\u00f5es oficiais.<\/p>\n<p>O juiz S\u00e9rgio Moro, que conduz as investiga\u00e7\u00f5es da Lava Jato na primeira inst\u00e2ncia, j\u00e1 disse em despachos n\u00e3o ser poss\u00edvel concluir se os pagamentos foram ilegais.<\/p>\n<h2 class=\"story-body__crosshead\">Sa\u00fade<\/h2>\n<p>Relator do Or\u00e7amento 2016, o deputado Ricardo Barros (PP-PR) defendeu corte de R$ 10 bilh\u00f5es no Bolsa Fam\u00edlia. Deputado federal por cinco mandatos, ele teve o nome indicado pelo Partido Progressista.<\/p>\n<p>Barros foi cotado para assumir a pasta quando Dilma Rousseff (PT) reestruturou os minist\u00e9rios numa tentativa de manter a base aliada. No entanto, seu nome foi descartado quando ele decidiu seguir a orienta\u00e7\u00e3o do PP e apoiar o processo de impeachment.<\/p>\n<p>Um inqu\u00e9rito no STF investiga uma suposta orienta\u00e7\u00e3o dada por Barros para direcionar uma licita\u00e7\u00e3o de publicidade da prefeitura de Maring\u00e1.<\/p>\n<p>De acordo com grava\u00e7\u00f5es telef\u00f4nicas feitas em 2011 pelo Minist\u00e9rio P\u00fablico Estadual, Barros teria orientado um secret\u00e1rio da prefeitura de Maring\u00e1 a fazer um &#8220;acordo&#8221; entre duas ag\u00eancias de comunica\u00e7\u00e3o que disputavam licita\u00e7\u00e3o de publicidade da administra\u00e7\u00e3o municipal, no valor de R$ 7,5 milh\u00f5es.<\/p>\n<p>No ano passado, o ministro do STF Luiz Fux negou pedido do deputado para arquivar o inqu\u00e9rito. O parlamentar nega as acusa\u00e7\u00f5es.<\/p>\n<h2 class=\"story-body__crosshead\">Justi\u00e7a e Cidadania<\/h2>\n<p>Amigo de Michel Temer, o advogado e jurista Alexandre de Moraes era o Secret\u00e1rio de Seguran\u00e7a P\u00fablica de S\u00e3o Paulo &#8211; cargo para o qual foi convidado por Geraldo Alckmin (PSDB).<\/p>\n<p>Na secretaria, Moraes foi criticado pela atua\u00e7\u00e3o da pol\u00edcia militar em manifesta\u00e7\u00f5es de rua e nas ocupa\u00e7\u00f5es dos estudantes paulistanos no ano passado e neste ano. A a\u00e7\u00e3o da PM foi considerada em muitos momentos arbitr\u00e1ria e excessivamente violenta.<\/p>\n<figure class=\"media-landscape has-caption full-width\"><span class=\"image-and-copyright-container\"><img loading=\"lazy\" decoding=\"async\" class=\"responsive-image__img js-image-replace\" src=\"http:\/\/ichef-1.bbci.co.uk\/news\/ws\/624\/amz\/worldservice\/live\/assets\/images\/2016\/05\/13\/160513130236_alexandre_de_moraes_640x360_edsonlopesjra2fotografia_nocredit.jpg\" alt=\"\" width=\"640\" height=\"360\" data-highest-encountered-width=\"624\" \/><\/span><\/figure>\n<figure class=\"media-landscape has-caption full-width\">Como secret\u00e1rio da Seguran\u00e7a P\u00fablica de SP, Moraes foi criticado pela viol\u00eancia da pol\u00edcia militar<\/figure>\n<p>Antes de assumir a Seguran\u00e7a, entre 2007 e 2010, ele exerceu os cargos de secret\u00e1rio municipal de Transportes de S\u00e3o Paulo, acumulando as presid\u00eancias da CET (Companhia de Engenharia de Tr\u00e1fego) e da SPTrans (companhia de transportes p\u00fablicos da capital).<\/p>\n<p>\u00c9 formado pela Faculdade de Direito da USP e \u00e9 professor associado da mesma, al\u00e9m de lecionar em outras escolas na capital.<\/p>\n<h2 class=\"story-body__crosshead\">Comunica\u00e7\u00f5es e Ci\u00eancia e Tecnologia<\/h2>\n<p>Ex-ministro das Cidades do governo Dilma Rousseff, Gilberto Kassab migrou para o apoio a Temer na v\u00e9spera do impeachment. Seu nome foi indica\u00e7\u00e3o do PSD.<\/p>\n<p>Kassab tem longa vida pol\u00edtica na cidade de S\u00e3o Paulo, pela qual foi vereador, secret\u00e1rio na gest\u00e3o Celso Pitta, vice-prefeito no mandato de Jos\u00e9 Serra e finalmente prefeito, em 2006, quando Serra foi disputar o governo do Estado. Em 2008, ele venceu a disputa pela Prefeitura de S\u00e3o Paulo com 60,7% dos votos.<\/p>\n<p>Ele deixou o cargo com a pior avalia\u00e7\u00e3o desde Pitta (1997-2000), segundo pesquisa Ibope. Para 42% dos entrevistados, o governo de Kassab foi ruim ou p\u00e9ssimo. O principal ponto positivo foi a limpeza p\u00fablica (18%). Kassab encabe\u00e7ou a Lei Cidade Limpa, que pro\u00edbe propaganda em outdoors na capital e regula o tamanho de letreiros e placas de estabelecimentos comerciais.<\/p>\n<figure class=\"media-landscape has-caption full-width\"><span class=\"image-and-copyright-container\"><img loading=\"lazy\" decoding=\"async\" class=\"responsive-image__img js-image-replace\" src=\"http:\/\/ichef-1.bbci.co.uk\/news\/ws\/624\/amz\/worldservice\/live\/assets\/images\/2016\/05\/13\/160513100512_kassab_640x360_agenciabrasil_nocredit.jpg\" alt=\"\" width=\"640\" height=\"360\" data-highest-encountered-width=\"624\" \/><\/span><\/figure>\n<figure class=\"media-landscape has-caption full-width\">Ex-prefeito de S\u00e3o Paulo, Gilberto Kassab \u00e9 presidente do PSD<\/figure>\n<p>Em 2011, deixou o DEM e logo depois fundou uma nova legenda, o PSD, da qual \u00e9 presidente nacional.<\/p>\n<p>Ele \u00e9 um dos tr\u00eas ex-prefeitos de S\u00e3o Paulo na lista encaminhada ao STF pela Justi\u00e7a de SP com uma investiga\u00e7\u00e3o de improbidade administrativa (ver &#8216;Rela\u00e7\u00f5es Exteriores&#8217;, acima).<\/p>\n<p>Os prefeitos &#8211; Kassab, Marta Suplicy e Jos\u00e9 Serra &#8211; s\u00e3o acusados de terem ignorado regras do reajuste salarial de professores e funcion\u00e1rios municipais.<\/p>\n<p>Al\u00e9m disso, no ano passado, a Justi\u00e7a de S\u00e3o Paulo tornou Kassab r\u00e9u em uma a\u00e7\u00e3o de improbidade administrativa movida pelo Minist\u00e9rio P\u00fablico.<\/p>\n<p>Kassab \u00e9 responsabilizado por irregularidades na Feira da Madrugada, no Pari, em S\u00e3o Paulo, onde haveria um esquema de propina para que os comerciantes obtivessem estandes.<\/p>\n<h2 class=\"story-body__crosshead\">Meio Ambiente<\/h2>\n<p>Filho do ex-presidente Jos\u00e9 Sarney, Sarney Filho \u00e9 l\u00edder do Partido Verde na C\u00e2mara e militante da causa ambiental. Ele volta \u00e0 pasta que ocupou no governo de Fernando Henrique Cardoso, entre 1999 e 2002.<\/p>\n<p>Hoje com 58 anos, Sarney Filho foi eleito pelo Maranh\u00e3o pela primeira vez em 1978 e \u00e9 filiado ao PV desde 2002.<\/p>\n<figure class=\"media-landscape has-caption full-width\"><span class=\"image-and-copyright-container\"><img loading=\"lazy\" decoding=\"async\" class=\"responsive-image__img js-image-replace\" src=\"http:\/\/ichef.bbci.co.uk\/news\/ws\/624\/amz\/worldservice\/live\/assets\/images\/2016\/05\/13\/160513102804_sarney_filho_640x360_agenciabrasil_nocredit.jpg\" alt=\"Sarney Filho\" width=\"640\" height=\"360\" data-highest-encountered-width=\"624\" \/><\/span><\/figure>\n<figure class=\"media-landscape has-caption full-width\">O filho do ex-presidente Jos\u00e9 Sarney volta \u00e0 pasta que ocupou no governo FHC<\/figure>\n<p>Liderou a\u00e7\u00f5es do partido contra iniciativas do setor ruralista para flexibilizar o C\u00f3digo Florestal.<\/p>\n<p>O deputado foi um dos investigados pelo Minist\u00e9rio P\u00fablico por usar sua cota de passagens \u00e1reas para voar ao exterior com a mulher e o filho.<\/p>\n<h2 class=\"story-body__crosshead\">Educa\u00e7\u00e3o e Cultura<\/h2>\n<p>Deputado federal pelo DEM, Mendon\u00e7a Filho \u00e9 um dos l\u00edderes do movimento pr\u00f3-impeachment. Mendon\u00e7a foi vice-governador de Pernambuco na gest\u00e3o Jarbas Vasconcelos entre 1999 a 2005. No ano seguinte, quando Vasconcelos foi para o Senado, assumiu o governo.<\/p>\n<p>Tentou se reeleger, mas foi derrotado por Eduardo Campos, que morreu durante as elei\u00e7\u00f5es de 2014.<\/p>\n<p>Em 2009, um documento da Opera\u00e7\u00e3o Castelo de Areia, que prendeu diretores da construtora Camargo Corr\u00eaa, citou uma contribui\u00e7\u00e3o de R$ 100 mil de uma empresa do grupo a Mendon\u00e7a Filho durante sua campanha \u00e0 prefeitura de Recife.<\/p>\n<figure class=\"media-landscape has-caption full-width\"><span class=\"image-and-copyright-container\"><img loading=\"lazy\" decoding=\"async\" class=\"responsive-image__img js-image-replace\" src=\"http:\/\/ichef.bbci.co.uk\/news\/ws\/624\/amz\/worldservice\/live\/assets\/images\/2016\/05\/12\/160512220134_mendonca_filho_camara_dos_deputados_640x360_camaradosdeputados_nocredit.jpg\" alt=\"\" width=\"640\" height=\"360\" data-highest-encountered-width=\"624\" \/><\/span><\/figure>\n<figure class=\"media-landscape has-caption full-width\">Deputado pelo DEM, Mendon\u00e7a Filho \u00e9 um dos l\u00edderes do movimento pr\u00f3-impeachment<\/figure>\n<p>Na elei\u00e7\u00e3o de 2008, a Cavo Servi\u00e7os e Meio Ambiente, que pertence a Camargo Corr\u00eaa, doou R$ 675 mil para diversos candidatos. Mas n\u00e3o constava nenhuma doa\u00e7\u00e3o para Mendon\u00e7a Filho, que foi derrotado na disputa pela prefeitura de Recife.<\/p>\n<p>Na \u00e9poca, o deputado respondeu que recebeu duas contribui\u00e7\u00f5es da Camargo Corr\u00eaa, que somavam R$ 300 mil. As doa\u00e7\u00f5es, disse, n\u00e3o foram feitas diretamente ao seu comit\u00ea financeiro, mas ao Diret\u00f3rio Nacional do DEM.<\/p>\n<p>Dois anos depois, foi eleito mais uma vez para a C\u00e2mara dos Deputados.<\/p>\n<h2 class=\"story-body__crosshead\">Defesa<\/h2>\n<p>Ex-ministro de FHC, Raul Jungmann foi indicado pelo PPS.<\/p>\n<p>Em maio de 1996, Jungmann foi convocado pelo presidente Fernando Henrique Cardoso para assumir o Minist\u00e9rio Extraordin\u00e1rio de Pol\u00edtica Fundi\u00e1ria e lidar com a quest\u00e3o da reforma agr\u00e1ria no pa\u00eds.<\/p>\n<p>Ele foi investigado por fraude em licita\u00e7\u00e3o, peculato e corrup\u00e7\u00e3o em contratos de publicidade entre 1998 e 2001, per\u00edodo em que era ministro. Os contratos somavam R$ 33 milh\u00f5es.<\/p>\n<p>Em 2011, a Justi\u00e7a Federal arquivou o inqu\u00e9rito contra Jungmann porque n\u00e3o teria mais como aplicar a pena se o caso fosse a julgamento.<\/p>\n<p>A decis\u00e3o foi tomada a pedido do Minist\u00e9rio P\u00fablico porque um dos crimes tinha prescrevido e os outros prescreveriam em breve, j\u00e1 que Jungmann n\u00e3o tinha antecedentes criminais.<\/p>\n<figure class=\"media-landscape has-caption full-width\"><span class=\"image-and-copyright-container\"><img loading=\"lazy\" decoding=\"async\" class=\"responsive-image__img js-image-replace\" src=\"http:\/\/ichef-1.bbci.co.uk\/news\/ws\/624\/amz\/worldservice\/live\/assets\/images\/2016\/05\/12\/160512215522_raul_jungmann_agencia_senado_640x360_agenciasenado_nocredit.jpg\" alt=\"Raul Jungmann\" width=\"640\" height=\"360\" data-highest-encountered-width=\"624\" \/><\/span><\/figure>\n<figure class=\"media-landscape has-caption full-width\">Jungmann foi investigado por corrup\u00e7\u00e3o durante o per\u00edodo em que foi ministro de FHC<\/figure>\n<p>Entre 2003 a 2010, ele foi deputado federal por dois mandatos consecutivos, voltando \u00e0 C\u00e2mara em 2015.<\/p>\n<p>O parlamentar teve seu nome defendido para a pasta pelo Sindicato das Ind\u00fastrias de Materiais de Defesa (Simde) atrav\u00e9s de carta endere\u00e7ada a Michel Temer.<\/p>\n<p>Contudo, uma parte dos militares diz ter se sentido desprestigiada no processo de indica\u00e7\u00e3o do novo ministro.<\/p>\n<p>O passado de milit\u00e2ncia de Jungmann no PCB (Partido Comunista Brasileiro) n\u00e3o \u00e9 visto com simpatia. As For\u00e7as Armadas queriam um militar para a pasta, mas esperam que Jungmann tenha habilidade para dialogar, como fez o ex-ministro Aldo Rebelo, que era do PCdoB.<\/p>\n<p>&#8220;Esper\u00e1vamos um estadista, algu\u00e9m que entendesse a import\u00e2ncia da Defesa&#8221;, disse o vice-almirante Paulo Frederico Dobbin, presidente do Clube Naval do Rio de Janeiro, \u00e0 BBC Brasil.<\/p>\n<h2 class=\"story-body__crosshead\">Integra\u00e7\u00e3o Nacional<\/h2>\n<p>Deputado federal por Pernambuco, Fernando Coelho Filho passou a ser cotado depois que o PSB decidiu apoiar a gest\u00e3o Temer.<\/p>\n<p>Filiado \u00e0 sigla desde 2005 e l\u00edder do partido na C\u00e2mara, teve sua primeira candidatura \u00e0 casa no ano seguinte, aos 22 anos.<\/p>\n<h2 class=\"story-body__crosshead\">Fiscaliza\u00e7\u00e3o, Transpar\u00eancia e Controle (ex-CGU)<\/h2>\n<p>Formado em direito e com doutorado em ci\u00eancias penais pela UFMG, Fabiano Augusto Martins Silveira tem um perfil mais t\u00e9cnico. Ele \u00e9 conselheiro no Conselho Nacional de Justi\u00e7a (CNJ) pelo segundo mandato e consultor legislativo do Senado para direito penal, processo penal e penitenci\u00e1rio desde 2002.<\/p>\n<figure class=\"media-landscape has-caption full-width\"><span class=\"image-and-copyright-container\"><img loading=\"lazy\" decoding=\"async\" class=\"responsive-image__img js-image-replace\" src=\"http:\/\/ichef-1.bbci.co.uk\/news\/ws\/624\/amz\/worldservice\/live\/assets\/images\/2016\/05\/12\/160512214558_fabiano_augusto_martin_camara_dos_deputados_640x360_camaradosdeputados_nocredit.jpg\" alt=\"\" width=\"640\" height=\"360\" data-highest-encountered-width=\"624\" \/><\/span><\/figure>\n<figure class=\"media-landscape has-caption full-width\">Com doutorado em ci\u00eancias penais, Silveira tem perfil mais t\u00e9cnico e \u00e9 conselheiro do CNJ<\/figure>\n<p>Tamb\u00e9m participou da Comiss\u00e3o de Reforma do C\u00f3digo de Processo Penal do Senado, entre 2008 e 2009. Silveira deu aulas em universidades mineiras e foi conselheiro do Conselho Nacional do Minist\u00e9rio P\u00fablico (CNMP) no bi\u00eanio 2011-2013.<\/p>\n<h2 class=\"story-body__crosshead\">Desenvolvimento, Ind\u00fastria e Com\u00e9rcio Exterior<\/h2>\n<figure class=\"media-portrait has-caption body-narrow-width\"><span class=\"image-and-copyright-container\"><img loading=\"lazy\" decoding=\"async\" class=\"responsive-image__img js-image-replace\" src=\"http:\/\/ichef-1.bbci.co.uk\/news\/ws\/304\/amz\/worldservice\/live\/assets\/images\/2016\/05\/12\/160512215647_marco_pereira_vpr_281x351_vpr_nocredit.jpg\" alt=\"\" width=\"281\" height=\"351\" data-highest-encountered-width=\"304\" \/><\/span><\/figure>\n<figure class=\"media-portrait has-caption body-narrow-width\">Pastor da Igreja Universal, Marcos Pereira era cotado para o Minist\u00e9rio da Ci\u00eancia e Tecnologia, mas ficou com outra pasta<\/figure>\n<p>Antes cotado para o minist\u00e9rio da Ci\u00eancia e Tecnologia, o pastor ligado \u00e0 Igreja Universal Marcos Pereira ficou com o cargo de ministro do Desenvolvimento, Ind\u00fastria e Com\u00e9rcio Exterior.<\/p>\n<p>Presidente nacional do PRB, ele foi um dos respons\u00e1veis por um crescimento rel\u00e2mpago do partido que, at\u00e9 2010, tinha apenas oito deputados no Congresso e, depois da elei\u00e7\u00e3o de 2014, passou a ter 21. Pereira tamb\u00e9m foi respons\u00e1vel pela negocia\u00e7\u00e3o que colocou George Hilton, do PRB, no minist\u00e9rio do Esporte durante o segundo mandato do governo Dilma.<\/p>\n<p>Ele j\u00e1 foi vice-presidente da TV Record, que pertence \u00e0 Universal.<\/p>\n<h2 class=\"story-body__crosshead\">Esporte<\/h2>\n<p>Leonardo Picciani, um dos nomes fortes do PMDB e l\u00edder do partido na C\u00e2mara, ficar\u00e1 com o Minist\u00e9rio do Esporte.<\/p>\n<p>Leonardo \u00e9 filho de outro l\u00edder peemedebista, Jorge Picciani, e fez seu nome na pol\u00edtica no Rio de Janeiro. Esse foi um dos motivos pelos quais Temer optou por ele para a pasta de Esportes \u2013 considerando que em agosto haver\u00e1 Olimp\u00edada no Rio de Janeiro.<\/p>\n<figure class=\"media-landscape has-caption full-width\"><span class=\"image-and-copyright-container\"><img loading=\"lazy\" decoding=\"async\" class=\"responsive-image__img js-image-replace\" src=\"http:\/\/ichef-1.bbci.co.uk\/news\/ws\/624\/amz\/worldservice\/live\/assets\/images\/2016\/05\/13\/160513103949_picciani_640x360_agenciabrasil_nocredit.jpg\" alt=\"Leonardo Picciani\" width=\"640\" height=\"360\" data-highest-encountered-width=\"624\" \/><\/span><\/figure>\n<figure class=\"media-landscape has-caption full-width\">Leonardo Picciani, l\u00edder do PMDB, contrariou a orienta\u00e7\u00e3o do pr\u00f3prio partido e votou contra o impeachment de Dilma<\/figure>\n<p>Ele est\u00e1 no quarto mandato na C\u00e2mara e essa \u00e9 a primeira vez que \u00e9 nomeado ministro. Apesar de ter sido um dos escolhidos de Temer, Picciani contrariou a orienta\u00e7\u00e3o do partido e votou contra o impeachment de Dilma Rousseff na Casa em abril.<\/p>\n<h2 class=\"story-body__crosshead\">Turismo<\/h2>\n<p>Outro nome forte do PMDB, Henrique Alves voltou ao Minist\u00e9rio do Turismo ap\u00f3s ter deixado o cargo em mar\u00e7o desse ano, quando o partido decidiu sair da base do governo de Dilma Rousseff e abdicou de seus cargos.<\/p>\n<p>Alves foi deputado por 11 mandatos consecutivos pelo Rio Grande do Norte e chegou a presidir a C\u00e2mara de 2013 a 2015, at\u00e9 dar lugar ao colega de partido Eduardo Cunha \u2013 hoje afastado.<\/p>\n<figure class=\"media-landscape has-caption full-width\"><span class=\"image-and-copyright-container\"><img loading=\"lazy\" decoding=\"async\" class=\"responsive-image__img js-image-replace\" src=\"http:\/\/ichef.bbci.co.uk\/news\/ws\/624\/amz\/worldservice\/live\/assets\/images\/2016\/05\/11\/160511211722_sp_henrique_eduardo_alves_640x360_abr_nocredit.jpg\" alt=\"Henrique Alves\" width=\"640\" height=\"360\" data-highest-encountered-width=\"624\" \/><\/span><\/figure>\n<figure class=\"media-landscape has-caption full-width\">Alves volta ao Turismo, que deixou quando o PMDB decidiu sair da base do governo<\/figure>\n<p>Advogado, Alves se envolveu com a pol\u00edtica desde os tempos de ditadura militar, quando foi eleito deputado, em 1970. Ele participou da Assembleia Constituinte, que formulou a Constitui\u00e7\u00e3o em 1988.<\/p>\n<p>O agora ministro do Turismo, que foi citado na dela\u00e7\u00e3o do doleiro Alberto Yousseff e \u00e9 investigado na Opera\u00e7\u00e3o Lava Jato, passa a ter foro privilegiado com o cargo no governo Temer.<\/p>\n<h2 class=\"story-body__crosshead\">Ministro-chefe do Gabinete de Seguran\u00e7a Institucional<\/h2>\n<p>Membro das For\u00e7as Armadas por 45 anos, S\u00e9rgio Etchegoyen, que assumiu o Estado-Maior do Ex\u00e9rcito Brasileiro no ano passado, foi o escolhido de Temer para uma pasta que decidiu recriar, o Gabinete de Seguran\u00e7a Institucional (GSI).<\/p>\n<p>O plano do presidente interino \u00e9 reestruturar o sistema de intelig\u00eancia do pa\u00eds. Para isso, chamou Etchegoyen, nome indicado pelo ex-ministro da Defesa, Nelson Jobim, e pelo comandante do Ex\u00e9rcito, Eduardo Villas Boas.<\/p>\n<figure class=\"media-landscape has-caption full-width\"><span class=\"image-and-copyright-container\"><img loading=\"lazy\" decoding=\"async\" class=\"responsive-image__img js-image-replace\" src=\"http:\/\/ichef-1.bbci.co.uk\/news\/ws\/624\/amz\/worldservice\/live\/assets\/images\/2016\/05\/12\/160512215400_srgio_etchegoyen_pmdb_640x360_pmdb_nocredit.jpg\" alt=\"\" width=\"640\" height=\"360\" data-highest-encountered-width=\"624\" \/><\/span><\/figure>\n<figure class=\"media-landscape has-caption full-width\">Filho de general, S\u00e9rgio Etchegoyen criticou o relat\u00f3rio da Comiss\u00e3o da Verdade<\/figure>\n<p>Ele \u00e9 filho do general Leo Guedes Etchegoyen, morto em 2003, um dos 377 agentes do Estado listados pela Comiss\u00e3o da Verdade como respons\u00e1veis por crimes na ditadura.<\/p>\n<p>S\u00e9rgio Etchegoyen foi um dos primeiros integrantes do Alto Comando do Ex\u00e9rcito a criticar o trabalho da Comiss\u00e3o ap\u00f3s a divulga\u00e7\u00e3o do relat\u00f3rio, chamando-a de &#8220;leviana&#8221;.<\/p>\n<figure class=\"media-portrait has-caption body-narrow-width\"><span class=\"image-and-copyright-container\"><img loading=\"lazy\" decoding=\"async\" class=\"responsive-image__img js-image-replace\" src=\"http:\/\/ichef.bbci.co.uk\/news\/ws\/304\/amz\/worldservice\/live\/assets\/images\/2016\/05\/12\/160512215940_osmar_terra_pmdb_412x549_pmdb_nocredit.jpg\" alt=\"\" width=\"412\" height=\"549\" data-highest-encountered-width=\"304\" \/><\/span><\/figure>\n<figure class=\"media-portrait has-caption body-narrow-width\">Osmar Terra \u00e9 m\u00e9dico e foi secret\u00e1rio da Sa\u00fade do Rio Grande do Sul<\/figure>\n<h2 class=\"story-body__crosshead\">Desenvolvimento Social e Agr\u00e1rio<\/h2>\n<p>M\u00e9dico por forma\u00e7\u00e3o e deputado federal desde 2001, Osmar Terra, do PMBD, foi secret\u00e1rio da Sa\u00fade no Rio Grande do Sul e um defensor loquaz de uma pol\u00edtica r\u00edgida de repress\u00e3o contra drogas e tr\u00e1fico \u2013 e \u00e9 radicalmente contra a proposta de descriminaliza\u00e7\u00e3o da maconha.<\/p>\n<p>Como deputado, ele apresentou um projeto de lei para mudar o Sistema Nacional de Pol\u00edticas sobre Drogas tornando-o mais r\u00edgido. Uma das propostas, por exemplo, \u00e9 a interna\u00e7\u00e3o compuls\u00f3ria de dependentes qu\u00edmicos em determinadas circunst\u00e2ncias.<\/p>\n<h2 class=\"story-body__crosshead\">Trabalho<\/h2>\n<p>O Minist\u00e9rio do Trabalho ficou o ga\u00facho Ronaldo Nogueira de Oliveira, indicado de Roberto Jefferson, presidente nacional do PTB, que negociou o cargo com Temer.<\/p>\n<figure class=\"media-landscape has-caption full-width\"><span class=\"image-and-copyright-container\"><img loading=\"lazy\" decoding=\"async\" class=\"responsive-image__img js-image-replace\" src=\"http:\/\/ichef-1.bbci.co.uk\/news\/ws\/624\/amz\/worldservice\/live\/assets\/images\/2016\/05\/12\/160512221415_ronaldo_nogueira_camara_dos_deputados_640x360_camaradosdeputados_nocredit.jpg\" alt=\"\" width=\"640\" height=\"360\" data-highest-encountered-width=\"624\" \/><span class=\"off-screen\">Image copyright<\/span><span class=\"story-image-copyright\">CAMARA DOS DEPUTADOS<\/span><\/span><figcaption class=\"media-caption\"><span class=\"off-screen\">Image caption<\/span><span class=\"media-caption__text\">Ga\u00facho Ronaldo Nogueira foi indicado por Roberto Jefferson, presidente do PTB<\/span><\/figcaption><\/figure>\n<h2 class=\"story-body__crosshead\">Transportes, Portos e Avia\u00e7\u00e3o<\/h2>\n<p>Michel Temer uniu tr\u00eas pastas em uma s\u00f3 e nomeou para seu comando o deputado federal Maur\u00edcio Quintella (PR-AL).<\/p>\n<figure class=\"media-landscape has-caption full-width\"><span class=\"image-and-copyright-container\"><img loading=\"lazy\" decoding=\"async\" class=\"responsive-image__img js-image-replace\" src=\"http:\/\/ichef.bbci.co.uk\/news\/ws\/624\/amz\/worldservice\/live\/assets\/images\/2016\/05\/12\/160512221224_maurcio_quintella_agencia_senado_640x360_agenciasenado_nocredit.jpg\" alt=\"\" width=\"640\" height=\"360\" data-highest-encountered-width=\"624\" \/><\/span><\/figure>\n<figure class=\"media-landscape has-caption full-width\">Quintella foi condenado em 2014 por desvio de dinheiro da merenda escolar<\/figure>\n<p>Quintella est\u00e1 no seu quarto mandato na C\u00e2mara por Alagoas. Ele deixou a lideran\u00e7a do PR na Casa para votar a favor do impeachment &#8211; contrariando orienta\u00e7\u00e3o do partido.<\/p>\n<p>O deputado alagoano foi investigado e condenado em 2014 por envolvimento em um esquema de desvio de dinheiro da merenda escolar no seu Estado quando era secret\u00e1rio da Educa\u00e7\u00e3o entre 2003 e 2005. Ele recorre da decis\u00e3o.<\/p>\n<h2 class=\"story-body__crosshead\">Agricultura, Pecu\u00e1ria e Abastecimento<\/h2>\n<p>Conhecido como &#8216;rei da soja&#8217;, o senador Blairo Maggi, hoje do PP-MT, deixou o PR para poder assumir a pasta.<\/p>\n<p>Formado em agronomia, ele \u00e9 dono do grupo Ammagi, um dos principais exportadores de soja do pa\u00eds. Foi governador do Mato Grosso em 2002, onde se reelegeu em 2006, antes de se tornar senador.<\/p>\n<figure class=\"media-landscape has-caption full-width\"><span class=\"image-and-copyright-container\"><img loading=\"lazy\" decoding=\"async\" class=\"responsive-image__img js-image-replace\" src=\"http:\/\/ichef-1.bbci.co.uk\/news\/ws\/624\/amz\/worldservice\/live\/assets\/images\/2016\/05\/12\/160512221119_blairo_maggi_agenciaj_senado_640x360_agenciasenado_nocredit.jpg\" alt=\"\" width=\"640\" height=\"360\" data-highest-encountered-width=\"624\" \/><\/span><\/figure>\n<figure class=\"media-landscape has-caption full-width\">Grande exportador de soja, Maggi ganhou do Greenpeace o pr\u00eamio &#8216;Motosserra de Ouro&#8217;<\/figure>\n<p>Apesar de seu sucesso no agroneg\u00f3cio, Maggi \u00e9 bastante criticado por ativistas e ONGs ambientas, como o Greenpeace, que concedeu a ele o pr\u00eamio &#8220;Motosserra de Ouro&#8221; em 2005.<\/p>\n<p>O novo ministro era alvo de uma investiga\u00e7\u00e3o da Opera\u00e7\u00e3o Ararath por lavagem de dinheiro e corrup\u00e7\u00e3o. Nesta semana, por\u00e9m, o ministro do STF Dias Toffoli arquivou o inqu\u00e9rito que o investigava a pedido do procurador-geral da Rep\u00fablica, Rodrigo Janot.<\/p>\n<h2 class=\"story-body__crosshead\">Advocacia-Geral da Uni\u00e3o<\/h2>\n<p>O substituto de Jos\u00e9 Eduardo Cardozo \u2013 que defendeu e seguir\u00e1 defendendo Dilma Rousseff no processo de impeachment \u2013 ser\u00e1 F\u00e1bio Os\u00f3rio Medina, ex-promotor de Justi\u00e7a do Rio Grande do Sul.<\/p>\n<figure class=\"media-landscape has-caption full-width\"><span class=\"image-and-copyright-container\"><img loading=\"lazy\" decoding=\"async\" class=\"responsive-image__img js-image-replace\" src=\"http:\/\/ichef.bbci.co.uk\/news\/ws\/624\/amz\/worldservice\/live\/assets\/images\/2016\/05\/12\/160512214916_fabio_medina_agencia_senado_640x360_agenciasenado_nocredit.jpg\" alt=\"\" width=\"640\" height=\"360\" data-highest-encountered-width=\"624\" \/><\/span><\/figure>\n<figure class=\"media-landscape has-caption full-width\">F\u00e1bio Os\u00f3rio Medina \u00e9 especializado em leis de combate \u00e0 corrup\u00e7\u00e3o<\/figure>\n<p>Especializado em leis de combate \u00e0 corrup\u00e7\u00e3o, ele chegou a ser convidado, por senadores da oposi\u00e7\u00e3o ao governo Dilma, a falar na comiss\u00e3o especial do impeachment no Senado.<\/p>\n<!-- AddThis Advanced Settings generic via filter on the_content --><!-- AddThis Share Buttons generic via filter on the_content -->","protected":false},"excerpt":{"rendered":"<p>Dos 23 nomes escolhidos por Temer para o seu minist\u00e9rio, que \u00e9 provis\u00f3rio, como a gest\u00e3o dele na presid\u00eancia, sete \u00a0(ou 32%) s\u00e3o investigados pela Justi\u00e7a ou em tribunais de conta ou j\u00e1 foram condenados. Entre os membros da equipe do presidente interino, Henrique Alves, Romero Juc\u00e1, Geddel Vieira Lima, Ricardo Barros, Jos\u00e9 Serra e&#8230;<!-- AddThis Advanced Settings generic via filter on wp_trim_excerpt --><!-- AddThis Share Buttons generic via filter on wp_trim_excerpt --><\/p>\n","protected":false},"author":17,"featured_media":42459,"comment_status":"open","ping_status":"open","sticky":false,"template":"","format":"standard","meta":{"_monsterinsights_skip_tracking":false,"_monsterinsights_sitenote_active":false,"_monsterinsights_sitenote_note":"","_monsterinsights_sitenote_category":0,"_uf_show_specific_survey":0,"_uf_disable_surveys":false,"footnotes":""},"categories":[976],"tags":[],"class_list":["post-42457","post","type-post","status-publish","format-standard","has-post-thumbnail","hentry","category-noticias-em-destaque"],"acf":[],"_links":{"self":[{"href":"https:\/\/pdt-rj.org.br\/index.php\/wp-json\/wp\/v2\/posts\/42457","targetHints":{"allow":["GET"]}}],"collection":[{"href":"https:\/\/pdt-rj.org.br\/index.php\/wp-json\/wp\/v2\/posts"}],"about":[{"href":"https:\/\/pdt-rj.org.br\/index.php\/wp-json\/wp\/v2\/types\/post"}],"author":[{"embeddable":true,"href":"https:\/\/pdt-rj.org.br\/index.php\/wp-json\/wp\/v2\/users\/17"}],"replies":[{"embeddable":true,"href":"https:\/\/pdt-rj.org.br\/index.php\/wp-json\/wp\/v2\/comments?post=42457"}],"version-history":[{"count":0,"href":"https:\/\/pdt-rj.org.br\/index.php\/wp-json\/wp\/v2\/posts\/42457\/revisions"}],"wp:featuredmedia":[{"embeddable":true,"href":"https:\/\/pdt-rj.org.br\/index.php\/wp-json\/"}],"wp:attachment":[{"href":"https:\/\/pdt-rj.org.br\/index.php\/wp-json\/wp\/v2\/media?parent=42457"}],"wp:term":[{"taxonomy":"category","embeddable":true,"href":"https:\/\/pdt-rj.org.br\/index.php\/wp-json\/wp\/v2\/categories?post=42457"},{"taxonomy":"post_tag","embeddable":true,"href":"https:\/\/pdt-rj.org.br\/index.php\/wp-json\/wp\/v2\/tags?post=42457"}],"curies":[{"name":"wp","href":"https:\/\/api.w.org\/{rel}","templated":true}]}}