{"id":42454,"date":"2016-05-14T06:12:56","date_gmt":"2016-05-14T09:12:56","guid":{"rendered":"http:\/\/www.malungo2.com.br\/pdt\/desenv\/?p=42454"},"modified":"2016-05-14T06:12:56","modified_gmt":"2016-05-14T09:12:56","slug":"medida-provisoria-extingue-o-ministerio-das-comunicacoes","status":"publish","type":"post","link":"https:\/\/pdt-rj.org.br\/index.php\/medida-provisoria-extingue-o-ministerio-das-comunicacoes\/","title":{"rendered":"Medida Provis\u00f3ria extingue o Minist\u00e9rio das Comunica\u00e7\u00f5es"},"content":{"rendered":"<p>Poucas horas ap\u00f3s assumir interinamente o cargo de presidente provis\u00f3rio, Michel Temer (PMDB) determinou a extin\u00e7\u00e3o do Minist\u00e9rio das Comunica\u00e7\u00f5es e alterou a estrutura do Minist\u00e9rio da Ci\u00eancia, Tecnologia e Inova\u00e7\u00e3o por meio da <a href=\"http:\/\/pesquisa.in.gov.br\/imprensa\/jsp\/visualiza\/index.jsp?data=12\/05\/2016&amp;jornal=1000&amp;pagina=3&amp;totalArquivos=10\"><strong><em>Medida Provis\u00f3ria 726, de 12 de maio de 2016.<\/em><\/strong><\/a><\/p>\n<p>A partir de agora, o Brasil conta com apenas uma pasta compreendendo todos esses assuntos, o Minist\u00e9rio da Ci\u00eancia, Tecnologia, Inova\u00e7\u00f5es e Comunica\u00e7\u00f5es. Temer escolheu Gilberto Kassab (PSD), at\u00e9 ent\u00e3o ministro das Cidades, para comandar o novo minist\u00e9rio.<\/p>\n<p>Andr\u00e9 Figueiredo (PDT), antigo ministro das Comunica\u00e7\u00f5es, voltar\u00e1 a ser deputado federal pelo Cear\u00e1. O Minist\u00e9rio de Ci\u00eancia, Tecnologia e Inova\u00e7\u00e3o estava sob comando interino de Em\u00edlia Ribeiro, originalmente secret\u00e1ria-executiva da pasta e que havia assumido o cargo com a sa\u00edda do ministro Celso Pansera.<\/p>\n<p>De acordo com a MP, a nova pasta ser\u00e1 respons\u00e1vel pelas pol\u00edticas nacionais de telecomunica\u00e7\u00f5es e radiodifus\u00e3o; servi\u00e7os postais, de telecomunica\u00e7\u00f5es e radiodifus\u00e3o; pol\u00edticas nacionais de pesquisa cient\u00edfica e tecnol\u00f3gica e de incentivo \u00e0 inova\u00e7\u00e3o; planejamento, coordena\u00e7\u00e3o, supervis\u00e3o e controle das atividades de ci\u00eancia, tecnologia e inova\u00e7\u00e3o; pol\u00edtica de desenvolvimento de inform\u00e1tica e automa\u00e7\u00e3o; pol\u00edtica nacional de biosseguran\u00e7a; pol\u00edticas espacial e nuclear; controle da exporta\u00e7\u00e3o de bens e servi\u00e7os sens\u00edveis.<\/p>\n<p>Al\u00e9m disso, o Minist\u00e9rio ser\u00e1 o respons\u00e1vel por articular com \u201cgovernos estaduais, do Distrito Federal e municipais, com a sociedade civil e com outros \u00f3rg\u00e3os do Governo Federal no estabelecimento de diretrizes para as pol\u00edticas nacionais de ci\u00eancia, tecnologia e inova\u00e7\u00e3o\u201d.<\/p>\n<p>&nbsp;<\/p>\n<!-- AddThis Advanced Settings generic via filter on the_content --><!-- AddThis Share Buttons generic via filter on the_content -->","protected":false},"excerpt":{"rendered":"<p>Poucas horas ap\u00f3s assumir interinamente o cargo de presidente provis\u00f3rio, Michel Temer (PMDB) determinou a extin\u00e7\u00e3o do Minist\u00e9rio das Comunica\u00e7\u00f5es e alterou a estrutura do Minist\u00e9rio da Ci\u00eancia, Tecnologia e Inova\u00e7\u00e3o por meio da Medida Provis\u00f3ria 726, de 12 de maio de 2016. A partir de agora, o Brasil conta com apenas uma pasta compreendendo&#8230;<!-- AddThis Advanced Settings generic via filter on wp_trim_excerpt --><!-- AddThis Share Buttons generic via filter on wp_trim_excerpt --><\/p>\n","protected":false},"author":17,"featured_media":42455,"comment_status":"open","ping_status":"open","sticky":false,"template":"","format":"standard","meta":{"_monsterinsights_skip_tracking":false,"_monsterinsights_sitenote_active":false,"_monsterinsights_sitenote_note":"","_monsterinsights_sitenote_category":0,"_uf_show_specific_survey":0,"_uf_disable_surveys":false,"footnotes":""},"categories":[976],"tags":[],"class_list":["post-42454","post","type-post","status-publish","format-standard","has-post-thumbnail","hentry","category-noticias-em-destaque"],"acf":[],"_links":{"self":[{"href":"https:\/\/pdt-rj.org.br\/index.php\/wp-json\/wp\/v2\/posts\/42454","targetHints":{"allow":["GET"]}}],"collection":[{"href":"https:\/\/pdt-rj.org.br\/index.php\/wp-json\/wp\/v2\/posts"}],"about":[{"href":"https:\/\/pdt-rj.org.br\/index.php\/wp-json\/wp\/v2\/types\/post"}],"author":[{"embeddable":true,"href":"https:\/\/pdt-rj.org.br\/index.php\/wp-json\/wp\/v2\/users\/17"}],"replies":[{"embeddable":true,"href":"https:\/\/pdt-rj.org.br\/index.php\/wp-json\/wp\/v2\/comments?post=42454"}],"version-history":[{"count":0,"href":"https:\/\/pdt-rj.org.br\/index.php\/wp-json\/wp\/v2\/posts\/42454\/revisions"}],"wp:featuredmedia":[{"embeddable":true,"href":"https:\/\/pdt-rj.org.br\/index.php\/wp-json\/"}],"wp:attachment":[{"href":"https:\/\/pdt-rj.org.br\/index.php\/wp-json\/wp\/v2\/media?parent=42454"}],"wp:term":[{"taxonomy":"category","embeddable":true,"href":"https:\/\/pdt-rj.org.br\/index.php\/wp-json\/wp\/v2\/categories?post=42454"},{"taxonomy":"post_tag","embeddable":true,"href":"https:\/\/pdt-rj.org.br\/index.php\/wp-json\/wp\/v2\/tags?post=42454"}],"curies":[{"name":"wp","href":"https:\/\/api.w.org\/{rel}","templated":true}]}}