{"id":42429,"date":"2016-05-14T05:28:43","date_gmt":"2016-05-14T08:28:43","guid":{"rendered":"http:\/\/pdt-rj.org.br\/?p=42429"},"modified":"2016-05-14T05:28:43","modified_gmt":"2016-05-14T08:28:43","slug":"impeachment-e-atentado-a-democracia-afirma-lupi-em-sao-paulo","status":"publish","type":"post","link":"https:\/\/pdt-rj.org.br\/index.php\/impeachment-e-atentado-a-democracia-afirma-lupi-em-sao-paulo\/","title":{"rendered":"&#8216;Impeachment \u00e9 atentado \u00e0 Democracia&#8217;, afirma Lupi em S\u00e3o Paulo"},"content":{"rendered":"<p>De quinta-feira (12) a s\u00e1bado (14), o presidente nacional do PDT, Carlos Lupi, percorre v\u00e1rios munic\u00edpios de S\u00e3o Paulo para lan\u00e7ar oficialmente a candidatura de prefeitos, vice-prefeitos e vereadores da regi\u00e3o. O primeiro compromisso, na quinta \u00e0 noite, foi na cidade de Salto, em um encontro com a imprensa, lideran\u00e7as e pr\u00e9-candidatos a vereador. \u00a0<\/p>\n<p>Na sexta-feira Lupi participou de um caf\u00e9 da manh\u00e3 com a imprensa e lideran\u00e7as do munic\u00edpio de Jandira, onde anunciou a candidatura do vereador Julinho a prefeito. Durante o ato, Lupi falou dos seus 36 anos de PDT \u2013 \u00fanico partido de sua vida e o qual ele ajudou a fundar \u2013, de sua defer\u00eancia \u00e0 Brizola, seu mentor, e do atual momento da pol\u00edtica nacional.<\/p>\n<p>\u201cEu vi naquele homem [Leonel Brizola] uma refer\u00eancia de poucos como ele, de que se deve fazer pol\u00edtica com coer\u00eancia, com lealdade e com amor ao povo\u201d, disse Lupi.<\/p>\n<p><strong>Impeachment <\/strong><\/p>\n<p><img loading=\"lazy\" decoding=\"async\" class=\"alignnone size-medium wp-image-42432 alignleft\" src=\"http:\/\/pdt-rj.org.br\/wp-content\/uploads\/2016\/05\/Lupi-em-Salto-SP-300x225.jpg\" alt=\"Lupi em Salto-SP\" width=\"300\" height=\"225\" srcset=\"https:\/\/pdt-rj.org.br\/wp-content\/uploads\/2016\/05\/Lupi-em-Salto-SP-300x225.jpg 300w, https:\/\/pdt-rj.org.br\/wp-content\/uploads\/2016\/05\/Lupi-em-Salto-SP-100x75.jpg 100w, https:\/\/pdt-rj.org.br\/wp-content\/uploads\/2016\/05\/Lupi-em-Salto-SP-768x576.jpg 768w, https:\/\/pdt-rj.org.br\/wp-content\/uploads\/2016\/05\/Lupi-em-Salto-SP.jpg 1024w, https:\/\/pdt-rj.org.br\/wp-content\/uploads\/2016\/05\/Lupi-em-Salto-SP-120x90.jpg 120w\" sizes=\"auto, (max-width: 300px) 100vw, 300px\" \/>De acordo com o presidente, o processo de impeachment da presidente Dilma Rousseff, cuja admissibilidade foi aprovada na \u00faltima quarta-feira (11) pelo Senado, \u00e9 um atentando \u00e0 democracia e torna o atual momento vivido pelo pa\u00eds doloroso e grave.<\/p>\n<p>\u201cN\u00f3s estamos vendo ser rasgada a Constitui\u00e7\u00e3o brasileira. Ningu\u00e9m, nenhum cidad\u00e3o desse pa\u00eds, por mais inteligente que seja, por mais douto que possa ser, por mais cursos que tenha, pode impedir o sufr\u00e1gio popular de ser respeitado\u201d, afirmou Lupi, chamando a aten\u00e7\u00e3o para o grave momento pelo qual atravessa o Brasil.<\/p>\n<p>\u201cN\u00e3o podemos esquecer que a democracia \u00e9 uma conquista; n\u00e3o de um grupo pol\u00edtico, n\u00e3o de um partido pol\u00edtico, mas da sociedade. O pior dos governos \u00e9 melhor do que qualquer ditadura\u201d, afirmou.<\/p>\n<p>O presidente lembrou aos presentes de que a ditadura imposta pelos militares ao Brasil castrava a\u00a0liberdade de express\u00e3o, punindo severamente qualquer um que se manifestasse contra o regime com pris\u00f5es arbitr\u00e1rias, torturas e com o ex\u00edlio do pa\u00eds.<\/p>\n<p>\u201cMuita gente n\u00e3o quer trabalhar com a mem\u00f3ria, mas um povo sem mem\u00f3ria n\u00e3o tem direito a um bom futuro\u201d, asseverou.<\/p>\n<p>Lupi ressaltou ainda, que o PT tem sofrido uma campanha difamat\u00f3ria e degradante, que tenta macular todas as conquistas trazidas pelo governo do ex-presidente Lu\u00eds In\u00e1cio Lula da Silva, como a valoriza\u00e7\u00e3o do sal\u00e1rio m\u00ednimo e os programas sociais, que t\u00eam atendido a mais de 30 milh\u00f5es de fam\u00edlias carentes do pa\u00eds.<\/p>\n<p>\u201cEu sou PDT, mas eu n\u00e3o posso abandonar um companheiro de luta, porque hoje se condena sem se dar direito de defesa. As pessoas se esquecem de que o Lula que ascendeu \u00e0 Presid\u00eancia da Rep\u00fablica mudou a face do Brasil para o mundo. E as pessoas s\u00f3 se lembram do mal feito, s\u00f3 lembram dos erros&#8230;\u201d, lamentou.<\/p>\n<p><img loading=\"lazy\" decoding=\"async\" class=\"alignnone size-medium wp-image-42434 alignright\" src=\"http:\/\/pdt-rj.org.br\/wp-content\/uploads\/2016\/05\/Lupi-no-munic\u00edpio-Paulista-300x225.jpg\" alt=\"Lupi no munic\u00edpio Paulista\" width=\"300\" height=\"225\" srcset=\"https:\/\/pdt-rj.org.br\/wp-content\/uploads\/2016\/05\/Lupi-no-munic\u00edpio-Paulista-300x225.jpg 300w, https:\/\/pdt-rj.org.br\/wp-content\/uploads\/2016\/05\/Lupi-no-munic\u00edpio-Paulista-100x75.jpg 100w, https:\/\/pdt-rj.org.br\/wp-content\/uploads\/2016\/05\/Lupi-no-munic\u00edpio-Paulista-768x576.jpg 768w, https:\/\/pdt-rj.org.br\/wp-content\/uploads\/2016\/05\/Lupi-no-munic\u00edpio-Paulista-120x90.jpg 120w, https:\/\/pdt-rj.org.br\/wp-content\/uploads\/2016\/05\/Lupi-no-munic\u00edpio-Paulista.jpg 1000w\" sizes=\"auto, (max-width: 300px) 100vw, 300px\" \/>Ainda no per\u00edodo matutino, juntamente com o vereador Z\u00e9 Amiguinho, Lupi se reuniu com lideran\u00e7as e a imprensa local. \u00c0 tarde, o presidente participou de uma coletiva de imprensa na cidade de Carapicu\u00edba para o lan\u00e7amento oficial da candidatura da vereadora Professora S\u00f4nia para prefeita.<\/p>\n<p>Posteriormente, em uma coletiva de imprensa, na cidade de Francisco Morato, lan\u00e7ou a candidatura oficial do vereador Professor H\u00e9lio para prefeito, na presen\u00e7a de lideran\u00e7as e outros pr\u00e9-candidatos a vereadores.<\/p>\n<p>Em Valinhos, Lupi lan\u00e7ou a candidatura a prefeito de Alexandre Toneti e, em Hortol\u00e2ndia, participou de um encontro do PDT da cidade de com o deputado \u00c2ngelo Perugini.<\/p>\n<p>Neste s\u00e1bado, em Araras, o presidente Carlos Lupi participa do lan\u00e7amento oficial da candidatura a prefeito do vereador Breno, das 10 \u00e0s 12h, na C\u00e2mara Municipal.\u00a0Finalizando a caravana, o presidente Carlos Lupi almo\u00e7a com lideran\u00e7as, imprensa e pr\u00e9-candidatos a vereador, juntamente com Dr. H\u00e9lio.<\/p>\n<!-- AddThis Advanced Settings generic via filter on the_content --><!-- AddThis Share Buttons generic via filter on the_content -->","protected":false},"excerpt":{"rendered":"<p>De quinta-feira (12) a s\u00e1bado (14), o presidente nacional do PDT, Carlos Lupi, percorre v\u00e1rios munic\u00edpios de S\u00e3o Paulo para lan\u00e7ar oficialmente a candidatura de prefeitos, vice-prefeitos e vereadores da regi\u00e3o. O primeiro compromisso, na quinta \u00e0 noite, foi na cidade de Salto, em um encontro com a imprensa, lideran\u00e7as e pr\u00e9-candidatos a vereador. \u00a0&#8230;<!-- AddThis Advanced Settings generic via filter on wp_trim_excerpt --><!-- AddThis Share Buttons generic via filter on wp_trim_excerpt --><\/p>\n","protected":false},"author":17,"featured_media":42425,"comment_status":"open","ping_status":"open","sticky":false,"template":"","format":"standard","meta":{"_monsterinsights_skip_tracking":false,"_monsterinsights_sitenote_active":false,"_monsterinsights_sitenote_note":"","_monsterinsights_sitenote_category":0,"_uf_show_specific_survey":0,"_uf_disable_surveys":false,"footnotes":""},"categories":[1402,1401],"tags":[],"class_list":["post-42429","post","type-post","status-publish","format-standard","has-post-thumbnail","hentry","category-cidades","category-nacional"],"acf":[],"_links":{"self":[{"href":"https:\/\/pdt-rj.org.br\/index.php\/wp-json\/wp\/v2\/posts\/42429","targetHints":{"allow":["GET"]}}],"collection":[{"href":"https:\/\/pdt-rj.org.br\/index.php\/wp-json\/wp\/v2\/posts"}],"about":[{"href":"https:\/\/pdt-rj.org.br\/index.php\/wp-json\/wp\/v2\/types\/post"}],"author":[{"embeddable":true,"href":"https:\/\/pdt-rj.org.br\/index.php\/wp-json\/wp\/v2\/users\/17"}],"replies":[{"embeddable":true,"href":"https:\/\/pdt-rj.org.br\/index.php\/wp-json\/wp\/v2\/comments?post=42429"}],"version-history":[{"count":0,"href":"https:\/\/pdt-rj.org.br\/index.php\/wp-json\/wp\/v2\/posts\/42429\/revisions"}],"wp:featuredmedia":[{"embeddable":true,"href":"https:\/\/pdt-rj.org.br\/index.php\/wp-json\/wp\/v2\/media\/42425"}],"wp:attachment":[{"href":"https:\/\/pdt-rj.org.br\/index.php\/wp-json\/wp\/v2\/media?parent=42429"}],"wp:term":[{"taxonomy":"category","embeddable":true,"href":"https:\/\/pdt-rj.org.br\/index.php\/wp-json\/wp\/v2\/categories?post=42429"},{"taxonomy":"post_tag","embeddable":true,"href":"https:\/\/pdt-rj.org.br\/index.php\/wp-json\/wp\/v2\/tags?post=42429"}],"curies":[{"name":"wp","href":"https:\/\/api.w.org\/{rel}","templated":true}]}}