{"id":42311,"date":"2016-05-11T18:18:51","date_gmt":"2016-05-11T21:18:51","guid":{"rendered":"http:\/\/www.malungo2.com.br\/pdt\/desenv\/?p=42311"},"modified":"2016-05-11T18:18:51","modified_gmt":"2016-05-11T21:18:51","slug":"republica-de-bananas-e-ignorar-54-501-118-votos","status":"publish","type":"post","link":"https:\/\/pdt-rj.org.br\/index.php\/republica-de-bananas-e-ignorar-54-501-118-votos\/","title":{"rendered":"M\u00e1rio Magalh\u00e3es: Rep\u00fablica de bananas \u00e9  ignorar 54.501.118 votos"},"content":{"rendered":"<p>O tal Waldir Maranh\u00e3o levou mais bordoadas em um dia do que Eduardo Cunha em quinze meses como presidente da C\u00e2mara.<\/p>\n<p>Adjetivos corrosivos e substantivos pejorativos, empoeirados pela falta de uso, dardejaram o deputado que ousou declarar ilegal e ileg\u00edtima a sess\u00e3o da C\u00e2mara que deu sinal verde ao impeachment da presidente constitucional Dilma Rousseff.<\/p>\n<p>Denunciaram a \u201cmanobra&#8221; do obscuro Maranh\u00e3o, mais tarde revogada, tamanha a fuzilaria contra ele.<\/p>\n<p>As manobras infind\u00e1veis, manjad\u00edssimas e inescrupulosas de Cunha para depor a governante eleita pelo voto popular n\u00e3o foram tratadas assim.<\/p>\n<p>Dois pesos, duas medidas. E uma hipocrisia do tamanho do mundo.<\/p>\n<p>Dos mais pedantes aos mais histri\u00f4nicos, muita gente proclamou em coro que Waldir Maranh\u00e3o, presidente interino da C\u00e2mara, transformou o pa\u00eds numa rep\u00fablica de bananas.<\/p>\n<p>Perd\u00e3o pela obviedade ululante, mas \u00e9 preciso dizer: uma das caracter\u00edsticas essenciais das velhas republiquetas bananeiras latino-americanas era _e \u00e9_ o desprezo pela soberania do voto popular.<\/p>\n<p>Ganhou na urna? E da\u00ed? A prefer\u00eancia dos eleitores era _\u00e9_ constantemente sufocada por transa\u00e7\u00f5es e interesses avessos \u00e0 democracia.<\/p>\n<p>Eduardo Cunha, com mandato de deputado federal suspenso pelo STF, apressou-se em declarar \u201cabsurda&#8221; e \u201cirrespons\u00e1vel&#8221; a decis\u00e3o de Maranh\u00e3o.<\/p>\n<p>Cunha, quem diria, pegou mais leve do que alguns operadores em surto.<\/p>\n<p>Em tons diferentes, reafirmou-se a ampla coaliza\u00e7\u00e3o pr\u00f3-impeachment, que vai de Eduardo Cunha aos que juram n\u00e3o ter uma s\u00f3 convic\u00e7\u00e3o em comum com o belzebu.<\/p>\n<p>Bastou verem amea\u00e7ado o golpe de Estado em curso _impeachment sem prova de crime \u00e9 golpe_ que certo pessoal falou como vi\u00fava de Cunha.<\/p>\n<p>Estranho pa\u00eds, onde vicejam vi\u00favas da ditadura e vi\u00favas de Eduardo Cunha.<\/p>\n<p>N\u00e3o s\u00f3: ao avacalharem o governador do Maranh\u00e3o, Fl\u00e1vio Dino, revelaram-se tamb\u00e9m vi\u00favas de Jos\u00e9 Sarney e sua fam\u00edlia.<\/p>\n<p>Para quem n\u00e3o sabe, se isso \u00e9 poss\u00edvel: os Sarney conspiraram ativamente pela derrubada de Dilma.<\/p>\n<p>Assim caminhamos: parlamentares acusados e suspeitos dos crimes mais cabeludos, associados a um empresariado historicamente corruptor, est\u00e3o na bica para depor uma mulher honesta e honrada.<\/p>\n<p>Legitimada por 54.501.118 votos.<\/p>\n<p>E o problema \u00e9 o Waldir Maranh\u00e3o\u2026<\/p>\n<!-- AddThis Advanced Settings generic via filter on the_content --><!-- AddThis Share Buttons generic via filter on the_content -->","protected":false},"excerpt":{"rendered":"<p>O tal Waldir Maranh\u00e3o levou mais bordoadas em um dia do que Eduardo Cunha em quinze meses como presidente da C\u00e2mara. Adjetivos corrosivos e substantivos pejorativos, empoeirados pela falta de uso, dardejaram o deputado que ousou declarar ilegal e ileg\u00edtima a sess\u00e3o da C\u00e2mara que deu sinal verde ao impeachment da presidente constitucional Dilma Rousseff&#8230;.<!-- AddThis Advanced Settings generic via filter on wp_trim_excerpt --><!-- AddThis Share Buttons generic via filter on wp_trim_excerpt --><\/p>\n","protected":false},"author":17,"featured_media":42312,"comment_status":"open","ping_status":"open","sticky":false,"template":"","format":"standard","meta":{"_monsterinsights_skip_tracking":false,"_monsterinsights_sitenote_active":false,"_monsterinsights_sitenote_note":"","_monsterinsights_sitenote_category":0,"_uf_show_specific_survey":0,"_uf_disable_surveys":false,"footnotes":""},"categories":[976],"tags":[],"class_list":["post-42311","post","type-post","status-publish","format-standard","has-post-thumbnail","hentry","category-noticias-em-destaque"],"acf":[],"_links":{"self":[{"href":"https:\/\/pdt-rj.org.br\/index.php\/wp-json\/wp\/v2\/posts\/42311","targetHints":{"allow":["GET"]}}],"collection":[{"href":"https:\/\/pdt-rj.org.br\/index.php\/wp-json\/wp\/v2\/posts"}],"about":[{"href":"https:\/\/pdt-rj.org.br\/index.php\/wp-json\/wp\/v2\/types\/post"}],"author":[{"embeddable":true,"href":"https:\/\/pdt-rj.org.br\/index.php\/wp-json\/wp\/v2\/users\/17"}],"replies":[{"embeddable":true,"href":"https:\/\/pdt-rj.org.br\/index.php\/wp-json\/wp\/v2\/comments?post=42311"}],"version-history":[{"count":0,"href":"https:\/\/pdt-rj.org.br\/index.php\/wp-json\/wp\/v2\/posts\/42311\/revisions"}],"wp:featuredmedia":[{"embeddable":true,"href":"https:\/\/pdt-rj.org.br\/index.php\/wp-json\/"}],"wp:attachment":[{"href":"https:\/\/pdt-rj.org.br\/index.php\/wp-json\/wp\/v2\/media?parent=42311"}],"wp:term":[{"taxonomy":"category","embeddable":true,"href":"https:\/\/pdt-rj.org.br\/index.php\/wp-json\/wp\/v2\/categories?post=42311"},{"taxonomy":"post_tag","embeddable":true,"href":"https:\/\/pdt-rj.org.br\/index.php\/wp-json\/wp\/v2\/tags?post=42311"}],"curies":[{"name":"wp","href":"https:\/\/api.w.org\/{rel}","templated":true}]}}