{"id":42279,"date":"2016-05-11T14:13:09","date_gmt":"2016-05-11T17:13:09","guid":{"rendered":"http:\/\/www.malungo2.com.br\/pdt\/desenv\/?p=42279"},"modified":"2016-05-11T14:13:09","modified_gmt":"2016-05-11T17:13:09","slug":"dilma-na-conferencia-de-mulheres-estou-cansada-de-deslealdade-e-traicao","status":"publish","type":"post","link":"https:\/\/pdt-rj.org.br\/index.php\/dilma-na-conferencia-de-mulheres-estou-cansada-de-deslealdade-e-traicao\/","title":{"rendered":"Na Confer\u00eancia de Mulheres: \u2018Estou cansada de deslealdade e trai\u00e7\u00e3o\u2019"},"content":{"rendered":"<p>A presidente Dilma Rousseff acusou o vice-presidente Michel Temer e o ex-deputado Eduardo Cunha, ambos do PMDB, como as pessoas que est\u00e3o proporcionando ao Brasil uma \u201cesp\u00e9cie de golpe feito n\u00e3o com armas e baionetas, mas rasgando a nossa Constitui\u00e7\u00e3o&#8221;, ao discursar ontem (10\/5) em Bras\u00edlia, no Centro de Conven\u00e7\u00f5es Ulysses Guimar\u00e3es, na abertura da 4\u00aa. Confer\u00eancia Nacional de Pol\u00edticas para as Mulheres.<\/p>\n<p>&#8220;Vou lutar contra com todas as minhas for\u00e7as e quero dizer a voc\u00eas que, para mim, o \u00faltimo dia do meu mandato \u00e9 31 de dezembro de 2018. Eu n\u00e3o estou cansada de lutar, estou cansada, e o Brasil tamb\u00e9m, dos desleais e dos traidores&#8221;, afirmou.<\/p>\n<p>Acrescentou, sendo aplaudida pelas presentes:<\/p>\n<p><img loading=\"lazy\" decoding=\"async\" class=\" wp-image-42281 alignleft\" src=\"http:\/\/www.malungo2.com.br\/pdt\/desenv\/wp-content\/uploads\/2016\/05\/dilma.muers_.3l-300x214.jpg\" alt=\"dilma.muers.3l\" width=\"414\" height=\"295\" \/>&#8220;Tenho de honrar as mulheres do meu Pa\u00eds mostrando que somos capazes de resistir e de enfrentar. Nossa for\u00e7a n\u00e3o est\u00e1 em sermos ferozes, raivosas, mas em sermos lutadoras, guerreiras e extremamente sens\u00edveis, capazes de amar&#8221;, acrescentou.<\/p>\n<p>Dilma revelou que, mesmo se afastada, vai participar de eventos para os quais for convidada e disse que n\u00e3o est\u00e1 cansada de lutar.<\/p>\n<p>&#8220;Eu sou uma figura inc\u00f4moda. Eu me mantenho de p\u00e9, de cabe\u00e7a erguida, honrando as mulheres. [Com isso], ficar\u00e1 claro que cometeram contra mim uma inomin\u00e1vel, uma enorme injusti\u00e7a. Eu vou lutar com todas minhas for\u00e7as usando todos os meios dispon\u00edveis e legais de luta. Vou participar de todos atos e a\u00e7\u00f5es que me chamarem. N\u00e3o estou cansada de lutar. Estou cansada \u00e9 dos desleais e dos traidores&#8221;.<\/p>\n<p>Os que prop\u00f5em a sua ren\u00fancia, argumentou, querem evitar &#8220;de todas as formas&#8221; que ela continue denunciando o que tem classificado como golpe.<\/p>\n<p>&#8220;Para mim \u00e9 um momento decisivo para a democracia brasileira que estamos vivendo hoje. Sem d\u00favida estamos num momento em que a gente sente que estamos fazendo a Hist\u00f3ria desse pa\u00eds. A Hist\u00f3ria ainda vai dizer o quanto de viol\u00eancia contra a mulher, de preconceito contra mulher tem nesse processo de impeachment golpista&#8221;, disse,<\/p>\n<p><strong><a href=\"http:\/\/www2.planalto.gov.br\/acompanhe-o-planalto\/discursos\/discursos-da-presidenta\/discurso-da-presidenta-da-republica-dilma-rousseff-durante-cerimonia-de-abertura-da-4a-conferencia-nacional-de-politicas-para-as-mulheres-brasilia-df\">Leia\u00a0 ou ou\u00e7a a \u00edntegra do discurso<\/a><\/strong><\/p>\n<!-- AddThis Advanced Settings generic via filter on the_content --><!-- AddThis Share Buttons generic via filter on the_content -->","protected":false},"excerpt":{"rendered":"<p>A presidente Dilma Rousseff acusou o vice-presidente Michel Temer e o ex-deputado Eduardo Cunha, ambos do PMDB, como as pessoas que est\u00e3o proporcionando ao Brasil uma \u201cesp\u00e9cie de golpe feito n\u00e3o com armas e baionetas, mas rasgando a nossa Constitui\u00e7\u00e3o&#8221;, ao discursar ontem (10\/5) em Bras\u00edlia, no Centro de Conven\u00e7\u00f5es Ulysses Guimar\u00e3es, na abertura da&#8230;<!-- AddThis Advanced Settings generic via filter on wp_trim_excerpt --><!-- AddThis Share Buttons generic via filter on wp_trim_excerpt --><\/p>\n","protected":false},"author":17,"featured_media":42280,"comment_status":"open","ping_status":"open","sticky":false,"template":"","format":"standard","meta":{"_monsterinsights_skip_tracking":false,"_monsterinsights_sitenote_active":false,"_monsterinsights_sitenote_note":"","_monsterinsights_sitenote_category":0,"_uf_show_specific_survey":0,"_uf_disable_surveys":false,"footnotes":""},"categories":[976],"tags":[],"class_list":["post-42279","post","type-post","status-publish","format-standard","has-post-thumbnail","hentry","category-noticias-em-destaque"],"acf":[],"_links":{"self":[{"href":"https:\/\/pdt-rj.org.br\/index.php\/wp-json\/wp\/v2\/posts\/42279","targetHints":{"allow":["GET"]}}],"collection":[{"href":"https:\/\/pdt-rj.org.br\/index.php\/wp-json\/wp\/v2\/posts"}],"about":[{"href":"https:\/\/pdt-rj.org.br\/index.php\/wp-json\/wp\/v2\/types\/post"}],"author":[{"embeddable":true,"href":"https:\/\/pdt-rj.org.br\/index.php\/wp-json\/wp\/v2\/users\/17"}],"replies":[{"embeddable":true,"href":"https:\/\/pdt-rj.org.br\/index.php\/wp-json\/wp\/v2\/comments?post=42279"}],"version-history":[{"count":0,"href":"https:\/\/pdt-rj.org.br\/index.php\/wp-json\/wp\/v2\/posts\/42279\/revisions"}],"wp:featuredmedia":[{"embeddable":true,"href":"https:\/\/pdt-rj.org.br\/index.php\/wp-json\/"}],"wp:attachment":[{"href":"https:\/\/pdt-rj.org.br\/index.php\/wp-json\/wp\/v2\/media?parent=42279"}],"wp:term":[{"taxonomy":"category","embeddable":true,"href":"https:\/\/pdt-rj.org.br\/index.php\/wp-json\/wp\/v2\/categories?post=42279"},{"taxonomy":"post_tag","embeddable":true,"href":"https:\/\/pdt-rj.org.br\/index.php\/wp-json\/wp\/v2\/tags?post=42279"}],"curies":[{"name":"wp","href":"https:\/\/api.w.org\/{rel}","templated":true}]}}