{"id":42262,"date":"2016-05-11T13:25:40","date_gmt":"2016-05-11T16:25:40","guid":{"rendered":"http:\/\/www.malungo2.com.br\/pdt\/desenv\/?p=42262"},"modified":"2016-05-11T13:25:40","modified_gmt":"2016-05-11T16:25:40","slug":"dilma-deve-fazer-pronunciamento-a-nacao-ainda-hoje","status":"publish","type":"post","link":"https:\/\/pdt-rj.org.br\/index.php\/dilma-deve-fazer-pronunciamento-a-nacao-ainda-hoje\/","title":{"rendered":"Ainda hoje Dilma deve fazer pronunciamento \u00e0 Na\u00e7\u00e3o"},"content":{"rendered":"<p>O vice-l\u00edder do governo na C\u00e2mara, deputado Silvio Costa (PTdoB-PE), afirmou nesta quarta-feira (11\/5) que\u00a0 a presidente Dilma Rousseff far\u00e1 um pronunciamento \u00e0 na\u00e7\u00e3o ap\u00f3s a decis\u00e3o do Senado sobre a instaura\u00e7\u00e3o do processo de impeachment. O deputado est\u00e1 acompanhando dentro do plen\u00e1rio do Senado a sess\u00e3o que vai decidir se Dilma ser\u00e1 afastada \u00a0por 180 dias.<\/p>\n<p>\u00a0Ele n\u00e3o especificou se o pronunciamento de Dilma vai ser em cadeia nacional de r\u00e1dio e TV ou se ser\u00e1 feito para os jornalistas que cobrem a Presid\u00eancia.<\/p>\n<p>\u201cA presidente Dilma est\u00e1 firme. Ela vai fazer um belo pronunciamento \u00e0 na\u00e7\u00e3o depois da vota\u00e7\u00e3o\u201d, afirmou o vice-l\u00edder do governo. O deputado tamb\u00e9m afirmou que vai trabalhar na C\u00e2mara para evitar a aprova\u00e7\u00e3o de reformas em um eventual governo de \u00a0Michel Temer. Para ele, um governo \u201cprovis\u00f3rio\u201d n\u00e3o pode conduzir mudan\u00e7as definitivas.<\/p>\n<p>\u00a0\u201cNa minha opini\u00e3o, governo provis\u00f3rio n\u00e3o pode aprovar reformas definitivas. N\u00e3o voto nada do Michel. Estou trabalhando para evitar que sejam aprovadas propostas\u201d, disse Silvio Costa.<\/p>\n<p>A ideia de Temer \u00e9 se manifestar somente ap\u00f3s Dilma deixar a Presid\u00eancia, n\u00e3o depois da decis\u00e3o do Senado. Ao longo desta quarta, Temer receber\u00e1 aliados no Pal\u00e1cio do Jaburu, resid\u00eancia oficial da Vice-presid\u00eancia, como parlamentares e conselheiros pol\u00edticos.<\/p>\n<p>CAMINHADA<\/p>\n<p>Dilma, que a princ\u00edpio deveria descer a rampa Planalto com seus ministros, ao final da vota\u00e7\u00e3o do impeachment, \u00a0foi aconselhada pelo ex-presidente Lula a n\u00e3o dar um tom de \u201cfim de governo\u201d caso o Senado aprove o impeachment. Dilma dever\u00e1 deixar \u00a0o gabinete presidencial \u00a0e sair do Pal\u00e1cio do Planalto, hoje, \u00a0pela entrada principal no t\u00e9rreo.<\/p>\n<p>Circula em Bras\u00edlia a vers\u00e3o de que Dilma vai participar, com militantes e pessoas que apoiam o seu governo, de uma caminhada de cinco quil\u00f4metros do Pal\u00e1cio do Planalto at\u00e9 o Pal\u00e1cio da Alvorada, resid\u00eancia oficial da presid\u00eancia da Rep\u00fablica, que continuar\u00e1 sendo ocupada por ela &#8211; mesmo afastada da presid\u00eancia. Temer ficar\u00e1 no Jaburu.<\/p>\n<p>A caminhada foi acertada com o presidente do MST, Jo\u00e3o Pedro Stedile, e dever\u00e1 contar com a participa\u00e7\u00e3o de milhares de pessoas ligadas a movimentos sociais, parlamentares, integrantes de partidos \u00a0e a c\u00fapula do PT. S\u00e3o aguardadas pelo menos umas 10 mil pessoas.<\/p>\n<p>Lula est\u00e1 em \u00a0Bras\u00edlia desde ontem \u00a0acompanhando as articula\u00e7\u00f5es no Senado \u00a0e os desdobramentos da crise.\u00a0 Ontem ele recebeu no hotel em que est\u00e1 hospedado o ministro Jaques Wagner (Gabinete Pessoal da Presid\u00eancia) e v\u00e1rios senadores petistas, entre eles Humberto Costa (PE), Paulo Rocha (PA) e Lindbergh Farias (RJ).<\/p>\n<p>&nbsp;<\/p>\n<!-- AddThis Advanced Settings generic via filter on the_content --><!-- AddThis Share Buttons generic via filter on the_content -->","protected":false},"excerpt":{"rendered":"<p>O vice-l\u00edder do governo na C\u00e2mara, deputado Silvio Costa (PTdoB-PE), afirmou nesta quarta-feira (11\/5) que\u00a0 a presidente Dilma Rousseff far\u00e1 um pronunciamento \u00e0 na\u00e7\u00e3o ap\u00f3s a decis\u00e3o do Senado sobre a instaura\u00e7\u00e3o do processo de impeachment. O deputado est\u00e1 acompanhando dentro do plen\u00e1rio do Senado a sess\u00e3o que vai decidir se Dilma ser\u00e1 afastada \u00a0por&#8230;<!-- AddThis Advanced Settings generic via filter on wp_trim_excerpt --><!-- AddThis Share Buttons generic via filter on wp_trim_excerpt --><\/p>\n","protected":false},"author":17,"featured_media":42236,"comment_status":"open","ping_status":"open","sticky":false,"template":"","format":"standard","meta":{"_monsterinsights_skip_tracking":false,"_monsterinsights_sitenote_active":false,"_monsterinsights_sitenote_note":"","_monsterinsights_sitenote_category":0,"_uf_show_specific_survey":0,"_uf_disable_surveys":false,"footnotes":""},"categories":[976],"tags":[],"class_list":["post-42262","post","type-post","status-publish","format-standard","has-post-thumbnail","hentry","category-noticias-em-destaque"],"acf":[],"_links":{"self":[{"href":"https:\/\/pdt-rj.org.br\/index.php\/wp-json\/wp\/v2\/posts\/42262","targetHints":{"allow":["GET"]}}],"collection":[{"href":"https:\/\/pdt-rj.org.br\/index.php\/wp-json\/wp\/v2\/posts"}],"about":[{"href":"https:\/\/pdt-rj.org.br\/index.php\/wp-json\/wp\/v2\/types\/post"}],"author":[{"embeddable":true,"href":"https:\/\/pdt-rj.org.br\/index.php\/wp-json\/wp\/v2\/users\/17"}],"replies":[{"embeddable":true,"href":"https:\/\/pdt-rj.org.br\/index.php\/wp-json\/wp\/v2\/comments?post=42262"}],"version-history":[{"count":0,"href":"https:\/\/pdt-rj.org.br\/index.php\/wp-json\/wp\/v2\/posts\/42262\/revisions"}],"wp:featuredmedia":[{"embeddable":true,"href":"https:\/\/pdt-rj.org.br\/index.php\/wp-json\/"}],"wp:attachment":[{"href":"https:\/\/pdt-rj.org.br\/index.php\/wp-json\/wp\/v2\/media?parent=42262"}],"wp:term":[{"taxonomy":"category","embeddable":true,"href":"https:\/\/pdt-rj.org.br\/index.php\/wp-json\/wp\/v2\/categories?post=42262"},{"taxonomy":"post_tag","embeddable":true,"href":"https:\/\/pdt-rj.org.br\/index.php\/wp-json\/wp\/v2\/tags?post=42262"}],"curies":[{"name":"wp","href":"https:\/\/api.w.org\/{rel}","templated":true}]}}