{"id":42240,"date":"2016-05-11T11:52:57","date_gmt":"2016-05-11T14:52:57","guid":{"rendered":"http:\/\/www.malungo2.com.br\/pdt\/desenv\/?p=42240"},"modified":"2016-05-11T11:52:57","modified_gmt":"2016-05-11T14:52:57","slug":"so-o-stf-pode-barrar-o-processo-de-impeachment-de-dilma-2","status":"publish","type":"post","link":"https:\/\/pdt-rj.org.br\/index.php\/so-o-stf-pode-barrar-o-processo-de-impeachment-de-dilma-2\/","title":{"rendered":"STF  pode reverter decis\u00e3o do Senado contr\u00e1ria a presidente"},"content":{"rendered":"<p>O presidente do Supremo Tribunal Federal (STF), ministro Ricardo Lewandowski, afirmou nesta segunda-feira (9) que, ap\u00f3s o julgamento do impeachment da presidente Dilma Rousseff pelo Senado, a Suprema Corte dever\u00e1 decidir se pode ou n\u00e3o reanalisar o caso e entrar juridicamente no debate, que tem natureza pol\u00edtica.<\/p>\n<p>O ministro se reuniu com os presidentes da Organiza\u00e7\u00e3o dos Estados Americanos (OEA), Luis Almargo Lemes, e da Corte Interamericana de Direitos, Roberto Caldas, que estiveram no STF para manifestar preocupa\u00e7\u00e3o da comunidade internacional com o tr\u00e2mite do processo contra Dilma no Congresso.<\/p>\n<p>Ambos indicaram d\u00favidas de que a den\u00fancia contra a petista poder\u00e1 de fato ensejar condena\u00e7\u00e3o por crime de responsabilidade e questionaram a imparcialidade dos julgadores.<\/p>\n<p>&#8220;Ainda n\u00e3o h\u00e1 uma decis\u00e3o pol\u00edtica sobre o m\u00e9rito do impeachment. Por enquanto, o Brasil est\u00e1 aguardando uma decis\u00e3o do Senado. Pode ser que o Supremo venha ou n\u00e3o a ser instado a se pronunciar sobre essa quest\u00e3o, que ter\u00e1 de decidir inicialmente se a decis\u00e3o \u00e9 exclusivamente pol\u00edtica ou se conforta algum tipo de abordagem de ponto de vista jur\u00eddico pass\u00edvel de ser examinada pelo Supremo Tribunal Federal&#8221;, explicou Lewandowski.<\/p>\n<p>O processo de impeachment analisado pelo Senado s\u00f3 pode ser barrado por uma decis\u00e3o do STF (Supremo Tribunal Federal). O resultado de um poss\u00edvel julgamento dos recursos, no entanto, \u00e9 incerto por dois motivos: a falta de um hist\u00f3rico conhecido de decis\u00f5es sobre esse tipo de quest\u00e3o; e por n\u00e3o haver previs\u00e3o legal clara sobre como arbitrar esse tipo de disputa, segundo avalia o professor de direito constitucional da FGV Direito SP, Rubens Glezer.<\/p>\n<p>&#8220;A verdade \u00e9 que \u00e9 um espa\u00e7o de v\u00e1cuo jur\u00eddico muito grande. O direito diz pouco sobre como resolver isso. E nesses momentos em que o direito n\u00e3o tem voz mais forte, o que fala mais alto \u00e9 a pol\u00edtica&#8221;, diz Glezer , ouvido pela UOL.<\/p>\n<!-- AddThis Advanced Settings generic via filter on the_content --><!-- AddThis Share Buttons generic via filter on the_content -->","protected":false},"excerpt":{"rendered":"<p>O presidente do Supremo Tribunal Federal (STF), ministro Ricardo Lewandowski, afirmou nesta segunda-feira (9) que, ap\u00f3s o julgamento do impeachment da presidente Dilma Rousseff pelo Senado, a Suprema Corte dever\u00e1 decidir se pode ou n\u00e3o reanalisar o caso e entrar juridicamente no debate, que tem natureza pol\u00edtica. O ministro se reuniu com os presidentes da&#8230;<!-- AddThis Advanced Settings generic via filter on wp_trim_excerpt --><!-- AddThis Share Buttons generic via filter on wp_trim_excerpt --><\/p>\n","protected":false},"author":17,"featured_media":42241,"comment_status":"open","ping_status":"open","sticky":false,"template":"","format":"standard","meta":{"_monsterinsights_skip_tracking":false,"_monsterinsights_sitenote_active":false,"_monsterinsights_sitenote_note":"","_monsterinsights_sitenote_category":0,"_uf_show_specific_survey":0,"_uf_disable_surveys":false,"footnotes":""},"categories":[976],"tags":[568,665,28,899],"class_list":["post-42240","post","type-post","status-publish","format-standard","has-post-thumbnail","hentry","category-noticias-em-destaque","tag-lewandowski","tag-o","tag-stf","tag-supremo-tribunal-federal"],"acf":[],"_links":{"self":[{"href":"https:\/\/pdt-rj.org.br\/index.php\/wp-json\/wp\/v2\/posts\/42240","targetHints":{"allow":["GET"]}}],"collection":[{"href":"https:\/\/pdt-rj.org.br\/index.php\/wp-json\/wp\/v2\/posts"}],"about":[{"href":"https:\/\/pdt-rj.org.br\/index.php\/wp-json\/wp\/v2\/types\/post"}],"author":[{"embeddable":true,"href":"https:\/\/pdt-rj.org.br\/index.php\/wp-json\/wp\/v2\/users\/17"}],"replies":[{"embeddable":true,"href":"https:\/\/pdt-rj.org.br\/index.php\/wp-json\/wp\/v2\/comments?post=42240"}],"version-history":[{"count":0,"href":"https:\/\/pdt-rj.org.br\/index.php\/wp-json\/wp\/v2\/posts\/42240\/revisions"}],"wp:featuredmedia":[{"embeddable":true,"href":"https:\/\/pdt-rj.org.br\/index.php\/wp-json\/"}],"wp:attachment":[{"href":"https:\/\/pdt-rj.org.br\/index.php\/wp-json\/wp\/v2\/media?parent=42240"}],"wp:term":[{"taxonomy":"category","embeddable":true,"href":"https:\/\/pdt-rj.org.br\/index.php\/wp-json\/wp\/v2\/categories?post=42240"},{"taxonomy":"post_tag","embeddable":true,"href":"https:\/\/pdt-rj.org.br\/index.php\/wp-json\/wp\/v2\/tags?post=42240"}],"curies":[{"name":"wp","href":"https:\/\/api.w.org\/{rel}","templated":true}]}}