{"id":42172,"date":"2016-05-10T11:01:03","date_gmt":"2016-05-10T14:01:03","guid":{"rendered":"http:\/\/pdt-rj.org.br\/?p=42172"},"modified":"2016-05-10T11:01:03","modified_gmt":"2016-05-10T14:01:03","slug":"pdt-rj-aprova-mocao-de-apoio-a-lupi-por-resistir-ao-impeachment","status":"publish","type":"post","link":"https:\/\/pdt-rj.org.br\/index.php\/pdt-rj-aprova-mocao-de-apoio-a-lupi-por-resistir-ao-impeachment\/","title":{"rendered":"PDT-RJ aprova mo\u00e7\u00e3o de apoio a Lupi por resistir ao impeachment &#8216;promovido por reacion\u00e1rios e entreguistas&#8217;"},"content":{"rendered":"<p style=\"text-align: justify;\"><span style=\"font-size: large;\">O Diret\u00f3rio do PDT-RJ, aprovou nesta segunda-feira (9\/5) por unanimidade uma Mo\u00e7\u00e3o de Apoio e Reconhecimento ao seu presidente, Carlos Lupi, &#8220;pela postura firme que vem conduzindo o Partido contra o golpe de estado promovido pelas for\u00e7as reacion\u00e1rias e entreguistas&#8221;. <\/span><\/p>\n<p style=\"text-align: justify;\"><span style=\"font-size: large;\">Segundo a nota, aprovada \u00a0pelos integrantes do diret\u00f3rio estadual do PDT, &#8220;Lupi tem honrado a heran\u00e7a de Brizola sempre em favor da democracia e da legalidade.<\/span><span style=\"color: #141823; font-family: helvetica, arial, sans-serif; font-size: large;\">\u201d\u00a0<\/span><\/p>\n<!-- AddThis Advanced Settings generic via filter on the_content --><!-- AddThis Share Buttons generic via filter on the_content -->","protected":false},"excerpt":{"rendered":"<p>O Diret\u00f3rio do PDT-RJ, aprovou nesta segunda-feira (9\/5) por unanimidade uma Mo\u00e7\u00e3o de Apoio e Reconhecimento ao seu presidente, Carlos Lupi, &#8220;pela postura firme que vem conduzindo o Partido contra o golpe de estado promovido pelas for\u00e7as reacion\u00e1rias e entreguistas&#8221;. Segundo a nota, aprovada \u00a0pelos integrantes do diret\u00f3rio estadual do PDT, &#8220;Lupi tem honrado a&#8230;<!-- AddThis Advanced Settings generic via filter on wp_trim_excerpt --><!-- AddThis Share Buttons generic via filter on wp_trim_excerpt --><\/p>\n","protected":false},"author":17,"featured_media":42173,"comment_status":"open","ping_status":"open","sticky":false,"template":"","format":"standard","meta":{"_monsterinsights_skip_tracking":false,"_monsterinsights_sitenote_active":false,"_monsterinsights_sitenote_note":"","_monsterinsights_sitenote_category":0,"_uf_show_specific_survey":0,"_uf_disable_surveys":false,"footnotes":""},"categories":[1402,1401],"tags":[123,196,633,708],"class_list":["post-42172","post","type-post","status-publish","format-standard","has-post-thumbnail","hentry","category-cidades","category-nacional","tag-apoio","tag-carlos-lupi","tag-mocao-de-apoio","tag-pdt-rj"],"acf":[],"_links":{"self":[{"href":"https:\/\/pdt-rj.org.br\/index.php\/wp-json\/wp\/v2\/posts\/42172","targetHints":{"allow":["GET"]}}],"collection":[{"href":"https:\/\/pdt-rj.org.br\/index.php\/wp-json\/wp\/v2\/posts"}],"about":[{"href":"https:\/\/pdt-rj.org.br\/index.php\/wp-json\/wp\/v2\/types\/post"}],"author":[{"embeddable":true,"href":"https:\/\/pdt-rj.org.br\/index.php\/wp-json\/wp\/v2\/users\/17"}],"replies":[{"embeddable":true,"href":"https:\/\/pdt-rj.org.br\/index.php\/wp-json\/wp\/v2\/comments?post=42172"}],"version-history":[{"count":0,"href":"https:\/\/pdt-rj.org.br\/index.php\/wp-json\/wp\/v2\/posts\/42172\/revisions"}],"wp:featuredmedia":[{"embeddable":true,"href":"https:\/\/pdt-rj.org.br\/index.php\/wp-json\/wp\/v2\/media\/42173"}],"wp:attachment":[{"href":"https:\/\/pdt-rj.org.br\/index.php\/wp-json\/wp\/v2\/media?parent=42172"}],"wp:term":[{"taxonomy":"category","embeddable":true,"href":"https:\/\/pdt-rj.org.br\/index.php\/wp-json\/wp\/v2\/categories?post=42172"},{"taxonomy":"post_tag","embeddable":true,"href":"https:\/\/pdt-rj.org.br\/index.php\/wp-json\/wp\/v2\/tags?post=42172"}],"curies":[{"name":"wp","href":"https:\/\/api.w.org\/{rel}","templated":true}]}}