{"id":42105,"date":"2016-05-09T12:59:43","date_gmt":"2016-05-09T15:59:43","guid":{"rendered":"http:\/\/www.malungo2.com.br\/pdt\/desenv\/?p=42105"},"modified":"2016-05-09T12:59:43","modified_gmt":"2016-05-09T15:59:43","slug":"waldir-maranhao-presidente-da-camara-anula-tramitacao-do-impeachment","status":"publish","type":"post","link":"https:\/\/pdt-rj.org.br\/index.php\/waldir-maranhao-presidente-da-camara-anula-tramitacao-do-impeachment\/","title":{"rendered":"Maranh\u00e3o, substituto de Cunha, anula tramita\u00e7\u00e3o do impeachment &#8211; mas volta atr\u00e1s"},"content":{"rendered":"<p>O presidente interino da C\u00e2mara, Waldir Maranh\u00e3o (PP-MA), assinou uma decis\u00e3o nesta segunda-feira (9) para anular a tramita\u00e7\u00e3o do impeachment da presidente Dilma Rousseff no Congresso.\u00a0Ainda n\u00e3o h\u00e1 detalhes completos da decis\u00e3o, que ser\u00e1 publicada na edi\u00e7\u00e3o do Di\u00e1rio da C\u00e2mara desta ter\u00e7a (10), mas ela derruba as sess\u00f5es que trataram do processo na Casa entre os dias 15 e 17 de abril e na decis\u00e3o\u00a0Maranh\u00e3o pede que o processo volte \u00e0 C\u00e2mara &#8211; que Raimundo Lira, presidente da comiss\u00e3o de impeachment do Senado, n\u00e3o quer fazer.<\/p>\n<p>O impeachment j\u00e1 avan\u00e7ou ao Senado, tendo relat\u00f3rio aprovado por comiss\u00e3o especial, e a vota\u00e7\u00e3o \u00e9 prevista para quarta-feira (11), quando os senadores decidir\u00e3o sobre o afastamento por 180 dias de Dilma. N\u00e3o est\u00e1 certo se esse calend\u00e1rio ser\u00e1 mantido apesar do desejo do senador Raimundo Lira.<\/p>\n<p>O ex-deputado Eduardo Cunha (PMDB-RJ), pai do processo de impeachment de Dilma, foi ouvido pelo G1, ag\u00eancia de not\u00edcias das Organiza\u00e7\u00f5es Globo, atrav\u00e9s de uma nota escrita que distribuiu \u00e0 m\u00eddia:<\/p>\n<p>&#8220;A decis\u00e3o do presidente em exerc\u00edcio da C\u00e2mara dos Deputados \u00e9 absurda, irrespons\u00e1vel, antirregimental e feita \u00e0 revelia do corpo t\u00e9cnico da Casa, que j\u00e1 tinha manifestado a posi\u00e7\u00e3o de negar conhecimento ao recurso, cuja assinatura eu iria apor na quinta-feira (5\/5), data do meu afastamento&#8221;, diz em nota.<\/p>\n<p>&#8220;A participa\u00e7\u00e3o do advogado-geral da Uni\u00e3o e do governador do Maranh\u00e3o na confec\u00e7\u00e3o da decis\u00e3o mostra a interfer\u00eancia indevida na tentativa desesperada de evitar a consuma\u00e7\u00e3o, pelo Supremo Tribunal Federal, da instaura\u00e7\u00e3o do processo de impeachment da Presidente da Rep\u00fablica.&#8221;<\/p>\n<p>&#8220;Condeno as insinua\u00e7\u00f5es de qualquer natureza publicadas por jornalistas inescrupulosos de qualquer participar minha no epis\u00f3dio&#8221;, diz Cunha.<\/p>\n<p>J\u00e1 a Folha de S\u00e3o Paulo, um dos primeiros ve\u00edculos de comunica\u00e7\u00e3o a divulgar a informa\u00e7\u00e3o que caiu como uma bomba sobre os parlamentares do PSDB, PMDB e outros partidos que, juntos, querem afastar a presidente Dilma da presid\u00eancia, explicou cedo que o motivo que levou Waldir Maranh\u00e3o a anular monocraticamente como presidente da Camara em exerc\u00edcio, a sess\u00e3o que aprovou a abertura do processo de impeachment, seria a interpreta\u00e7\u00e3o de que a vota\u00e7\u00e3o dos deputados &#8220;ultrapassou os limites da den\u00fancia&#8221; oferecida contra Dilma por crime de responsabilidade.<\/p>\n<p>H\u00e1 ainda uma alega\u00e7\u00e3o t\u00e9cnica de que o resultado da vota\u00e7\u00e3o teria que ser encaminhado ao Senado por resolu\u00e7\u00e3o e n\u00e3o por of\u00edcio, como teria ocorrido.\u00a0Maranh\u00e3o acolheu recurso da AGU (Advocacia-Geral da Uni\u00e3o) questionando a vota\u00e7\u00e3o do processo de impeachment de Dilma, no dia 17 de abril. O impeachment foi aprovado por 367 votos contra 137, pela abertura do processo de impeachment.<\/p>\n<p>Maranh\u00e3o \u00e9 aliado do governador Fl\u00e1vio Dino (PC do B-MA), ex-juiz federal e profundo conhecedor das leis, que \u00e9 um dos principais defensores de Dilma. O deputado, na sess\u00e3o do impeachment, \u00a0votou contra a autoriza\u00e7\u00e3o da C\u00e2mara para abertura do processo como defendeu Cunha.<\/p>\n<p>Vice-presidente da C\u00e2mara, Maranh\u00e3o chegou ao comando da Casa na semana passada ap\u00f3s o STF (Supremo Tribunal Federal) determinar a suspens\u00e3o de Eduardo Cunha (PMDB-RJ) do mandato e da Presid\u00eancia da C\u00e2mara, que foi o principal fiador do impeachment no Congresso.<\/p>\n<p>Na a\u00e7\u00e3o, a AGU apontou ilegalidades como orienta\u00e7\u00e3o de voto feita pelos l\u00edderes partid\u00e1rios, motiva\u00e7\u00f5es de voto alheias ao tema em quest\u00e3o (os que votaram &#8220;pela fam\u00edlia&#8221;, por exemplo), manifesta\u00e7\u00e3o do relator no dia da vota\u00e7\u00e3o, n\u00e3o abertura de espa\u00e7o \u00e0 defesa ap\u00f3s essa fala e falta da aprova\u00e7\u00e3o de uma resolu\u00e7\u00e3o materializando a decis\u00e3o do plen\u00e1rio.<\/p>\n<p>Em entrevista \u00e0 GloboNews, o deputado Jos\u00e9 Guimar\u00e3es (PT-CE), L\u00edder do governo na C\u00e2mara, comentou que &#8220;A decis\u00e3o da AGU n\u00e3o \u00e9 intempestiva, porque foi tomada com base nos pressupostos que conformam a nossa Constitui\u00e7\u00e3o e a Lei 1.079, no artigo 23, que estabelece quest\u00f5es fundamentais que est\u00e3o na base da decis\u00e3o do presidente Waldir Maranh\u00e3o&#8221;.<\/p>\n<p>Maranh\u00e3o distribuiu \u00e0 imprensa uma nota oficial, assinada de pr\u00f3prio punho:<\/p>\n<p><img loading=\"lazy\" decoding=\"async\" class=\"alignnone size-medium wp-image-42164\" src=\"http:\/\/www.malungo2.com.br\/pdt\/desenv\/wp-content\/uploads\/2016\/05\/maranhao1-220x300.jpg\" alt=\"maranhao1\" width=\"220\" height=\"300\" \/><\/p>\n<p>&nbsp;<\/p>\n<p><img loading=\"lazy\" decoding=\"async\" class=\"alignnone size-medium wp-image-42165\" src=\"http:\/\/www.malungo2.com.br\/pdt\/desenv\/wp-content\/uploads\/2016\/05\/maranhao2-214x300.jpg\" alt=\"maranhao2\" width=\"214\" height=\"300\" \/><\/p>\n<p>&nbsp;<\/p>\n<p>Depois de causar um terromoto pol\u00edtico no pa\u00eds na segunda pela manh\u00e3, na madrugada de segunda parta ter\u00e7a-feira, por volta da meia noite, Waldir Maranh\u00e3o, revogou o pr\u00f3prio ato e oficiou a Renan Calheiros, presidente do Senado, comunicando a sua &#8220;decis\u00e3o&#8221;.<\/p>\n<p><img loading=\"lazy\" decoding=\"async\" class=\"alignnone size-medium wp-image-42179\" src=\"http:\/\/www.malungo2.com.br\/pdt\/desenv\/wp-content\/uploads\/2016\/05\/WaldirMaranhaoRevogacao-300x239.jpg\" alt=\"WaldirMaranhaoRevogacao\" width=\"300\" height=\"239\" \/><\/p>\n<p>&nbsp;<\/p>\n<p><strong><a href=\"http:\/\/g1.globo.com\/ma\/maranhao\/noticia\/2016\/05\/discordo-mas-respeito-avalia-flavio-dino-sobre-recuo-de-waldir-maranhao.html\">Fl\u00e1vio Dino, sobre decis\u00e3o de Waldir Maranh\u00e3o, de voltar atr\u00e1s na decis\u00e3o: &#8220;Discordo, mas respeito&#8221;<\/a><\/strong><\/p>\n<!-- AddThis Advanced Settings generic via filter on the_content --><!-- AddThis Share Buttons generic via filter on the_content -->","protected":false},"excerpt":{"rendered":"<p>O presidente interino da C\u00e2mara, Waldir Maranh\u00e3o (PP-MA), assinou uma decis\u00e3o nesta segunda-feira (9) para anular a tramita\u00e7\u00e3o do impeachment da presidente Dilma Rousseff no Congresso.\u00a0Ainda n\u00e3o h\u00e1 detalhes completos da decis\u00e3o, que ser\u00e1 publicada na edi\u00e7\u00e3o do Di\u00e1rio da C\u00e2mara desta ter\u00e7a (10), mas ela derruba as sess\u00f5es que trataram do processo na Casa&#8230;<!-- AddThis Advanced Settings generic via filter on wp_trim_excerpt --><!-- AddThis Share Buttons generic via filter on wp_trim_excerpt --><\/p>\n","protected":false},"author":17,"featured_media":42133,"comment_status":"open","ping_status":"open","sticky":false,"template":"","format":"standard","meta":{"_monsterinsights_skip_tracking":false,"_monsterinsights_sitenote_active":false,"_monsterinsights_sitenote_note":"","_monsterinsights_sitenote_category":0,"_uf_show_specific_survey":0,"_uf_disable_surveys":false,"footnotes":""},"categories":[976],"tags":[106,306,24,869,899,960],"class_list":["post-42105","post","type-post","status-publish","format-standard","has-post-thumbnail","hentry","category-noticias-em-destaque","tag-agu","tag-dilma","tag-impeachment","tag-senado","tag-supremo-tribunal-federal","tag-waldir-maranhao"],"acf":[],"_links":{"self":[{"href":"https:\/\/pdt-rj.org.br\/index.php\/wp-json\/wp\/v2\/posts\/42105","targetHints":{"allow":["GET"]}}],"collection":[{"href":"https:\/\/pdt-rj.org.br\/index.php\/wp-json\/wp\/v2\/posts"}],"about":[{"href":"https:\/\/pdt-rj.org.br\/index.php\/wp-json\/wp\/v2\/types\/post"}],"author":[{"embeddable":true,"href":"https:\/\/pdt-rj.org.br\/index.php\/wp-json\/wp\/v2\/users\/17"}],"replies":[{"embeddable":true,"href":"https:\/\/pdt-rj.org.br\/index.php\/wp-json\/wp\/v2\/comments?post=42105"}],"version-history":[{"count":0,"href":"https:\/\/pdt-rj.org.br\/index.php\/wp-json\/wp\/v2\/posts\/42105\/revisions"}],"wp:featuredmedia":[{"embeddable":true,"href":"https:\/\/pdt-rj.org.br\/index.php\/wp-json\/"}],"wp:attachment":[{"href":"https:\/\/pdt-rj.org.br\/index.php\/wp-json\/wp\/v2\/media?parent=42105"}],"wp:term":[{"taxonomy":"category","embeddable":true,"href":"https:\/\/pdt-rj.org.br\/index.php\/wp-json\/wp\/v2\/categories?post=42105"},{"taxonomy":"post_tag","embeddable":true,"href":"https:\/\/pdt-rj.org.br\/index.php\/wp-json\/wp\/v2\/tags?post=42105"}],"curies":[{"name":"wp","href":"https:\/\/api.w.org\/{rel}","templated":true}]}}