{"id":42099,"date":"2016-05-09T10:41:22","date_gmt":"2016-05-09T13:41:22","guid":{"rendered":"http:\/\/pdt-rj.org.br\/?p=42099"},"modified":"2016-05-09T10:41:22","modified_gmt":"2016-05-09T13:41:22","slug":"lupi-acredita-que-dilma-volte-ao-poder-mesmo-se-for-afastada","status":"publish","type":"post","link":"https:\/\/pdt-rj.org.br\/index.php\/lupi-acredita-que-dilma-volte-ao-poder-mesmo-se-for-afastada\/","title":{"rendered":"Lupi acredita que Dilma, mesmo se for afastada,  volte ao poder"},"content":{"rendered":"<p>O presidente nacional do PDT, Carlos Lupi, afirmou em Aracaju &#8211; onde participou da conven\u00e7\u00e3o do PDT local &#8211; que a presidente Dilma Rousseff deve retornar ao comando do pa\u00eds nos pr\u00f3ximos 120 dias mesmo se for afastada na pr\u00f3xima quarta-feira (11\/5) o pelo plen\u00e1rio do Senado aceite como regular e legal o processo de impeachment iniciado na C\u00e2mara pelo deputado Eduardo Cunha (PMDB), cassado na quinta passada pelo STF por corrup\u00e7\u00e3o. \u201cDaqui a 120 dias isso pode se reverter. Muita coisa pode acontecer ainda. Esse processo, que atinge Cunha, atingir\u00e1 muita gente no entorno de Temer e at\u00e9 o pr\u00f3prio vice-presidente. Tenho muita convic\u00e7\u00e3o de que estamos s\u00f3 no come\u00e7o de um processo muito doloroso na sociedade, mas que pode ter um final feliz\u201d, ressaltou Lupi, entrevistado pelo jornalista Valter Lima, do blog 247. Lupi reiterou tamb\u00e9m que o PDT far\u00e1 oposi\u00e7\u00e3o ao eventual governo de Temer (PMDB). &#8220;Faremos oposi\u00e7\u00e3o ao Michel Temer, mas n\u00e3o ao Brasil. Votaremos favoravelmente \u00a0ao que for bom para o pa\u00eds. S\u00f3 n\u00e3o podemos \u00e9 participar de um governo que \u00a0consideramos \u00a0golpista&#8221;, ressaltou. O presidente nacional do PDT esteve em Aracaju acompanhado do presidenci\u00e1vel Ciro Gomes que tamb\u00e9m concedeu entrevista ao 247 onde afirmou que acredita que que o &#8220;milagre da participa\u00e7\u00e3o popular\u201d possa impedir o golpe de Cunha e Michel Temer.<\/p>\n<!-- AddThis Advanced Settings generic via filter on the_content --><!-- AddThis Share Buttons generic via filter on the_content -->","protected":false},"excerpt":{"rendered":"<p>O presidente nacional do PDT, Carlos Lupi, afirmou em Aracaju &#8211; onde participou da conven\u00e7\u00e3o do PDT local &#8211; que a presidente Dilma Rousseff deve retornar ao comando do pa\u00eds nos pr\u00f3ximos 120 dias mesmo se for afastada na pr\u00f3xima quarta-feira (11\/5) o pelo plen\u00e1rio do Senado aceite como regular e legal o processo de&#8230;<!-- AddThis Advanced Settings generic via filter on wp_trim_excerpt --><!-- AddThis Share Buttons generic via filter on wp_trim_excerpt --><\/p>\n","protected":false},"author":17,"featured_media":42100,"comment_status":"open","ping_status":"open","sticky":false,"template":"","format":"standard","meta":{"_monsterinsights_skip_tracking":false,"_monsterinsights_sitenote_active":false,"_monsterinsights_sitenote_note":"","_monsterinsights_sitenote_category":0,"_uf_show_specific_survey":0,"_uf_disable_surveys":false,"footnotes":""},"categories":[1401],"tags":[],"class_list":["post-42099","post","type-post","status-publish","format-standard","has-post-thumbnail","hentry","category-nacional"],"acf":[],"_links":{"self":[{"href":"https:\/\/pdt-rj.org.br\/index.php\/wp-json\/wp\/v2\/posts\/42099","targetHints":{"allow":["GET"]}}],"collection":[{"href":"https:\/\/pdt-rj.org.br\/index.php\/wp-json\/wp\/v2\/posts"}],"about":[{"href":"https:\/\/pdt-rj.org.br\/index.php\/wp-json\/wp\/v2\/types\/post"}],"author":[{"embeddable":true,"href":"https:\/\/pdt-rj.org.br\/index.php\/wp-json\/wp\/v2\/users\/17"}],"replies":[{"embeddable":true,"href":"https:\/\/pdt-rj.org.br\/index.php\/wp-json\/wp\/v2\/comments?post=42099"}],"version-history":[{"count":0,"href":"https:\/\/pdt-rj.org.br\/index.php\/wp-json\/wp\/v2\/posts\/42099\/revisions"}],"wp:featuredmedia":[{"embeddable":true,"href":"https:\/\/pdt-rj.org.br\/index.php\/wp-json\/wp\/v2\/media\/42100"}],"wp:attachment":[{"href":"https:\/\/pdt-rj.org.br\/index.php\/wp-json\/wp\/v2\/media?parent=42099"}],"wp:term":[{"taxonomy":"category","embeddable":true,"href":"https:\/\/pdt-rj.org.br\/index.php\/wp-json\/wp\/v2\/categories?post=42099"},{"taxonomy":"post_tag","embeddable":true,"href":"https:\/\/pdt-rj.org.br\/index.php\/wp-json\/wp\/v2\/tags?post=42099"}],"curies":[{"name":"wp","href":"https:\/\/api.w.org\/{rel}","templated":true}]}}