{"id":42069,"date":"2016-05-07T07:15:41","date_gmt":"2016-05-07T10:15:41","guid":{"rendered":"http:\/\/www.malungo2.com.br\/pdt\/desenv\/?p=42069"},"modified":"2016-05-07T07:15:41","modified_gmt":"2016-05-07T10:15:41","slug":"o-dia-substituto-de-cunha-quer-tocar-impeachment-de-temer","status":"publish","type":"post","link":"https:\/\/pdt-rj.org.br\/index.php\/o-dia-substituto-de-cunha-quer-tocar-impeachment-de-temer\/","title":{"rendered":"\u2018O Dia\u2019:  Waldir Maranh\u00e3o, substituto de Cunha, quer tocar impeachment de Temer"},"content":{"rendered":"<p>&nbsp;<\/p>\n<p>A queda de Eduardo Cunha (PMDB-RJ) da presid\u00eancia da C\u00e2mara e sua substitui\u00e7\u00e3o pelo deputado Waldir Maranh\u00e3o (PP-MA) n\u00e3o agradou a oposi\u00e7\u00e3o, que tinha tudo sob controle no encaminhamento do processo de impeachment de Dilma Rousseff, segundo afirmou ontem o deputado fedral Paulo Pimenta, do PT ga\u00facho. \u00a0\u201cA oposi\u00e7\u00e3o n\u00e3o est\u00e1 satisfeita. Eles est\u00e3o assustados\u201d, frisou Pimenta. (<strong>Na foto, deputado Waldir Maranh\u00e3o<\/strong>)<\/p>\n<p>Para a situa\u00e7\u00e3o, e principalmente para a oposi\u00e7\u00e3o ao governo na C\u00e2mara dos Deputados, os pr\u00f3ximos passos de Maranh\u00e3o s\u00e3o uma inc\u00f3gnita, e \u00e9 isso o que incomoda os grupos que trabalham pelo impedimento de Dilma.<\/p>\n<p>Pimenta diz esperar de Maranh\u00e3o uma atua\u00e7\u00e3o republicana no cargo que herdou com a derrubada de Cunha pelo STF.<\/p>\n<p>\u201cEspero que ele atue com isen\u00e7\u00e3o, tenha independ\u00eancia, ao contr\u00e1rio do que Eduardo Cunha vinha fazendo. Que possa tomar medidas a partir do esp\u00edrito republicano, entre elas acolher o recurso do advogado-geral da Uni\u00e3o (Jos\u00e9 Eduardo Cardozo) pela nulidade da sess\u00e3o de 17 de abril para restabelecer o ambiente de normalidade democr\u00e1tica do pa\u00eds.\u201d<\/p>\n<p>Se Maranh\u00e3o acatar o pedido da AGU e anular a sess\u00e3o do dia 17, todos os demais atos subsequentes passam a ser nulos, lembra Pimenta.\u00a0 Em sua p\u00e1gina no Facebook, Maranh\u00e3o postou na tarde de sexta (6) um pequeno texto que deixou a oposi\u00e7\u00e3o \u00a0desconfiada:<\/p>\n<p>\u201cNa democracia, o governo \u00e9 do povo, pelo povo e para o povo. Sou feliz por morar em um pa\u00eds democr\u00e1tico. E reafirmo minha busca para que cada escolha do povo brasileiro seja sempre respeitada\u201d, escreveu.<\/p>\n<p>Segundo o jornal \u201cO Dia\u201d do Rio de Janeiro, na segunda (9\/5) Waldir Maranh\u00e3o (PP-MA) dar\u00e1 sequ\u00eancia ao processo de impeachment do vice-presidente Michel Temer.<\/p>\n<p>O vice-l\u00edder do governo Dilma Rousseff na C\u00e2mara, o deputado Silvio Costa (PTdoB-PE) afirmou que Maranh\u00e3o, \u00a0nas conversas, \u201cjurou de p\u00e9 juntos que, diferente de Cunha, vai respeitar o regimento e Constitui\u00e7\u00e3o\u201d.<\/p>\n<p>Silvio acrescentou:<\/p>\n<p>\u201cEstive com ele, que se comprometeu a encaminhar a todos os l\u00edderes partid\u00e1rios, nesta segunda-feira, o pedido para que indiquem os membros da comiss\u00e3o que analisar\u00e1 o pedido de impeachment de Temer. Ele garantiu que, caso os l\u00edderes n\u00e3o indiquem os membros, ele mesmo, enquanto presidente da C\u00e2mara, tem a prerrogativa regimental de indic\u00e1-los\u201d.<\/p>\n<p>&nbsp;<\/p>\n<!-- AddThis Advanced Settings generic via filter on the_content --><!-- AddThis Share Buttons generic via filter on the_content -->","protected":false},"excerpt":{"rendered":"<p>&nbsp; A queda de Eduardo Cunha (PMDB-RJ) da presid\u00eancia da C\u00e2mara e sua substitui\u00e7\u00e3o pelo deputado Waldir Maranh\u00e3o (PP-MA) n\u00e3o agradou a oposi\u00e7\u00e3o, que tinha tudo sob controle no encaminhamento do processo de impeachment de Dilma Rousseff, segundo afirmou ontem o deputado fedral Paulo Pimenta, do PT ga\u00facho. \u00a0\u201cA oposi\u00e7\u00e3o n\u00e3o est\u00e1 satisfeita. Eles est\u00e3o&#8230;<!-- AddThis Advanced Settings generic via filter on wp_trim_excerpt --><!-- AddThis Share Buttons generic via filter on wp_trim_excerpt --><\/p>\n","protected":false},"author":17,"featured_media":42005,"comment_status":"open","ping_status":"open","sticky":false,"template":"","format":"standard","meta":{"_monsterinsights_skip_tracking":false,"_monsterinsights_sitenote_active":false,"_monsterinsights_sitenote_note":"","_monsterinsights_sitenote_category":0,"_uf_show_specific_survey":0,"_uf_disable_surveys":false,"footnotes":""},"categories":[976],"tags":[],"class_list":["post-42069","post","type-post","status-publish","format-standard","has-post-thumbnail","hentry","category-noticias-em-destaque"],"acf":[],"_links":{"self":[{"href":"https:\/\/pdt-rj.org.br\/index.php\/wp-json\/wp\/v2\/posts\/42069","targetHints":{"allow":["GET"]}}],"collection":[{"href":"https:\/\/pdt-rj.org.br\/index.php\/wp-json\/wp\/v2\/posts"}],"about":[{"href":"https:\/\/pdt-rj.org.br\/index.php\/wp-json\/wp\/v2\/types\/post"}],"author":[{"embeddable":true,"href":"https:\/\/pdt-rj.org.br\/index.php\/wp-json\/wp\/v2\/users\/17"}],"replies":[{"embeddable":true,"href":"https:\/\/pdt-rj.org.br\/index.php\/wp-json\/wp\/v2\/comments?post=42069"}],"version-history":[{"count":0,"href":"https:\/\/pdt-rj.org.br\/index.php\/wp-json\/wp\/v2\/posts\/42069\/revisions"}],"wp:featuredmedia":[{"embeddable":true,"href":"https:\/\/pdt-rj.org.br\/index.php\/wp-json\/"}],"wp:attachment":[{"href":"https:\/\/pdt-rj.org.br\/index.php\/wp-json\/wp\/v2\/media?parent=42069"}],"wp:term":[{"taxonomy":"category","embeddable":true,"href":"https:\/\/pdt-rj.org.br\/index.php\/wp-json\/wp\/v2\/categories?post=42069"},{"taxonomy":"post_tag","embeddable":true,"href":"https:\/\/pdt-rj.org.br\/index.php\/wp-json\/wp\/v2\/tags?post=42069"}],"curies":[{"name":"wp","href":"https:\/\/api.w.org\/{rel}","templated":true}]}}