{"id":42023,"date":"2016-05-06T10:00:19","date_gmt":"2016-05-06T13:00:19","guid":{"rendered":"http:\/\/www.malungo2.com.br\/pdt\/desenv\/?p=42023"},"modified":"2016-05-06T10:00:19","modified_gmt":"2016-05-06T13:00:19","slug":"pre-sal-petrobras-operadora-unica-e-garantia-de-empregos-no-brasil","status":"publish","type":"post","link":"https:\/\/pdt-rj.org.br\/index.php\/pre-sal-petrobras-operadora-unica-e-garantia-de-empregos-no-brasil\/","title":{"rendered":"Pr\u00e9-sal:  Petrobras operadora \u00fanica \u00e9 garantia de empregos no Brasil"},"content":{"rendered":"<p>Os participantes da audi\u00eancia p\u00fablica na C\u00e2mara dos Deputados da comiss\u00e3o especial da Petrobras e explora\u00e7\u00e3o do pr\u00e9-sal \u2013 a que analisa as consequ\u00eancias da abertura da explora\u00e7\u00e3o do pr\u00e9-sal para petrol\u00edferas estrangeiras atrav\u00e9s do PL 4567\/16, antigo PLS-131 &#8211; \u00a0defenderam nesta quinta-feira (5\/5) a manuten\u00e7\u00e3o da estatal brasileira como operadora \u00fanica dos campos de petr\u00f3leo do pr\u00e9-sal, \u00a0como forma de garantir empregos no Pa\u00eds.<\/p>\n<p>Para o diretor da Federa\u00e7\u00e3o \u00danica dos Petroleiros (FUP), Jo\u00e3o Ant\u00f4nio de Moraes, n\u00e3o \u00e9 poss\u00edvel garantir que com a abertura do pr\u00e9-sal, as empresas privadas ou estatais internacionais fa\u00e7am aportes de investimento no Brasil.<\/p>\n<p>\u201cAs petrol\u00edferas optam em pagar multa e gerar empregos em seus pa\u00edses de origem, n\u00e3o pagando multas e gerando empregos no Brasil. A pol\u00edtica de conte\u00fado local n\u00e3o funciona com essas empresas, elas preferem comprar em seus pa\u00edses de origem &#8211; \u00e9 preciso ter a Petrobras como ator nessa ind\u00fastria de amplia\u00e7\u00e3o do parque tecnol\u00f3gico\u201d, afirmou Moraes.<\/p>\n<p>O dirigente da FUP, ligada ao PT, negou que a Petrobras esteja falida. Segundo ele, no final de 2015, a empresa aumentou a produ\u00e7\u00e3o de petr\u00f3leo e g\u00e1s natural em 6%, chegando ao recorde di\u00e1rio de produ\u00e7\u00e3o, no pr\u00e9-sal, de 1.178 mil barris por dia. Moraes destacou ainda que todas as grandes petrol\u00edferas do mundo est\u00e3o em crise e que a Petrobras tem capital humano e tecnol\u00f3gico capaz de superar o momento dif\u00edcil.<\/p>\n<p>\u201cSomos achincalhados a servi\u00e7o de interesses externos, porque \u00e9 importante e imprescind\u00edvel abrir o pr\u00e9-sal? A Petrobras \u00e9 a empresa com maior experi\u00eancia no mundo em aguas profundas. Ela assumiu o risco a partir do desenvolvimento tecnol\u00f3gico e do conhecimento geol\u00f3gico das bacias de Santos e Campos. \u00c9 a efici\u00eancia comprovada pelos alt\u00edssimos \u00edndices de sucesso explorat\u00f3rio e pela alta produtividade\u201d, afirmou, em defesa da empresa criada em 1953 pelo presidente Get\u00falio Vargas e tornou o pa\u00eds autossuficiente em petr\u00f3leo.<\/p>\n<p>Ind\u00fastria naval<\/p>\n<p>O vice-presidente do Sindicato Nacional da Ind\u00fastria da Constru\u00e7\u00e3o e Repara\u00e7\u00e3o Naval e Offshore (Sinaval), S\u00e9rgio Bacci, queixou-se que devido \u00e0 baixa capacidade de investimento da Petrobras no momento, por conta da crise provocada pela opera\u00e7\u00e3o Lava Jato, a Petrobras tem preferido fretar embarca\u00e7\u00f5es estrangeiras a construir no Brasil.<\/p>\n<p>\u201cVamos analisar o conjunto da obra: o barco \u00e9 mais caro, mas gera empregos no Brasil, gera emprego na cadeia produtiva, gera imposto das empresas que operam as embarca\u00e7\u00f5es\u201d, explicou.<\/p>\n<p>Segundo Bacci, a Petrobras deve voltar a induzir a demanda de forma a fortalecer a ind\u00fastria naval do Brasil.<\/p>\n<p>\u201c\u00c9 necess\u00e1rio ter barreiras para que a ind\u00fastria se fortale\u00e7a mais, pois se isso n\u00e3o acontecer, chegaremos em breve aos mesmos 1800 empregos que t\u00ednhamos no ano 2000\u201d.<\/p>\n<p>Segundo o vice-presidente do Sinaval, em 2000, havia apenas 1800 empregos no setor, mas com a determina\u00e7\u00e3o de construir os navios no Brasil, tomada no governo Lula, os empregos no setor chegaram a 84 mil, em 2014, quando a constru\u00e7\u00e3o naval estava de vento em popa, mas por conta da crise, do cancelamento de encomendas e dos problemas gerados pela Lava Jato, a previs\u00e3o \u00e9 de que a ind\u00fastria naval chegue ao final deste ano com apenas 35 mil empregos.<\/p>\n<p>\u201cA ind\u00fastria naval do mundo [Cor\u00e9ia, Jap\u00e3o, China, Noruega, EUA] deu certo porque ou tinha uma demanda induzida por parte do governo [no caso da China] ou incentivos de ordem fiscal ou de subs\u00eddios para que a ind\u00fastria possa andar [no caso dos EUA]. Tanto os EUA quanto a China usam a mesma forma de fomentar a ind\u00fastria naval. O caminho da Petrobras estava correto, porque induzia a demanda, por conta da Transpetro e da Sete Brasil\u201d, refor\u00e7ou.<\/p>\n<p>O deputado Davidson Magalh\u00e3es (PCdoB-BA), que prop\u00f4s o debate, um dos integrantes da comiss\u00e3o da C\u00e2mara, afirmou que todos os pa\u00edses que estatizaram e controlaram as suas reservas de petr\u00f3leo o fizeram em raz\u00e3o de uma pol\u00edtica nacional de desenvolvimento.<\/p>\n<p>\u201cTodos os pa\u00edses que produzem petr\u00f3leo utilizam a partilha ou a contrata\u00e7\u00e3o de servi\u00e7os para a explora\u00e7\u00e3o de suas reservas. As petroleiras estatais, no mundo inteiro, s\u00e3o as que controlam as principais reservas e isso \u00e9 estrat\u00e9gico. E n\u00e3o podemos, em fun\u00e7\u00e3o de um momento de dificuldade de caixa, abrir m\u00e3o de uma pol\u00edtica de desenvolvimento estrat\u00e9gico da ind\u00fastria de petr\u00f3leo e g\u00e1s no Brasil\u201d, afirmou o parlamentar.<\/p>\n<p>Mas para o deputado Darc\u00edsio Perondi (PMDB-RS), alinhado com os entreguistas que fazem parte da comiss\u00e3o, foi a corrup\u00e7\u00e3o a principal raz\u00e3o pela crise da Petrobras e chamou o processo de \u201ccancer\u00edgeno\u201d .<\/p>\n<p>Ele tamb\u00e9m defendeu a abertura dos campos do pr\u00e9-sal para que haja mais investimentos no Pa\u00eds e criticou o modelo de partilha da produ\u00e7\u00e3o, criado em 2010.<\/p>\n<p>\u201cUma das raz\u00f5es da quebra da Petrobras foi o modelo de partilha e das empresas navais e tudo virou p\u00f3. E todos foram silenciosos com a corrup\u00e7\u00e3o\u201d, afirmou o parlamentar.<\/p>\n<p>&nbsp;<\/p>\n<!-- AddThis Advanced Settings generic via filter on the_content --><!-- AddThis Share Buttons generic via filter on the_content -->","protected":false},"excerpt":{"rendered":"<p>Os participantes da audi\u00eancia p\u00fablica na C\u00e2mara dos Deputados da comiss\u00e3o especial da Petrobras e explora\u00e7\u00e3o do pr\u00e9-sal \u2013 a que analisa as consequ\u00eancias da abertura da explora\u00e7\u00e3o do pr\u00e9-sal para petrol\u00edferas estrangeiras atrav\u00e9s do PL 4567\/16, antigo PLS-131 &#8211; \u00a0defenderam nesta quinta-feira (5\/5) a manuten\u00e7\u00e3o da estatal brasileira como operadora \u00fanica dos campos de&#8230;<!-- AddThis Advanced Settings generic via filter on wp_trim_excerpt --><!-- AddThis Share Buttons generic via filter on wp_trim_excerpt --><\/p>\n","protected":false},"author":17,"featured_media":42024,"comment_status":"open","ping_status":"open","sticky":false,"template":"","format":"standard","meta":{"_monsterinsights_skip_tracking":false,"_monsterinsights_sitenote_active":false,"_monsterinsights_sitenote_note":"","_monsterinsights_sitenote_category":0,"_uf_show_specific_survey":0,"_uf_disable_surveys":false,"footnotes":""},"categories":[976],"tags":[],"class_list":["post-42023","post","type-post","status-publish","format-standard","has-post-thumbnail","hentry","category-noticias-em-destaque"],"acf":[],"_links":{"self":[{"href":"https:\/\/pdt-rj.org.br\/index.php\/wp-json\/wp\/v2\/posts\/42023","targetHints":{"allow":["GET"]}}],"collection":[{"href":"https:\/\/pdt-rj.org.br\/index.php\/wp-json\/wp\/v2\/posts"}],"about":[{"href":"https:\/\/pdt-rj.org.br\/index.php\/wp-json\/wp\/v2\/types\/post"}],"author":[{"embeddable":true,"href":"https:\/\/pdt-rj.org.br\/index.php\/wp-json\/wp\/v2\/users\/17"}],"replies":[{"embeddable":true,"href":"https:\/\/pdt-rj.org.br\/index.php\/wp-json\/wp\/v2\/comments?post=42023"}],"version-history":[{"count":0,"href":"https:\/\/pdt-rj.org.br\/index.php\/wp-json\/wp\/v2\/posts\/42023\/revisions"}],"wp:featuredmedia":[{"embeddable":true,"href":"https:\/\/pdt-rj.org.br\/index.php\/wp-json\/"}],"wp:attachment":[{"href":"https:\/\/pdt-rj.org.br\/index.php\/wp-json\/wp\/v2\/media?parent=42023"}],"wp:term":[{"taxonomy":"category","embeddable":true,"href":"https:\/\/pdt-rj.org.br\/index.php\/wp-json\/wp\/v2\/categories?post=42023"},{"taxonomy":"post_tag","embeddable":true,"href":"https:\/\/pdt-rj.org.br\/index.php\/wp-json\/wp\/v2\/tags?post=42023"}],"curies":[{"name":"wp","href":"https:\/\/api.w.org\/{rel}","templated":true}]}}