{"id":41987,"date":"2016-05-05T14:50:52","date_gmt":"2016-05-05T17:50:52","guid":{"rendered":"http:\/\/www.malungo2.com.br\/pdt\/desenv\/?p=41987"},"modified":"2016-05-05T14:50:52","modified_gmt":"2016-05-05T17:50:52","slug":"jeferson-miola-o-afastamento-tardio-de-eduardo-cunha","status":"publish","type":"post","link":"https:\/\/pdt-rj.org.br\/index.php\/jeferson-miola-o-afastamento-tardio-de-eduardo-cunha\/","title":{"rendered":"Jeferson Miola: O afastamento tardio de Eduardo Cunha"},"content":{"rendered":"<p>Ganha uma viagem \u00e0 Lua com direito a um passeio sideral quem descobrir algum motivo que n\u00e3o existia em 15 de dezembro de 2015 e que passou a existir neste 5 de maio de 2016 para o juiz do STF Teori Zavascki finalmente determinar o afastamento de Eduardo Cunha da Presid\u00eancia da C\u00e2mara dos Deputados.<\/p>\n<p>Em 15 de dezembro de 2015, o Minist\u00e9rio P\u00fablico pediu ao STF o afastamento de Cunha, cuja extensa ficha criminal j\u00e1 era de conhecimento p\u00fablico.<\/p>\n<p>Apesar de ser r\u00e9u na justi\u00e7a, Cunha n\u00e3o s\u00f3 manteve o mandato parlamentar como foi preservado na Presid\u00eancia da C\u00e2mara dos Deputados para acelerar o golpe de Estado.<\/p>\n<p>A decis\u00e3o do Teori chegou, portanto, com 125 dias de um atraso que parece ser intencional, deliberado. Neste intervalo de tempo, devido a esta complac\u00eancia inaceit\u00e1vel, o mandato leg\u00edtimo conferido \u00e0 Presidente Dilma por 54.501.118 votos foi alvejado por um golpe de Estado perpetrado por uma \u201cassembleia geral de bandidos comandada por um bandido chamado Eduardo Cunha\u201d, como relatou a imprensa internacional.<\/p>\n<p>No artigo \u201co STF na engrenagem golpista\u201d, dissemos que a cumplicidade ativa \u2013 ou a cumplicidade por acovardamento \u2013 do STF com o golpe prova que a justi\u00e7a n\u00e3o s\u00f3 tarda, mas tamb\u00e9m falha. No caso do impeachment sem crime de responsabilidade, o resultado da falha da justi\u00e7a n\u00e3o \u00e9 apenas a injusti\u00e7a, mas \u00e9 um golpe contra a Constitui\u00e7\u00e3o e contra o Estado Democr\u00e1tico de Direito. O STF \u00e9 parte da engrenagem golpista. Alguns ju\u00edzes que integram a Suprema Corte atuam partid\u00e1ria e ativamente em favor da din\u00e2mica golpista. Outros ju\u00edzes, ainda que n\u00e3o atuem abertamente pelo golpe, por\u00e9m com seus sil\u00eancios, imobilismos e solenidades, tamb\u00e9m favorecem a perpetra\u00e7\u00e3o do golpe.<\/p>\n<p>A decis\u00e3o do juiz Teori, que em dezembro de 2015 seria saudada e festejada como a afirma\u00e7\u00e3o da ordem jur\u00eddica e da moralidade p\u00fablica, infelizmente \u00e9 recebida neste 5 de maio de 2016 com um misto de decep\u00e7\u00e3o, nojo e descren\u00e7a nas institui\u00e7\u00f5es.<\/p>\n<p>Cunha deveria ter sido afastado, cassado e condenado \u00e0 pris\u00e3o h\u00e1 muito tempo. Contudo, deixaram-no livre para destruir o bem mais valioso de uma democracia, que \u00e9 o mandato popular de Presidente da Rep\u00fablica.<\/p>\n<p>O afastamento dele, ocorrido somente hoje, e sem evid\u00eancias diferentes daquelas que j\u00e1 existiam previamente, \u00e9 mais uma prova de que a aprova\u00e7\u00e3o do processo de impeachment da Presidente Dilma n\u00e3o passou de um ato de banditismo comandado por um bandido.<\/p>\n<p>O mundo inteiro sabe que est\u00e1 em andamento um golpe de Estado no Brasil; que o impeachment \u00e9 um atentado contra a Constitui\u00e7\u00e3o e o Estado Democr\u00e1tico de Direito.<\/p>\n<p>\u00c9 por isso que os golpistas tentam, desesperadamente, mascarar uma fachada limpa do p\u00f3s-golpe. Afastar Cunha \u00e9 uma tentativa in\u00fatil de higienizar um pouco o chiqueiro do regime golpista.<\/p>\n<p>Com a imin\u00eancia de completarem a farsa do impeachment no Senado, os golpistas t\u00eam pressa em se livrar do fardo chamado Eduardo Cunha para diminuir o constrangimento do principal s\u00f3cio dele na empreitada golpista, o conspirador Michel Temer.<\/p>\n<!-- AddThis Advanced Settings generic via filter on the_content --><!-- AddThis Share Buttons generic via filter on the_content -->","protected":false},"excerpt":{"rendered":"<p>Ganha uma viagem \u00e0 Lua com direito a um passeio sideral quem descobrir algum motivo que n\u00e3o existia em 15 de dezembro de 2015 e que passou a existir neste 5 de maio de 2016 para o juiz do STF Teori Zavascki finalmente determinar o afastamento de Eduardo Cunha da Presid\u00eancia da C\u00e2mara dos Deputados&#8230;.<!-- AddThis Advanced Settings generic via filter on wp_trim_excerpt --><!-- AddThis Share Buttons generic via filter on wp_trim_excerpt --><\/p>\n","protected":false},"author":17,"featured_media":41988,"comment_status":"open","ping_status":"open","sticky":false,"template":"","format":"standard","meta":{"_monsterinsights_skip_tracking":false,"_monsterinsights_sitenote_active":false,"_monsterinsights_sitenote_note":"","_monsterinsights_sitenote_category":0,"_uf_show_specific_survey":0,"_uf_disable_surveys":false,"footnotes":""},"categories":[976],"tags":[],"class_list":["post-41987","post","type-post","status-publish","format-standard","has-post-thumbnail","hentry","category-noticias-em-destaque"],"acf":[],"_links":{"self":[{"href":"https:\/\/pdt-rj.org.br\/index.php\/wp-json\/wp\/v2\/posts\/41987","targetHints":{"allow":["GET"]}}],"collection":[{"href":"https:\/\/pdt-rj.org.br\/index.php\/wp-json\/wp\/v2\/posts"}],"about":[{"href":"https:\/\/pdt-rj.org.br\/index.php\/wp-json\/wp\/v2\/types\/post"}],"author":[{"embeddable":true,"href":"https:\/\/pdt-rj.org.br\/index.php\/wp-json\/wp\/v2\/users\/17"}],"replies":[{"embeddable":true,"href":"https:\/\/pdt-rj.org.br\/index.php\/wp-json\/wp\/v2\/comments?post=41987"}],"version-history":[{"count":0,"href":"https:\/\/pdt-rj.org.br\/index.php\/wp-json\/wp\/v2\/posts\/41987\/revisions"}],"wp:featuredmedia":[{"embeddable":true,"href":"https:\/\/pdt-rj.org.br\/index.php\/wp-json\/"}],"wp:attachment":[{"href":"https:\/\/pdt-rj.org.br\/index.php\/wp-json\/wp\/v2\/media?parent=41987"}],"wp:term":[{"taxonomy":"category","embeddable":true,"href":"https:\/\/pdt-rj.org.br\/index.php\/wp-json\/wp\/v2\/categories?post=41987"},{"taxonomy":"post_tag","embeddable":true,"href":"https:\/\/pdt-rj.org.br\/index.php\/wp-json\/wp\/v2\/tags?post=41987"}],"curies":[{"name":"wp","href":"https:\/\/api.w.org\/{rel}","templated":true}]}}