{"id":41977,"date":"2016-05-05T12:41:11","date_gmt":"2016-05-05T15:41:11","guid":{"rendered":"http:\/\/www.malungo2.com.br\/pdt\/?p=41977"},"modified":"2016-11-01T10:50:15","modified_gmt":"2016-11-01T12:50:15","slug":"dilma-na-bbc-vou-resistir-a-democracia-e-o-lado-certo-da-historia","status":"publish","type":"post","link":"https:\/\/pdt-rj.org.br\/index.php\/dilma-na-bbc-vou-resistir-a-democracia-e-o-lado-certo-da-historia\/","title":{"rendered":"Dilma: &#8216;Vou resistir, a democracia \u00e9 o lado certo da Hist\u00f3ria&#8217;"},"content":{"rendered":"<div id=\"div_twitter\">\u00a0<\/div>\n<div id=\"div_face\">\n<div id=\"___plusone_0\">Em entrevista \u00e0 emissora brit\u00e2nica <a href=\"http:\/\/www.bbc.com\/news\" target=\"_blank\">BBC News<\/a>, publicada na quinta-feira (5) passada, a presidenta <a href=\"https:\/\/twitter.com\/dilmabr\" target=\"_blank\">Dilma Rousseff<\/a> disse que se for afastada do cargo em decorr\u00eancia do processo de impeachment ir\u00e1 resistir e batalhar para vencer na comprova\u00e7\u00e3o de que n\u00e3o cometeu crime de responsabilidade.<\/div>\n<\/div>\n<div class=\"post\">\u00a0<\/div>\n<div id=\"post-101577\" class=\"post\"><em>\u201cN\u00f3s iremos continuar lutando para voltar ao governo. O que n\u00f3s iremos fazer \u00e9 resistir, resistir e resistir, e lutar para ganhar no m\u00e9rito e retornar ao governo\u201d<\/em>, afirmou, voltando a apontar ilegalidade no processo.\u00a0<em>\u201cO que n\u00f3s defendemos, o meu governo e todos os meus apoiadores, \u00e9 que o processo de impeachment \u00e9 ileg\u00edtimo e ilegal porque baseado em uma farsa\u201d<\/em>, disse a presidente.<\/div>\n<div class=\"post\">\u00a0<\/div>\n<div class=\"post\">Na entrevista concedida \u00e0 BBC, no <a href=\"https:\/\/www.facebook.com\/PalacioDoPlanalto\/?fref=ts\" target=\"_blank\">Pal\u00e1cio do Planalto<\/a>, Dilma Rousseff foi questionada sobre se n\u00e3o possu\u00eda conhecimento do esquema de corrup\u00e7\u00e3o na Petrobras. Na resposta, ela defendeu que as den\u00fancias sejam investigadas.<\/div>\n<div class=\"post\">\u00a0<\/div>\n<div class=\"post\"><em>\u201cN\u00e3o concordo que o Brasil seja diferente dos outros pa\u00edses no que se refere \u00e0 exist\u00eancia de corrup\u00e7\u00e3o. \u00c9 intr\u00edseco aos processos de corrup\u00e7\u00e3o se esconder por baixo de estruturas e de pr\u00e1ticas aparentemente corretas. Elas tem que ser investigadas\u201d<\/em>, defendeu, voltando a afirmar que n\u00e3o teme as investiga\u00e7\u00f5es. <em>\u201cEu aceito qualquer forma de investiga\u00e7\u00e3o porque tenho certeza que sou inocente. Ent\u00e3o, n\u00e3o ser\u00e1 por conta de investiga\u00e7\u00e3o [que n\u00e3o voltarei \u00e0 Presid\u00eancia]. N\u00e3o h\u00e1 o menor problema. A mim, podem investigar\u201d<\/em>, afirmou.<\/div>\n<div class=\"post\">\u00a0<\/div>\n<div class=\"post\">A BBC tamb\u00e9m perguntou \u00e0 presidenta se n\u00e3o \u00e9 necess\u00e1rio lembrar aos que defendem o retorno da ditadura que esse n\u00e3o \u00e9 um regime pol\u00edtico ideal. Em resposta, ela lembrou sua pris\u00e3o na d\u00e9cada de 70 pelo regime militar.<\/div>\n<div class=\"post\">\u00a0<\/div>\n<div class=\"post\"><em>\u201cEu pessoalmente fiquei presa tr\u00eas anos e tinha uma esp\u00e9cie de ritual: voc\u00ea era preso, e neste per\u00edodo voc\u00ea era desconectado do mundo, voc\u00ea era torturado e enquanto achassem que era importante saber informa\u00e7\u00f5es, eles mantinham a sua tortura. Muitas pessoas morreram. N\u00e3o precisa viver aquele terror e aquela trag\u00e9dia para aprender que a democracia \u00e9 o lado certo da hist\u00f3ria\u201d.<\/em><\/div>\n<div class=\"post\">\u00a0<\/div>\n<div class=\"post\">\u00a0<\/div>\n<!-- AddThis Advanced Settings generic via filter on the_content --><!-- AddThis Share Buttons generic via filter on the_content -->","protected":false},"excerpt":{"rendered":"<p>\u00a0 Em entrevista \u00e0 emissora brit\u00e2nica BBC News, publicada na quinta-feira (5) passada, a presidenta Dilma Rousseff disse que se for afastada do cargo em decorr\u00eancia do processo de impeachment ir\u00e1 resistir e batalhar para vencer na comprova\u00e7\u00e3o de que n\u00e3o cometeu crime de responsabilidade. \u00a0 \u201cN\u00f3s iremos continuar lutando para voltar ao governo. O&#8230;<!-- AddThis Advanced Settings generic via filter on wp_trim_excerpt --><!-- AddThis Share Buttons generic via filter on wp_trim_excerpt --><\/p>\n","protected":false},"author":17,"featured_media":41978,"comment_status":"closed","ping_status":"open","sticky":false,"template":"","format":"standard","meta":{"_monsterinsights_skip_tracking":false,"_monsterinsights_sitenote_active":false,"_monsterinsights_sitenote_note":"","_monsterinsights_sitenote_category":0,"_uf_show_specific_survey":0,"_uf_disable_surveys":false,"footnotes":""},"categories":[976],"tags":[163,287,23,464,824],"class_list":["post-41977","post","type-post","status-publish","format-standard","has-post-thumbnail","hentry","category-noticias-em-destaque","tag-bbc-de-londres","tag-democracia","tag-dilma-rousseff","tag-historia","tag-resistencia"],"acf":[],"_links":{"self":[{"href":"https:\/\/pdt-rj.org.br\/index.php\/wp-json\/wp\/v2\/posts\/41977","targetHints":{"allow":["GET"]}}],"collection":[{"href":"https:\/\/pdt-rj.org.br\/index.php\/wp-json\/wp\/v2\/posts"}],"about":[{"href":"https:\/\/pdt-rj.org.br\/index.php\/wp-json\/wp\/v2\/types\/post"}],"author":[{"embeddable":true,"href":"https:\/\/pdt-rj.org.br\/index.php\/wp-json\/wp\/v2\/users\/17"}],"replies":[{"embeddable":true,"href":"https:\/\/pdt-rj.org.br\/index.php\/wp-json\/wp\/v2\/comments?post=41977"}],"version-history":[{"count":0,"href":"https:\/\/pdt-rj.org.br\/index.php\/wp-json\/wp\/v2\/posts\/41977\/revisions"}],"wp:featuredmedia":[{"embeddable":true,"href":"https:\/\/pdt-rj.org.br\/index.php\/wp-json\/wp\/v2\/media\/41978"}],"wp:attachment":[{"href":"https:\/\/pdt-rj.org.br\/index.php\/wp-json\/wp\/v2\/media?parent=41977"}],"wp:term":[{"taxonomy":"category","embeddable":true,"href":"https:\/\/pdt-rj.org.br\/index.php\/wp-json\/wp\/v2\/categories?post=41977"},{"taxonomy":"post_tag","embeddable":true,"href":"https:\/\/pdt-rj.org.br\/index.php\/wp-json\/wp\/v2\/tags?post=41977"}],"curies":[{"name":"wp","href":"https:\/\/api.w.org\/{rel}","templated":true}]}}