{"id":41944,"date":"2016-05-05T10:39:56","date_gmt":"2016-05-05T13:39:56","guid":{"rendered":"http:\/\/www.malungo2.com.br\/pdt\/desenv\/?p=41944"},"modified":"2016-05-05T10:39:56","modified_gmt":"2016-05-05T13:39:56","slug":"debate-em-paris-brasil-vai-cometer-suicidio-politico","status":"publish","type":"post","link":"https:\/\/pdt-rj.org.br\/index.php\/debate-em-paris-brasil-vai-cometer-suicidio-politico\/","title":{"rendered":"Professora da Sorbonne, em Paris: &#8216;Brasil vai cometer suic\u00eddio pol\u00edtico&#8217;"},"content":{"rendered":"<p>Para a historiadora Juliette Dumont, do Instituto de Altos Estudos sobre a Am\u00e9rica Latina (IAEAL), da universidade parisiense Sorbonne Nouvelle, o prov\u00e1vel afastamento da presidente Dilma Rousseff &#8220;vai fragilizar o Brasil e prejudicar, durante muitos anos, a credibilidade do pa\u00eds no cen\u00e1rio internacional&#8221;. &#8220;O Brasil cometer\u00e1 um suic\u00eddio pol\u00edtico&#8221;, se o Senado aprovar o pedido de impeachment de Dilma, opina a pesquisadora.<\/p>\n<p>A atual crise pol\u00edtica revelou que &#8220;as for\u00e7as conservadoras ainda est\u00e3o muito presentes e existe um movimento importante contra o que o Partido dos Trabalhadores (PT) representa&#8221;, disse a historiadora. Ela reconheceu que h\u00e1 evid\u00eancias de que o PT est\u00e1 envolvido em corrup\u00e7\u00e3o, mas recordou que foi nos governos de Dilma e do ex-presidente Lula que a Pol\u00edcia Federal teve mais liberdade de investiga\u00e7\u00e3o. &#8220;Espero que o voto no Senado n\u00e3o seja a farsa que foi o voto na C\u00e2mara&#8221;, acrescentou. Dumont mediou um debate organizado nesta quarta-feira (4) pelo Movimento Democr\u00e1tico 18 Mar\u00e7o (MD18), grupo de estudantes brasileiros e europeus que tem denunciado um &#8220;golpe&#8221; institucional no Brasil.<\/p>\n<p><img loading=\"lazy\" decoding=\"async\" class=\" wp-image-41950 alignleft\" src=\"http:\/\/www.malungo2.com.br\/pdt\/desenv\/wp-content\/uploads\/2016\/05\/sorbone.brasil-300x167.jpg\" alt=\"sorbone.brasil\" width=\"406\" height=\"226\" \/>Especialista em rela\u00e7\u00f5es internacionais, a historiadora da Sorbonne considera que a credibilidade do Brasil est\u00e1 profundamente abalada. Segundo Dumont, a vota\u00e7\u00e3o do pedido de impeachment &#8220;deu uma imagem pat\u00e9tica&#8221; da C\u00e2mara. &#8220;Eu acho que o Brasil vai levar muitos anos para corrigir os danos que foram feitos ao pa\u00eds no exterior, a come\u00e7ar na pr\u00f3pria Am\u00e9rica Latina.&#8221;<\/p>\n<p>Para dar um exemplo das consequ\u00eancias da devassa pol\u00edtica, ela cita que o Brasil estava muito perto de conquistar a t\u00e3o sonhada cadeira de membro permanente do Conselho de Seguran\u00e7a da ONU. &#8220;Demorou muitos anos, mas, enfim, o pa\u00eds tinha conseguido o apoio dos vizinhos latino-americanos, o que era uma grande novidade&#8221;, afirma. &#8220;Como o Brasil ter\u00e1 for\u00e7a para continuar a defender seus interesses nos f\u00f3runs internacionais ou na Organiza\u00e7\u00e3o Mundial do Com\u00e9rcio (OMC) se a democracia est\u00e1 em risco&#8221;, questiona Dumont.<\/p>\n<p>&#8220;O Brasil voltou a ser aquele pa\u00eds que n\u00e3o \u00e9 s\u00e9rio e leva tempo para combater esses estere\u00f3tipos em pol\u00edtica internacional&#8221;, diz. Na opini\u00e3o da historiadora, nem com elei\u00e7\u00f5es antecipadas ou com uma reforma pol\u00edtica o Brasil se recuperar\u00e1 a curto prazo. &#8220;A l\u00f3gica do jogo \u00e9 essa, credibilidade exige um esfor\u00e7o diplom\u00e1tico enorme e isso leva tempo&#8221;, conclui.<\/p>\n<p>Novas elei\u00e7\u00f5es n\u00e3o resolvem problema de renova\u00e7\u00e3o dos pol\u00edticos<\/p>\n<p>Dumont n\u00e3o acredita que o pa\u00eds esteja preparado para enfrentar uma nova elei\u00e7\u00e3o presidencial ainda este ano, como desejam 60% dos brasileiros, segundo pesquisas. &#8220;A classe pol\u00edtica precisa de renova\u00e7\u00e3o e o debate est\u00e1 muito polarizado. Antes, os pol\u00edticos brasileiros devem se dar conta do mal que est\u00e3o causando ao pa\u00eds no exterior&#8221;, destacou Dumont.<\/p>\n<p>Cerca de 50 pessoas assistiram ao debate realizado na sede da central sindical CFDT, em Paris. Tamb\u00e9m fizeram parte da mesa Laura de Mello e Souza, uma das maiores especialistas em hist\u00f3ria moderna do Brasil, filha do soci\u00f3logo Antonio Candido, o m\u00fasico franc\u00eas Fr\u00e9d\u00e9ric Pag\u00e8s, estudioso do Brasil, a jornalista da Globonews Elizabeth Carvalho, correspondente em Paris, al\u00e9m de estudantes brasileiros atualmente fazendo mestrado ou doutorado em universidades francesas.<\/p>\n<p>&#8220;O que mais d\u00e1 medo \u00e9 o retrocesso&#8221;, diz professora<\/p>\n<p>O que mais preocupa Laura de Mello e Souza \u00e9 o retrocesso que o Brasil est\u00e1 vivendo e as profundas lacunas na \u00e1rea da educa\u00e7\u00e3o. Ela fez uma retrospectiva hist\u00f3rica de momentos de ruptura e de avan\u00e7os da sociedade brasileira no \u00faltimo s\u00e9culo e considera que o pa\u00eds d\u00e1, nesse momento, &#8220;um grande passo atr\u00e1s&#8221;, ao afastar do poder uma presidente eleita com 54 milh\u00f5es de votos.<\/p>\n<p>&#8220;O problema mais grave na sociedade brasileira s\u00e3o as desigualdades sociais. N\u00f3s negamos as desigualdades o tempo todo e a elite deixou de se preocupar com a educa\u00e7\u00e3o. O mais terr\u00edvel \u00e9 que mesmo os partidos de esquerda n\u00e3o conseguiram enfrentar as desigualdades&#8221;, constata a historiadora da USP. Mello e Souza reside em Paris h\u00e1 dois anos e d\u00e1 aulas de Hist\u00f3ria do Brasil na Sorbonne.<\/p>\n<p>As nomea\u00e7\u00f5es de evang\u00e9licos para postos ministeriais no eventual governo de Michel Temer representam um risco extremamente grave para o pa\u00eds, adverte. &#8220;Os pastores evang\u00e9licos possuem canais de r\u00e1dio e TV e fazem lavagem cerebral em uma popula\u00e7\u00e3o sem conhecimentos&#8221;, lamenta.<\/p>\n<p>Cobertura da imprensa francesa \u00e9 criticada<\/p>\n<p>O papel da m\u00eddia brasileira na desestabiliza\u00e7\u00e3o do governo Dilma esteve em destaque no debate e respingou na imprensa local. O m\u00fasico franc\u00eas Fr\u00e9d\u00e9ric Pag\u00e8s criticou a forma superficial como a imprensa francesa tem coberto a crise. Ele condenou particularmente as coberturas dos jornais Lib\u00e9ration, de esquerda, e do Le Monde, &#8220;com manchetes acusat\u00f3rias ao ex-presidente Lula&#8221;. &#8220;A m\u00eddia francesa tem feito t\u00edtulos baseados em rumores e publicado textos sem profundidade anal\u00edtica&#8221;, afirmou. Pag\u00e8s criticou ainda o sil\u00eancio dos l\u00edderes europeus em rela\u00e7\u00e3o aos ataques \u00e0 presidente Dilma, uma chefe de Estado democraticamente eleita.<\/p>\n<p>O estudante Daniel Garroux, doutorando em Teoria Liter\u00e1ria, tamb\u00e9m desaprova a cobertura superficial das publica\u00e7\u00f5es francesas. Ele assinalou que os correspondentes no Brasil pecam n\u00e3o s\u00f3 pela parcialidade, mas tamb\u00e9m pela falta de aprofundamento no tratamento das informa\u00e7\u00f5es. &#8220;Outro dia, o Lib\u00e9ration disse que a presidente Dilma j\u00e1 tinha sido afastada. Eles nem se preocupam em checar as informa\u00e7\u00f5es mais b\u00e1sicas dessa narrativa&#8221;, argumentou.<\/p>\n<p>O estudante lamentou a aus\u00eancia de reportagens sobre as manifesta\u00e7\u00f5es contra o impeachment na imprensa francesa. &#8220;Elas t\u00eam acontecido quase diariamente, em v\u00e1rias regi\u00f5es do pa\u00eds, e isso n\u00e3o \u00e9 revelado pelos jornais&#8221;, disse.<\/p>\n<!-- AddThis Advanced Settings generic via filter on the_content --><!-- AddThis Share Buttons generic via filter on the_content -->","protected":false},"excerpt":{"rendered":"<p>Para a historiadora Juliette Dumont, do Instituto de Altos Estudos sobre a Am\u00e9rica Latina (IAEAL), da universidade parisiense Sorbonne Nouvelle, o prov\u00e1vel afastamento da presidente Dilma Rousseff &#8220;vai fragilizar o Brasil e prejudicar, durante muitos anos, a credibilidade do pa\u00eds no cen\u00e1rio internacional&#8221;. &#8220;O Brasil cometer\u00e1 um suic\u00eddio pol\u00edtico&#8221;, se o Senado aprovar o pedido&#8230;<!-- AddThis Advanced Settings generic via filter on wp_trim_excerpt --><!-- AddThis Share Buttons generic via filter on wp_trim_excerpt --><\/p>\n","protected":false},"author":17,"featured_media":41945,"comment_status":"open","ping_status":"open","sticky":false,"template":"","format":"standard","meta":{"_monsterinsights_skip_tracking":false,"_monsterinsights_sitenote_active":false,"_monsterinsights_sitenote_note":"","_monsterinsights_sitenote_category":0,"_uf_show_specific_survey":0,"_uf_disable_surveys":false,"footnotes":""},"categories":[976],"tags":[278,891],"class_list":["post-41944","post","type-post","status-publish","format-standard","has-post-thumbnail","hentry","category-noticias-em-destaque","tag-debate-em-paris","tag-sorbonne"],"acf":[],"_links":{"self":[{"href":"https:\/\/pdt-rj.org.br\/index.php\/wp-json\/wp\/v2\/posts\/41944","targetHints":{"allow":["GET"]}}],"collection":[{"href":"https:\/\/pdt-rj.org.br\/index.php\/wp-json\/wp\/v2\/posts"}],"about":[{"href":"https:\/\/pdt-rj.org.br\/index.php\/wp-json\/wp\/v2\/types\/post"}],"author":[{"embeddable":true,"href":"https:\/\/pdt-rj.org.br\/index.php\/wp-json\/wp\/v2\/users\/17"}],"replies":[{"embeddable":true,"href":"https:\/\/pdt-rj.org.br\/index.php\/wp-json\/wp\/v2\/comments?post=41944"}],"version-history":[{"count":0,"href":"https:\/\/pdt-rj.org.br\/index.php\/wp-json\/wp\/v2\/posts\/41944\/revisions"}],"wp:featuredmedia":[{"embeddable":true,"href":"https:\/\/pdt-rj.org.br\/index.php\/wp-json\/"}],"wp:attachment":[{"href":"https:\/\/pdt-rj.org.br\/index.php\/wp-json\/wp\/v2\/media?parent=41944"}],"wp:term":[{"taxonomy":"category","embeddable":true,"href":"https:\/\/pdt-rj.org.br\/index.php\/wp-json\/wp\/v2\/categories?post=41944"},{"taxonomy":"post_tag","embeddable":true,"href":"https:\/\/pdt-rj.org.br\/index.php\/wp-json\/wp\/v2\/tags?post=41944"}],"curies":[{"name":"wp","href":"https:\/\/api.w.org\/{rel}","templated":true}]}}