{"id":41828,"date":"2016-05-03T06:12:31","date_gmt":"2016-05-03T09:12:31","guid":{"rendered":"http:\/\/www.malungo2.com.br\/pdt\/desenv\/?p=41828"},"modified":"2016-05-03T06:12:31","modified_gmt":"2016-05-03T09:12:31","slug":"direito-eleitoral-tera-forum-permanente-de-discussao-dentro-do-pdt","status":"publish","type":"post","link":"https:\/\/pdt-rj.org.br\/index.php\/direito-eleitoral-tera-forum-permanente-de-discussao-dentro-do-pdt\/","title":{"rendered":"Direito eleitoral ter\u00e1 f\u00f3rum permanente de discuss\u00e3o dentro do PDT"},"content":{"rendered":"<div class=\"clearfix fbPhotoSnowliftAuthorInfo _xlu\">\n<div class=\"clearfix _8u _42ef\">\n<div class=\"_6a\">\n<div class=\"_6a _6b\">Um dos resultados do III Encontro Nacional dos Advogados do PDT, realizado em Bras\u00edlia nos dias 28 e 29\/4, foi a decis\u00e3o de criar um f\u00f3rum permanente de discuss\u00e3o sobre direito eleitoral dentro do PDT. \u00a0A Funda\u00e7\u00e3o Leonel Brizola &#8211; Alberto Pasqualini (FLB-AP) organizar\u00e1 o novo espa\u00e7o para discuss\u00e3o de assuntos relacionados \u00e0 quest\u00e3o &#8211; sob a coordena\u00e7\u00e3o de Ades Oliveira, organizador do III Encontro &#8211; e poder\u00e3o participar todos os advogados que trabalham para o PDT tanto nos diret\u00f3rios estaduais como municipais de todo o pa\u00eds, al\u00e9m de estudantes e demais pessoas interessadas. <span id=\"fbPhotoSnowliftCaption\" class=\"fbPhotosPhotoCaption\" tabindex=\"0\" data-ft=\"{&quot;tn&quot;:&quot;K&quot;}\"><span class=\"hasCaption\"><\/p>\n<p>Maiores informa\u00e7\u00f5es com Ades Oliveira (secretaria@flb-ap.org.br), em Bras\u00edlia, na sede nacional do PDT.<\/span><\/span><\/div>\n<\/div>\n<\/div>\n<\/div>\n<!-- AddThis Advanced Settings generic via filter on the_content --><!-- AddThis Share Buttons generic via filter on the_content -->","protected":false},"excerpt":{"rendered":"<p>Um dos resultados do III Encontro Nacional dos Advogados do PDT, realizado em Bras\u00edlia nos dias 28 e 29\/4, foi a decis\u00e3o de criar um f\u00f3rum permanente de discuss\u00e3o sobre direito eleitoral dentro do PDT. \u00a0A Funda\u00e7\u00e3o Leonel Brizola &#8211; Alberto Pasqualini (FLB-AP) organizar\u00e1 o novo espa\u00e7o para discuss\u00e3o de assuntos relacionados \u00e0 quest\u00e3o &#8211;&#8230;<!-- AddThis Advanced Settings generic via filter on wp_trim_excerpt --><!-- AddThis Share Buttons generic via filter on wp_trim_excerpt --><\/p>\n","protected":false},"author":17,"featured_media":41829,"comment_status":"open","ping_status":"open","sticky":false,"template":"","format":"standard","meta":{"_monsterinsights_skip_tracking":false,"_monsterinsights_sitenote_active":false,"_monsterinsights_sitenote_note":"","_monsterinsights_sitenote_category":0,"_uf_show_specific_survey":0,"_uf_disable_surveys":false,"footnotes":""},"categories":[976],"tags":[91,313,481],"class_list":["post-41828","post","type-post","status-publish","format-standard","has-post-thumbnail","hentry","category-noticias-em-destaque","tag-ades-oliveira","tag-direito-eleitoral","tag-iii-encontro-nacional-dos-advogados-do-pdt"],"acf":[],"_links":{"self":[{"href":"https:\/\/pdt-rj.org.br\/index.php\/wp-json\/wp\/v2\/posts\/41828","targetHints":{"allow":["GET"]}}],"collection":[{"href":"https:\/\/pdt-rj.org.br\/index.php\/wp-json\/wp\/v2\/posts"}],"about":[{"href":"https:\/\/pdt-rj.org.br\/index.php\/wp-json\/wp\/v2\/types\/post"}],"author":[{"embeddable":true,"href":"https:\/\/pdt-rj.org.br\/index.php\/wp-json\/wp\/v2\/users\/17"}],"replies":[{"embeddable":true,"href":"https:\/\/pdt-rj.org.br\/index.php\/wp-json\/wp\/v2\/comments?post=41828"}],"version-history":[{"count":0,"href":"https:\/\/pdt-rj.org.br\/index.php\/wp-json\/wp\/v2\/posts\/41828\/revisions"}],"wp:featuredmedia":[{"embeddable":true,"href":"https:\/\/pdt-rj.org.br\/index.php\/wp-json\/"}],"wp:attachment":[{"href":"https:\/\/pdt-rj.org.br\/index.php\/wp-json\/wp\/v2\/media?parent=41828"}],"wp:term":[{"taxonomy":"category","embeddable":true,"href":"https:\/\/pdt-rj.org.br\/index.php\/wp-json\/wp\/v2\/categories?post=41828"},{"taxonomy":"post_tag","embeddable":true,"href":"https:\/\/pdt-rj.org.br\/index.php\/wp-json\/wp\/v2\/tags?post=41828"}],"curies":[{"name":"wp","href":"https:\/\/api.w.org\/{rel}","templated":true}]}}