{"id":41799,"date":"2016-05-03T04:49:43","date_gmt":"2016-05-03T07:49:43","guid":{"rendered":"http:\/\/www.malungo2.com.br\/pdt\/?p=41799"},"modified":"2017-10-26T09:08:08","modified_gmt":"2017-10-26T11:08:08","slug":"telmario-condena-as-escolhas-de-temer-e-a-impunidade-de-eduardo-cunha","status":"publish","type":"post","link":"https:\/\/pdt-rj.org.br\/index.php\/telmario-condena-as-escolhas-de-temer-e-a-impunidade-de-eduardo-cunha\/","title":{"rendered":"Telm\u00e1rio Mota condena escolhas de Michel Temer"},"content":{"rendered":"<p>O senador Telm\u00e1rio Mota (PDT-RR) afirmou que o processo de impeachment em an\u00e1lise no Senado \u00e9 inconstitucional, porque n\u00e3o h\u00e1 crime de responsabilidade praticado pela presidente da Rep\u00fablica, Dilma Rousseff.<\/p>\n<p>Telm\u00e1rio criticou \u00a0fato de que embora ainda n\u00e3o haja decis\u00e3o do Senado sobre o afastamento da presidente, antecipando-se aos fatos, Temer j\u00e1 come\u00e7ou a montar equipe para um eventual governo recorrendo inclusive a pessoas envolvidas em \u00a0corrup\u00e7\u00e3o.<\/p>\n<p>&#8220;Ent\u00e3o, eu queria fazer um apelo para voc\u00ea, meu amigo, minha amiga, voc\u00ea, que foi para a rua, que pediu a moralidade, que pediu um basta na corrup\u00e7\u00e3o, que pediu um novo rumo para a economia brasileira: vamos embora arrumar a mala a\u00ed e vamos embora para a rua de novo, porque os sete prov\u00e1veis ministros do Michel Temer est\u00e3o todos envolvidos em corrup\u00e7\u00e3o&#8221;, alertou.<\/p>\n<p>Telm\u00e1rio diz, ainda, n\u00e3o entender o Brasil, que, segundo ele, \u00e9 rigoroso com \u00edndios que mataram animais silvestres para se alimentar, como ocorreu na semana passada em Roraima, mas nada faz contra o presidente da C\u00e2mara dos Deputados, Eduardo Cunha.<\/p>\n<!-- AddThis Advanced Settings generic via filter on the_content --><!-- AddThis Share Buttons generic via filter on the_content -->","protected":false},"excerpt":{"rendered":"<p>O senador Telm\u00e1rio Mota (PDT-RR) afirmou que o processo de impeachment em an\u00e1lise no Senado \u00e9 inconstitucional, porque n\u00e3o h\u00e1 crime de responsabilidade praticado pela presidente da Rep\u00fablica, Dilma Rousseff. Telm\u00e1rio criticou \u00a0fato de que embora ainda n\u00e3o haja decis\u00e3o do Senado sobre o afastamento da presidente, antecipando-se aos fatos, Temer j\u00e1 come\u00e7ou a montar&#8230;<!-- AddThis Advanced Settings generic via filter on wp_trim_excerpt --><!-- AddThis Share Buttons generic via filter on wp_trim_excerpt --><\/p>\n","protected":false},"author":17,"featured_media":41800,"comment_status":"closed","ping_status":"open","sticky":false,"template":"","format":"standard","meta":{"_monsterinsights_skip_tracking":false,"_monsterinsights_sitenote_active":false,"_monsterinsights_sitenote_note":"","_monsterinsights_sitenote_category":0,"_uf_show_specific_survey":0,"_uf_disable_surveys":false,"footnotes":""},"categories":[976],"tags":[24,611,38,906],"class_list":["post-41799","post","type-post","status-publish","format-standard","has-post-thumbnail","hentry","category-noticias-em-destaque","tag-impeachment","tag-michel-temer","tag-pdt","tag-telmario-mota"],"acf":[],"_links":{"self":[{"href":"https:\/\/pdt-rj.org.br\/index.php\/wp-json\/wp\/v2\/posts\/41799","targetHints":{"allow":["GET"]}}],"collection":[{"href":"https:\/\/pdt-rj.org.br\/index.php\/wp-json\/wp\/v2\/posts"}],"about":[{"href":"https:\/\/pdt-rj.org.br\/index.php\/wp-json\/wp\/v2\/types\/post"}],"author":[{"embeddable":true,"href":"https:\/\/pdt-rj.org.br\/index.php\/wp-json\/wp\/v2\/users\/17"}],"replies":[{"embeddable":true,"href":"https:\/\/pdt-rj.org.br\/index.php\/wp-json\/wp\/v2\/comments?post=41799"}],"version-history":[{"count":1,"href":"https:\/\/pdt-rj.org.br\/index.php\/wp-json\/wp\/v2\/posts\/41799\/revisions"}],"predecessor-version":[{"id":56382,"href":"https:\/\/pdt-rj.org.br\/index.php\/wp-json\/wp\/v2\/posts\/41799\/revisions\/56382"}],"wp:featuredmedia":[{"embeddable":true,"href":"https:\/\/pdt-rj.org.br\/index.php\/wp-json\/wp\/v2\/media\/41800"}],"wp:attachment":[{"href":"https:\/\/pdt-rj.org.br\/index.php\/wp-json\/wp\/v2\/media?parent=41799"}],"wp:term":[{"taxonomy":"category","embeddable":true,"href":"https:\/\/pdt-rj.org.br\/index.php\/wp-json\/wp\/v2\/categories?post=41799"},{"taxonomy":"post_tag","embeddable":true,"href":"https:\/\/pdt-rj.org.br\/index.php\/wp-json\/wp\/v2\/tags?post=41799"}],"curies":[{"name":"wp","href":"https:\/\/api.w.org\/{rel}","templated":true}]}}