{"id":41774,"date":"2016-05-02T06:54:57","date_gmt":"2016-05-02T09:54:57","guid":{"rendered":"http:\/\/www.malungo2.com.br\/pdt\/?p=41774"},"modified":"2017-01-19T14:28:12","modified_gmt":"2017-01-19T16:28:12","slug":"dilma-no-1-de-maio-golpistas-querem-revogar-clt-e-entregar-o-pre-sal","status":"publish","type":"post","link":"https:\/\/pdt-rj.org.br\/index.php\/dilma-no-1-de-maio-golpistas-querem-revogar-clt-e-entregar-o-pre-sal\/","title":{"rendered":"Dilma no 1\u00b0 de Maio: Querem revogar CLT e entregar o pr\u00e9-sal"},"content":{"rendered":"<p>Em discurso pelo 1\u00b0 de Maio no ato realizado ontem (1\/5) no Vale do Anhangaba\u00fa, Centro de S\u00e3o Paulo, a presidente Dilma Rousseff fez contundente discurso acusando os perdedores das elei\u00e7\u00f5es de 2014 de sabotarem o governo para aprofundar a crise econ\u00f4mica, de rasgarem a Constitui\u00e7\u00e3o para chegar ao poder por via indireta, atrav\u00e9s de impeachment, \u00a0para tentar instaurar no Brasil o projeto derrotado nas elei\u00e7\u00f5es diretas de 2014 .<\/p>\n<p>Dilma denunciou que os golpistas querem destruir conquistas do povo brasileiro como a CLT e o Bolsa Fam\u00edlia, al\u00e9m de entregar as jazidas de petr\u00f3leo do pr\u00e9-sal, descobertas pela Petrobras, \u00a0a estrangeiros.<\/p>\n<p>\u201cEstou aqui para dizer a voc\u00eas que vou resistir e lutar at\u00e9 o fim porque defendo o projeto que me foi entregue por 54 milh\u00f5es de brasileiros em elei\u00e7\u00f5es diretas. Se querem mudar esse projeto vitorioso, que se submetam as urnas em 2018, que se coloquem sob o crivo do povo brasileiro para se legitimar.\u00a0 Da forma que querem chegar ao poder, sem voto, numa elei\u00e7\u00e3o indireta sob o disfarce de impeachment, n\u00e3o passar\u00e3o!\u201d<\/p>\n<p>Ela prosseguiu, argumentando que o Brasil vive um golpe diferente, especial, \u201csem armas ou tanques nas ruas\u201d:<\/p>\n<p>\u201cComo voc\u00eas, lutei minha vida inteira. Fiquei presa por tr\u00eas anos, resisti \u00e0 ditadura. Estou aqui para dizer que a luta atual \u00e9 diferente \u2013 porque \u00e9 contra a perda de direitos, a favor das conquistas sociais e pela democracia. \u00c9 uma luta por todas as conquistas que tivemos no Brasil e ainda teremos. \u00c9 uma luta a favor do que \u00a0ganhamos nos governos Lula e meu\u201d.<\/p>\n<figure id=\"attachment_41967\" aria-describedby=\"caption-attachment-41967\" style=\"width: 557px\" class=\"wp-caption alignleft\"><img loading=\"lazy\" decoding=\"async\" class=\"wp-image-41967\" src=\"http:\/\/pdt-rj.org.br\/wp-content\/uploads\/2016\/05\/gaeta.dilma_-300x169.jpg\" alt=\"gaeta.dilma\" width=\"557\" height=\"314\" srcset=\"https:\/\/pdt-rj.org.br\/wp-content\/uploads\/2016\/05\/gaeta.dilma_-300x169.jpg 300w, https:\/\/pdt-rj.org.br\/wp-content\/uploads\/2016\/05\/gaeta.dilma_-100x56.jpg 100w, https:\/\/pdt-rj.org.br\/wp-content\/uploads\/2016\/05\/gaeta.dilma_-768x433.jpg 768w, https:\/\/pdt-rj.org.br\/wp-content\/uploads\/2016\/05\/gaeta.dilma_.jpg 810w\" sizes=\"auto, (max-width: 557px) 100vw, 557px\" \/><figcaption id=\"caption-attachment-41967\" class=\"wp-caption-text\"><em><strong>Gaetta, entre Dilma e Jandira Feghalli, no ato em S\u00e3o Paulo pelo 1\u00b0 de Maio<\/strong><\/em><\/figcaption><\/figure>\n<p><em><strong>\u201cEles querem roubar os meus votos e tamb\u00e9m os votos dos que n\u00e3o votaram em mim mas acreditaram na democracia e no processo eleitoral\u201d, frisou.<\/strong><\/em><\/p>\n<p>\u201cDepois que perderam as elei\u00e7\u00f5es, \u00a0fizeram de tudo para o governo n\u00e3o governar. Primeiro disseram que os votos n\u00e3o tinham sido bem contados e pediram recontagem. Perderam. Depois disseram que tinha erro nas urnas, que tinham mexido nelas.\u00a0 Fizeram auditoria e as urnas estavam perfeitas.\u00a0 Mas n\u00e3o desistiram e antes mesmo de que eu tomasse posse, pediram ao TSE para que n\u00e3o fosse empossada, n\u00e3o fosse diplomada. Mas eles tornaram a perder e a\u00ed come\u00e7aram a hist\u00f3ria do impeachment\u201d.<\/p>\n<p>Dilma disse tamb\u00e9m que Eduardo Cunha foi \u201co principal agente\u201d da desestabiliza\u00e7\u00e3o, defensor do quanto pior, melhor, frisando: \u201cQuanto melhor para eles, pior para o governo e para o povo brasileiro\u201d. Cunha e seus seguidores, segundo a presidente \u201capostaram sempre contra o povo e \u00a0s\u00e3o respons\u00e1veis pela economia estar vivendo esta grave crise e o desemprego estar aumentando\u201d porque impediram que medidas cruciais fossem tomadas.<\/p>\n<p>Ainda de acordo com Dilma, Cunha enveredou por esse caminho porque o PT se recusou dar a ele os tr\u00eas votos que ele precisava para impedir, na Comiss\u00e3o de \u00c9tica, a cassa\u00e7\u00e3o de seu mandato.<\/p>\n<p>Dilma disse ser v\u00edtima de um golpe \u00e0 democracia e que em seu governo n\u00e3o cometeu nenhum crime que justifique um impeachment.<\/p>\n<p>&#8220;Do que eles me acusam? N\u00e3o podem me acusar de contas no exterior nem de corrup\u00e7\u00e3o. Chegam ao absurdo de me acusar de algo que eu n\u00e3o participei e alegam que eu deveria saber porque eu conversava com as pessoas respons\u00e1veis. Se eles praticam comigo o que v\u00e3o praticar com o trabalhador? Quando voc\u00ea rompe a democracia, rompe para todos. Se permitirmos esse golpe permitiremos que a democracia seja ferida&#8221;, disse Dilma.<\/p>\n<p>&#8220;Eles prop\u00f5em o fim da pol\u00edtica de valoriza\u00e7\u00e3o do sal\u00e1rio m\u00ednimo, pol\u00edtica que garantiu 76% de aumento acima da infla\u00e7\u00e3o desde o governo do presidente Lula, passando pelo meu. Essa pol\u00edtica tem de durar at\u00e9 2019&#8221;, afirmou.<\/p>\n<p>Ela criticou as poss\u00edveis medidas que possam ser implementadas por Michel Temer caso o vice assuma a presid\u00eancia.<\/p>\n<p>&#8220;Querem acabar tamb\u00e9m com o reajuste dos aposentados desvinculando esse reajuste da pol\u00edtica de sal\u00e1rio m\u00ednimo. Com isso, os aposentados n\u00e3o ter\u00e3o mais reajustes. Querem tamb\u00e9m transformar a CLT em letra morta. Prometem e dizem explicitamente privatizar tudo o que for poss\u00edvel. A primeira v\u00edtima dessa lista \u00e9 o pr\u00e9-sal. Falam em revisitar o Pronatec, o Minha Casa Minha Vida. A\u00ed n\u00f3s temos uma situa\u00e7\u00e3o em que os programas sociais s\u00e3o olhados como respons\u00e1veis pelo desequil\u00edbrio do pa\u00eds&#8221;, disse a presidente.<\/p>\n<p>Dilma afirmou que a oposi\u00e7\u00e3o n\u00e3o tinha motivos para o impeachment e &#8220;inventou&#8221; um.<\/p>\n<p>&#8220;Como estava muito dif\u00edcil achar um crime, eles come\u00e7aram dizendo que eram seis decretos. Eu , em 2015, fiz seis decretos de suplementa\u00e7\u00e3o. O FHC, no ano de 2001, fez 101 decretos de suplementa\u00e7\u00e3o. Para eles, n\u00e3o era golpe, n\u00e3o era nenhum\u00a0 golpe nas contas p\u00fablicas\u201d, disse.<\/p>\n<p>Dilma tamb\u00e9m anunciou medidas de governo no seu discurso como reajuste de 9% para benefici\u00e1rios do Bolsa Fam\u00edlia; Corre\u00e7\u00e3o da tabela Imposto de Renda Pessoa F\u00edsica em 5%, a partir de 2017; constru\u00e7\u00e3o de mais 25 mil moradias do &#8220;Minha Casa, Minha Vida&#8221;, com os movimentos do campo e da cidades; cria\u00e7\u00e3o do Conselho Nacional do Trabalho (Conselho Tripartite), com representa\u00e7\u00e3o dos trabalhadores, empres\u00e1rios e governo; amplia\u00e7\u00e3o da licen\u00e7a-paternidade para funcion\u00e1rios p\u00fablicos de cinco para 20 dias e ainda, cria\u00e7\u00e3o do plano safra da agricultura familiar para garantir recursos tanto para o programa de aquisi\u00e7\u00e3o de alimentos como para assist\u00eancia t\u00e9cnica a pequenos agricultores.<\/p>\n<p>Encerrou reiterando que o impeachment \u00e9 golpe.<\/p>\n<p>\u201cQuando voc\u00ea rompe com a democracia, rompe com tudo e com todos. N\u00e3o podemos permitir este golpe que n\u00e3o \u00e9 s\u00f3 contra a democracia e meu mandato, \u00e9 contra as conquistas dos trabalhadores brasileiros. Por isso n\u00e3o passar\u00e3o!\u201d<\/p>\n<p>No p\u00e9, a \u00edntegra da fala de Dilma.<\/p>\n<p>Na manifesta\u00e7\u00e3o, o deputado estadual Andr\u00e9 Gaetta (PDT-SP), representou o PDT. Ele tamb\u00e9m falou \u00a0\u00e0 multid\u00e3o:<\/p>\n<p><iframe loading=\"lazy\" title=\"Discurso do deputado estadual  Andr\u00e9 Gaetta (PDT-SP) no 1\u00ba de Maio 2016\" width=\"640\" height=\"360\" src=\"https:\/\/www.youtube.com\/embed\/20ehq3vM1IQ?feature=oembed\" frameborder=\"0\" allow=\"accelerometer; autoplay; clipboard-write; encrypted-media; gyroscope; picture-in-picture; web-share\" referrerpolicy=\"strict-origin-when-cross-origin\" allowfullscreen><\/iframe><\/p>\n<p>&nbsp;<\/p>\n<p>V\u00eddeo com a \u00edntegra do pronunciamento de Dilma:<\/p>\n<p>https:\/\/youtu.be\/FxrA6iN3Nw4<\/p>\n<!-- AddThis Advanced Settings generic via filter on the_content --><!-- AddThis Share Buttons generic via filter on the_content -->","protected":false},"excerpt":{"rendered":"<p>Em discurso pelo 1\u00b0 de Maio no ato realizado ontem (1\/5) no Vale do Anhangaba\u00fa, Centro de S\u00e3o Paulo, a presidente Dilma Rousseff fez contundente discurso acusando os perdedores das elei\u00e7\u00f5es de 2014 de sabotarem o governo para aprofundar a crise econ\u00f4mica, de rasgarem a Constitui\u00e7\u00e3o para chegar ao poder por via indireta, atrav\u00e9s de&#8230;<!-- AddThis Advanced Settings generic via filter on wp_trim_excerpt --><!-- AddThis Share Buttons generic via filter on wp_trim_excerpt --><\/p>\n","protected":false},"author":17,"featured_media":41775,"comment_status":"closed","ping_status":"open","sticky":false,"template":"","format":"standard","meta":{"_monsterinsights_skip_tracking":false,"_monsterinsights_sitenote_active":false,"_monsterinsights_sitenote_note":"","_monsterinsights_sitenote_category":0,"_uf_show_specific_survey":0,"_uf_disable_surveys":false,"footnotes":""},"categories":[1584],"tags":[78,121,23,855],"class_list":["post-41774","post","type-post","status-publish","format-standard","has-post-thumbnail","hentry","category-artigos","tag-1-de-maio","tag-anhangabau","tag-dilma-rousseff","tag-sao-paulo"],"acf":[],"_links":{"self":[{"href":"https:\/\/pdt-rj.org.br\/index.php\/wp-json\/wp\/v2\/posts\/41774","targetHints":{"allow":["GET"]}}],"collection":[{"href":"https:\/\/pdt-rj.org.br\/index.php\/wp-json\/wp\/v2\/posts"}],"about":[{"href":"https:\/\/pdt-rj.org.br\/index.php\/wp-json\/wp\/v2\/types\/post"}],"author":[{"embeddable":true,"href":"https:\/\/pdt-rj.org.br\/index.php\/wp-json\/wp\/v2\/users\/17"}],"replies":[{"embeddable":true,"href":"https:\/\/pdt-rj.org.br\/index.php\/wp-json\/wp\/v2\/comments?post=41774"}],"version-history":[{"count":1,"href":"https:\/\/pdt-rj.org.br\/index.php\/wp-json\/wp\/v2\/posts\/41774\/revisions"}],"predecessor-version":[{"id":52372,"href":"https:\/\/pdt-rj.org.br\/index.php\/wp-json\/wp\/v2\/posts\/41774\/revisions\/52372"}],"wp:featuredmedia":[{"embeddable":true,"href":"https:\/\/pdt-rj.org.br\/index.php\/wp-json\/wp\/v2\/media\/41775"}],"wp:attachment":[{"href":"https:\/\/pdt-rj.org.br\/index.php\/wp-json\/wp\/v2\/media?parent=41774"}],"wp:term":[{"taxonomy":"category","embeddable":true,"href":"https:\/\/pdt-rj.org.br\/index.php\/wp-json\/wp\/v2\/categories?post=41774"},{"taxonomy":"post_tag","embeddable":true,"href":"https:\/\/pdt-rj.org.br\/index.php\/wp-json\/wp\/v2\/tags?post=41774"}],"curies":[{"name":"wp","href":"https:\/\/api.w.org\/{rel}","templated":true}]}}