{"id":41713,"date":"2016-04-30T21:05:59","date_gmt":"2016-05-01T00:05:59","guid":{"rendered":"http:\/\/www.malungo2.com.br\/pdt\/desenv\/?p=41713"},"modified":"2016-04-30T21:05:59","modified_gmt":"2016-05-01T00:05:59","slug":"adolfo-perez-esquivel-compara-golpe-no-brasil-ao-do-paraguai-e-honduras","status":"publish","type":"post","link":"https:\/\/pdt-rj.org.br\/index.php\/adolfo-perez-esquivel-compara-golpe-no-brasil-ao-do-paraguai-e-honduras\/","title":{"rendered":"Golpe: Nobel da Paz compara Brasil a Paraguai e Honduras"},"content":{"rendered":"<blockquote><p>O ganhador do pr\u00eamio Nobel da Paz de 1980, o argentino Adolfo P\u00e9rez Esquivel manifestou na \u00faltima \u00a0quinta-feira (28\/4) na tribuna do Senado a sua solidariedade \u00e0 presidente Dilma Rousseff pelo fato dela estar sofrendo neste momento uma tentativa de golpe de estado semelhante as que j\u00e1 ocorreram no Paraguai e Honduras, onde governos democraticamente eleitos, como o dela, foram afastados do poder por golpes de estado revestidos de aparente legalidade.<\/p>\n<p>\u201cVenho ao Brasil trazendo a solidariedade e o apoio de muita gente na Am\u00e9rica Latina para que se respeite a continuidade da constitui\u00e7\u00e3o e do direito do povo de viver em democracia. H\u00e1 grandes dificuldades de um golpe de Estado, que j\u00e1\u00a0 aconteceu em outros pa\u00edses do continente, como Honduras e Paraguai. Espero que saia o melhor deste recinto [o Senado] para o bem da democracia e da vida do povo do Brasil\u201d, afirmou Esquivel.<\/p>\n<p>Arquiteto, escultor e militantes de direitos humanos, o argentino discursou quando a sess\u00e3o do Senado era presidida pelo senador Paulo Paim (PT-RS).<\/p>\n<p>Esquivel ganhou o Nobel da Paz por conta de seu trabalho como coordenador, na d\u00e9cada de 1970, da funda\u00e7\u00e3o do Servicio Paz y Justicia en Am\u00e9rica Latina (Serpaj-AL) na cidade colombiana de Medelin. \u00c0 \u00e9poca, a funda\u00e7\u00e3o difundiu o combate aos regimes militares da Am\u00e9rica do Sul por meio da &#8220;n\u00e3o-viol\u00eancia ativa&#8221;.<\/p>\n<p>A fala de Esquivel irritou senadores golpistas, tendo um deles, Ata\u00eddes Oliveira (PSDB-TO) classificado de \u00a0\u201cinaceit\u00e1vel\u201d a fala do Pr\u00eamio Nobel. \u00a0J\u00e1 o l\u00edder do DEM, Ronaldo Caiado (GO), outro golpista, disse que o discurso de Esquivel \u201cn\u00e3o foi por acaso\u201d, mas planejado por governistas. \u00a0O l\u00edder do PSDB no Senado, C\u00e1ssio Cunha Lima (PB), ridiculamente questionou a concess\u00e3o de palavra ao Nobel da Paz \u201cque n\u00e3o \u00e9 detentor de mandato parlamentar\u201d.<\/p>\n<p>Antes, a presidente Dilma Rousseff recebera no Pal\u00e1cio do Planalto o pr\u00eamio Nobel da Paz, onde ele esteve \u201cpara manifestar solidariedade\u201d a presidente. O encontro durou cerca de 40 minutos e ao t\u00e9rmino Esquivel disse aos jornalistas que para ele \u00a0\u00e9 \u201cmuito claro\u201d que est\u00e1 em curso no Brasil um \u201cgolpe de Estado, encoberto\u201d. Ele comparou a a\u00e7\u00e3o da direita brasileira aos processos de destitui\u00e7\u00e3o dos ex-presidentes do Paraguai Fernando Lugo, em 2012, e de Honduras Manuel Zelaya, em 2005.<\/p>\n<p>\u201cDissemos \u00e0 presidenta que viemos dar solidariedade e apoio a ela e para que n\u00e3o se interrompa o processo constitucional no Brasil porque isso seria, n\u00e3o s\u00f3 para o povo brasileiro, mas para toda a Am\u00e9rica Latina, um retrocesso muito grave\u201d, afirmou.<\/p><\/blockquote>\n<!-- AddThis Advanced Settings generic via filter on the_content --><!-- AddThis Share Buttons generic via filter on the_content -->","protected":false},"excerpt":{"rendered":"<p>O ganhador do pr\u00eamio Nobel da Paz de 1980, o argentino Adolfo P\u00e9rez Esquivel manifestou na \u00faltima \u00a0quinta-feira (28\/4) na tribuna do Senado a sua solidariedade \u00e0 presidente Dilma Rousseff pelo fato dela estar sofrendo neste momento uma tentativa de golpe de estado semelhante as que j\u00e1 ocorreram no Paraguai e Honduras, onde governos democraticamente&#8230;<!-- AddThis Advanced Settings generic via filter on wp_trim_excerpt --><!-- AddThis Share Buttons generic via filter on wp_trim_excerpt --><\/p>\n","protected":false},"author":17,"featured_media":41714,"comment_status":"open","ping_status":"open","sticky":false,"template":"","format":"standard","meta":{"_monsterinsights_skip_tracking":false,"_monsterinsights_sitenote_active":false,"_monsterinsights_sitenote_note":"","_monsterinsights_sitenote_category":0,"_uf_show_specific_survey":0,"_uf_disable_surveys":false,"footnotes":""},"categories":[976],"tags":[92,447,466,690],"class_list":["post-41713","post","type-post","status-publish","format-standard","has-post-thumbnail","hentry","category-noticias-em-destaque","tag-adolfo-perez-esquivel","tag-golpe-paraguaio","tag-honduras","tag-paraguai"],"acf":[],"_links":{"self":[{"href":"https:\/\/pdt-rj.org.br\/index.php\/wp-json\/wp\/v2\/posts\/41713","targetHints":{"allow":["GET"]}}],"collection":[{"href":"https:\/\/pdt-rj.org.br\/index.php\/wp-json\/wp\/v2\/posts"}],"about":[{"href":"https:\/\/pdt-rj.org.br\/index.php\/wp-json\/wp\/v2\/types\/post"}],"author":[{"embeddable":true,"href":"https:\/\/pdt-rj.org.br\/index.php\/wp-json\/wp\/v2\/users\/17"}],"replies":[{"embeddable":true,"href":"https:\/\/pdt-rj.org.br\/index.php\/wp-json\/wp\/v2\/comments?post=41713"}],"version-history":[{"count":0,"href":"https:\/\/pdt-rj.org.br\/index.php\/wp-json\/wp\/v2\/posts\/41713\/revisions"}],"wp:featuredmedia":[{"embeddable":true,"href":"https:\/\/pdt-rj.org.br\/index.php\/wp-json\/"}],"wp:attachment":[{"href":"https:\/\/pdt-rj.org.br\/index.php\/wp-json\/wp\/v2\/media?parent=41713"}],"wp:term":[{"taxonomy":"category","embeddable":true,"href":"https:\/\/pdt-rj.org.br\/index.php\/wp-json\/wp\/v2\/categories?post=41713"},{"taxonomy":"post_tag","embeddable":true,"href":"https:\/\/pdt-rj.org.br\/index.php\/wp-json\/wp\/v2\/tags?post=41713"}],"curies":[{"name":"wp","href":"https:\/\/api.w.org\/{rel}","templated":true}]}}