{"id":41699,"date":"2016-04-30T09:15:52","date_gmt":"2016-04-30T12:15:52","guid":{"rendered":"http:\/\/www.malungo2.com.br\/pdt\/?p=41699"},"modified":"2016-04-30T09:15:52","modified_gmt":"2016-04-30T12:15:52","slug":"trabalhadores-farao-greve-geral-contra-o-impeachment-de-dilma","status":"publish","type":"post","link":"https:\/\/pdt-rj.org.br\/index.php\/trabalhadores-farao-greve-geral-contra-o-impeachment-de-dilma\/","title":{"rendered":"Trabalhadores  articulam greve geral pela democracia"},"content":{"rendered":"<p>\u201cN\u00e3o podemos aceitar que quem n\u00e3o teve votos sente na cadeira de presidente\u201d, afirmou a presidente\u00a0 do Sindicato dos professores estaduais de S\u00e3o Paulo, Maria Isabel Noronha, que anunciou que os professores da rede oficial de ensino v\u00e3o comparecer domingo que vem no ato pelo Dia do Trabalho no Vale do Anhangaba\u00fa, no Centro de S\u00e3o Paulo, e tamb\u00e9m na greve geral contra o afastamento de Dilma marcada para a semana que vem.<\/p>\n<p>A greve geral est\u00e1 sendo convocada para 10 de maio, dois dias antes da vota\u00e7\u00e3o da admissibilidade do processo de afastamento da presidenta, em an\u00e1lise no Senado Federal, e faz parte das mobiliza\u00e7\u00f5es contra o impeachment.<\/p>\n<p>\u201cN\u00e3o podemos aceitar que quem n\u00e3o teve voto sente na cadeira da presidenta. Se quiser ir, que aguente at\u00e9 2018. L\u00e1, n\u00f3s vamos disputar, e a\u00ed avaliamos o governo no voto. Mas n\u00e3o podemos aceitar um golpe dos cerca de 400 deputados favor\u00e1veis ao golpe de Estado em um pa\u00eds que tem sido modelo de democracia\u201d, afirmou Maria Isabel Noronha.<\/p>\n<p>Sob os gritos de \u201cFora, Cunha\u201d dos docentes que lotaram o v\u00e3o livre do Masp, nesta sexta-feira, na Avenida Paulista, quando \u00a0Bebel prometeu resist\u00eancia ao golpe e a um eventual governo de Michel Temer (PMDB).<\/p>\n<p>\u201c\u00c9 a volta da ditadura esse golpe perverso. Um retrocesso da democracia. E se h\u00e1 crise neste pa\u00eds, seu Temer, vamos \u00e0s ruas para dizer que o senhor que resolva; que n\u00e3o vamos mover uma palha\u201d, disse Bebel.<\/p>\n<p>O secret\u00e1rio de Comunica\u00e7\u00f5es do sindicato, Roberto Guido, destacou a gravidade do golpe em andamento. \u201cSempre dissemos que n\u00e3o \u00e9 ataque apenas ao governo Dilma Rousseff e ao PT, mas a direitos sociais e trabalhistas conquistados com muita luta\u201d, disse.<\/p>\n<p>Os professores decidiram ainda estabelecer agenda de atividades para seguir denunciando o abandono da educa\u00e7\u00e3o pelo governo de Alckmin, como o fechamento de salas de aulas, que aumenta ainda mais a superlota\u00e7\u00e3o das turmas, e a intensifica\u00e7\u00e3o de press\u00f5es pela instala\u00e7\u00e3o de uma CPI para investigar a m\u00e1fia da merenda.<\/p>\n<!-- AddThis Advanced Settings generic via filter on the_content --><!-- AddThis Share Buttons generic via filter on the_content -->","protected":false},"excerpt":{"rendered":"<p>\u201cN\u00e3o podemos aceitar que quem n\u00e3o teve votos sente na cadeira de presidente\u201d, afirmou a presidente\u00a0 do Sindicato dos professores estaduais de S\u00e3o Paulo, Maria Isabel Noronha, que anunciou que os professores da rede oficial de ensino v\u00e3o comparecer domingo que vem no ato pelo Dia do Trabalho no Vale do Anhangaba\u00fa, no Centro de&#8230;<!-- AddThis Advanced Settings generic via filter on wp_trim_excerpt --><!-- AddThis Share Buttons generic via filter on wp_trim_excerpt --><\/p>\n","protected":false},"author":17,"featured_media":41700,"comment_status":"closed","ping_status":"open","sticky":false,"template":"","format":"standard","meta":{"_monsterinsights_skip_tracking":false,"_monsterinsights_sitenote_active":false,"_monsterinsights_sitenote_note":"","_monsterinsights_sitenote_category":0,"_uf_show_specific_survey":0,"_uf_disable_surveys":false,"footnotes":""},"categories":[976],"tags":[78,22,273,453,919],"class_list":["post-41699","post","type-post","status-publish","format-standard","has-post-thumbnail","hentry","category-noticias-em-destaque","tag-1-de-maio","tag-brasil","tag-cut","tag-greve-geral","tag-trabalhadores"],"acf":[],"_links":{"self":[{"href":"https:\/\/pdt-rj.org.br\/index.php\/wp-json\/wp\/v2\/posts\/41699","targetHints":{"allow":["GET"]}}],"collection":[{"href":"https:\/\/pdt-rj.org.br\/index.php\/wp-json\/wp\/v2\/posts"}],"about":[{"href":"https:\/\/pdt-rj.org.br\/index.php\/wp-json\/wp\/v2\/types\/post"}],"author":[{"embeddable":true,"href":"https:\/\/pdt-rj.org.br\/index.php\/wp-json\/wp\/v2\/users\/17"}],"replies":[{"embeddable":true,"href":"https:\/\/pdt-rj.org.br\/index.php\/wp-json\/wp\/v2\/comments?post=41699"}],"version-history":[{"count":0,"href":"https:\/\/pdt-rj.org.br\/index.php\/wp-json\/wp\/v2\/posts\/41699\/revisions"}],"wp:featuredmedia":[{"embeddable":true,"href":"https:\/\/pdt-rj.org.br\/index.php\/wp-json\/wp\/v2\/media\/41700"}],"wp:attachment":[{"href":"https:\/\/pdt-rj.org.br\/index.php\/wp-json\/wp\/v2\/media?parent=41699"}],"wp:term":[{"taxonomy":"category","embeddable":true,"href":"https:\/\/pdt-rj.org.br\/index.php\/wp-json\/wp\/v2\/categories?post=41699"},{"taxonomy":"post_tag","embeddable":true,"href":"https:\/\/pdt-rj.org.br\/index.php\/wp-json\/wp\/v2\/tags?post=41699"}],"curies":[{"name":"wp","href":"https:\/\/api.w.org\/{rel}","templated":true}]}}