{"id":41411,"date":"2016-04-23T10:31:33","date_gmt":"2016-04-23T13:31:33","guid":{"rendered":"http:\/\/www.malungo2.com.br\/pdt\/?p=41411"},"modified":"2016-11-01T10:52:21","modified_gmt":"2016-11-01T12:52:21","slug":"ciro-em-harvard-temer-e-cunha-estao-indissociavelmente-ligados","status":"publish","type":"post","link":"https:\/\/pdt-rj.org.br\/index.php\/ciro-em-harvard-temer-e-cunha-estao-indissociavelmente-ligados\/","title":{"rendered":"Ciro em Harvard: Temer e Cunha  trabalham juntos"},"content":{"rendered":"<p>O ex-ministro e ex-governador Ciro Gomes, afirmou esta sexta-feira (22\/4) na Universidade de Harvard, nos Estados Unidos, que o vice-presidente Michel Temer \u201c\u00e9 absoluta e indissociavelmente ligado ao Eduardo Cunha em tudo, inclusive nas suas piores pr\u00e1ticas&#8221; \u2013 como um dos palestrantes em debate sobre o Brasil organizado por estudantes brasileiros das \u00a0universidades de \u00a0Harvard e do Massachusetts Institute of Technology (MIT) ).<\/p>\n<p>No debate, que reuniu empres\u00e1rios, pol\u00edticos e pensadores para discutir o futuro do Brasil, Ciro disse tamb\u00e9m que n\u00e3o acredita que Temer e Cunha, respons\u00e1veis pelo impeachment, continuem juntos por muito tempo.<\/p>\n<p>&#8220;Nesta altura, o Temer est\u00e1 calculando como se livrar deste trambolho. E n\u00e3o tem a menor autonomia para se livrar, porque se o Cunha um dia for preso \u00ade eu acho que ele vai\u00ad, ser\u00e1 a maior dela\u00e7\u00e3o premiada da hist\u00f3ria da humanidade, leva o Michel Temer e mais 250 deputados&#8221;, afirmou Ciro.<\/p>\n<p>E acrescentou:<\/p>\n<p>\u201cO Eduardo Cunha n\u00e3o virou presidente da C\u00e2mara, sendo o bandido que \u00e9, por acaso. Eu vi a constru\u00e7\u00e3o dessa ascens\u00e3o porque ele foi entregando e recebendo, entregando e recebendo e depois comprou 250 deputados&#8221;, disse.<\/p>\n<p>Ex-aluno de Harvard, onde estudou economia, \u00a0Ciro classificou o impeachment de &#8220;golpe&#8221;, dizendo que o processo n\u00e3o tem base legal e que o cr\u00e9dito de suplementa\u00e7\u00e3o or\u00e7ament\u00e1ria e as pedaladas fiscais s\u00e3o s\u00f3 &#8220;pretextos formais&#8221; para o afastamento da presidente.<\/p>\n<p>&#8220;A Dilma n\u00e3o praticou nenhum crime de responsabilidade. Voc\u00ea tem uma pessoa amea\u00e7ada de ruptura de seu mandato, sem ser acusada de nenhuma ilegalidade ou corrup\u00e7\u00e3o, sendo amea\u00e7ada de ser derrubada por uma quadrilha de ladr\u00f5es, r\u00e9us no STF&#8221;.<\/p>\n<p>O candidato do PDT \u00e0 presid\u00eancia da Rep\u00fablica reiterou que &#8220;impeachment n\u00e3o \u00e9 rem\u00e9dio para governo ruim&#8221; e, mais uma vez tamb\u00e9m, criticou a decis\u00e3o de Dilma de nomear o ex-presidente Lula para \u00a0ministro da Casa Civil.<\/p>\n<p>&#8220;A solidariedade devida por ela a ele \u00e9 uma quest\u00e3o privada&#8221; e que ela n\u00e3o deveria deixar o STF na situa\u00e7\u00e3o desagrad\u00e1vel que ficou porque a nomea\u00e7\u00e3o ficou parecendo uma garantia da impunidade do Lula.<\/p>\n<p>&#8220;Foi a atitude mais est\u00fapida que eu vi algu\u00e9m fazer na pol\u00edtica nos meus 35 anos de milit\u00e2ncia. Mas isso n\u00e3o \u00e9 a base de nenhuma das acusa\u00e7\u00f5es pelas quais ela est\u00e1 respondendo&#8221;, acrescentou. \u00a0Sobre sua poss\u00edvel candidatura \u00e0 presid\u00eancia, disse ainda:<\/p>\n<p>&#8220;Eu admiti para o meu partido que serei candidato e estou cumprindo as tarefas inerentes a um pr\u00e9-\u00adcandidato. Mas \u00a0vou pensar cem vezes antes de ser candidato.&#8221;<\/p>\n<p>Ciro tamb\u00e9m fez \u00a0um alerta sobre a propor\u00e7\u00e3o da d\u00edvida p\u00fablica em rela\u00e7\u00e3o ao Produto Interno Bruto (PIB) do Brasil \u00a0e destacou o risco de o atual cen\u00e1rio pol\u00edtico-econ\u00f4mico resultar em uma crise banc\u00e1ria no Brasil.<\/p>\n<p>&#8220;Hoje, \u00e9 preciso colocar muita clareza no manejo da d\u00edvida p\u00fablica no Pa\u00eds. \u00c9 necess\u00e1rio compreender o galope da d\u00edvida como propor\u00e7\u00e3o do PIB, do contr\u00e1rio a imin\u00eancia da crise ser\u00e1 uma crise banc\u00e1ria no Pa\u00eds&#8221;, afirmou \u00a0referindo-se \u00e0 prem\u00eancia e import\u00e2ncia de o Brasil fazer as reformas tribut\u00e1ria e fiscal.<\/p>\n<p>Na opini\u00e3o de Ciro, o Brasil n\u00e3o investe o que \u00e9 necess\u00e1rio em setores como educa\u00e7\u00e3o e sa\u00fade privilegiando, por exemplo, juros da d\u00edvida p\u00fablica.<\/p>\n<p>&#8220;Temos um estrangulamento de financiamento cr\u00f4nico no Brasil e a taxa de juros mais cara do planeta&#8221;, destacou, refor\u00e7ando a necessidade de um debate profundo em torno do tema.<\/p>\n<p>Ciro reiterou que Michel Temer, junto com Cunha, est\u00e3o &#8220;golpeando o Pa\u00eds&#8221;. E comparou a situa\u00e7\u00e3o dos dias de hoje com a vivida h\u00e1 pouco pelo Paraguai, com a destitui\u00e7\u00e3o do presidente Fernando Lugo, e tamb\u00e9m \u00e0 da Venezuela.<\/p>\n<p>&#8220;Est\u00e3o se utilizando de protocolos no Pa\u00eds e da propaganda para implementar um golpe\u201d.<\/p>\n<p>Na opini\u00e3o de Ciro, Eduardo Cunha &#8220;\u00e9 um g\u00e2ngster e est\u00e1 pilotando o golpe de Estado. \u00c9 r\u00e9u do Supremo Tribunal Federal (STF) por desvios, lavagem de dinheiro, contas il\u00edcitas no exterior. A Justi\u00e7a s\u00f3 achou a ponta de iceberg&#8221;, frisou.<\/p>\n<p>Tamb\u00e9m foram convidados para o debate o \u00a0ex-ministro do Supremo Tribunal Federal, Carlos Ayres Britto, o procurador-geral da Rep\u00fablica, Rodrigo Janot, o empres\u00e1rio Jorge Paulo Lemann e o cientista pol\u00edico Jo\u00e3o Feres J\u00fanior, entre outros.<\/p>\n<!-- AddThis Advanced Settings generic via filter on the_content --><!-- AddThis Share Buttons generic via filter on the_content -->","protected":false},"excerpt":{"rendered":"<p>O ex-ministro e ex-governador Ciro Gomes, afirmou esta sexta-feira (22\/4) na Universidade de Harvard, nos Estados Unidos, que o vice-presidente Michel Temer \u201c\u00e9 absoluta e indissociavelmente ligado ao Eduardo Cunha em tudo, inclusive nas suas piores pr\u00e1ticas&#8221; \u2013 como um dos palestrantes em debate sobre o Brasil organizado por estudantes brasileiros das \u00a0universidades de \u00a0Harvard&#8230;<!-- AddThis Advanced Settings generic via filter on wp_trim_excerpt --><!-- AddThis Share Buttons generic via filter on wp_trim_excerpt --><\/p>\n","protected":false},"author":17,"featured_media":41415,"comment_status":"closed","ping_status":"open","sticky":false,"template":"","format":"standard","meta":{"_monsterinsights_skip_tracking":false,"_monsterinsights_sitenote_active":false,"_monsterinsights_sitenote_note":"","_monsterinsights_sitenote_category":0,"_uf_show_specific_survey":0,"_uf_disable_surveys":false,"footnotes":""},"categories":[976],"tags":[220,15,10,457],"class_list":["post-41411","post","type-post","status-publish","format-standard","has-post-thumbnail","hentry","category-noticias-em-destaque","tag-ciro-gomes","tag-eduardo-cunha","tag-golpe","tag-harvard"],"acf":[],"_links":{"self":[{"href":"https:\/\/pdt-rj.org.br\/index.php\/wp-json\/wp\/v2\/posts\/41411","targetHints":{"allow":["GET"]}}],"collection":[{"href":"https:\/\/pdt-rj.org.br\/index.php\/wp-json\/wp\/v2\/posts"}],"about":[{"href":"https:\/\/pdt-rj.org.br\/index.php\/wp-json\/wp\/v2\/types\/post"}],"author":[{"embeddable":true,"href":"https:\/\/pdt-rj.org.br\/index.php\/wp-json\/wp\/v2\/users\/17"}],"replies":[{"embeddable":true,"href":"https:\/\/pdt-rj.org.br\/index.php\/wp-json\/wp\/v2\/comments?post=41411"}],"version-history":[{"count":0,"href":"https:\/\/pdt-rj.org.br\/index.php\/wp-json\/wp\/v2\/posts\/41411\/revisions"}],"wp:featuredmedia":[{"embeddable":true,"href":"https:\/\/pdt-rj.org.br\/index.php\/wp-json\/wp\/v2\/media\/41415"}],"wp:attachment":[{"href":"https:\/\/pdt-rj.org.br\/index.php\/wp-json\/wp\/v2\/media?parent=41411"}],"wp:term":[{"taxonomy":"category","embeddable":true,"href":"https:\/\/pdt-rj.org.br\/index.php\/wp-json\/wp\/v2\/categories?post=41411"},{"taxonomy":"post_tag","embeddable":true,"href":"https:\/\/pdt-rj.org.br\/index.php\/wp-json\/wp\/v2\/tags?post=41411"}],"curies":[{"name":"wp","href":"https:\/\/api.w.org\/{rel}","templated":true}]}}