{"id":41408,"date":"2016-04-23T09:48:23","date_gmt":"2016-04-23T12:48:23","guid":{"rendered":"http:\/\/www.malungo2.com.br\/pdt\/desenv\/?p=41408"},"modified":"2016-04-23T09:48:23","modified_gmt":"2016-04-23T12:48:23","slug":"secretaria-executiva-da-cepal-alicia-barcena-se-solidariza-com-dilma","status":"publish","type":"post","link":"https:\/\/pdt-rj.org.br\/index.php\/secretaria-executiva-da-cepal-alicia-barcena-se-solidariza-com-dilma\/","title":{"rendered":"Secret\u00e1ria executiva da Cepal, Alicia B\u00e1rcena, se solidariza com Dilma"},"content":{"rendered":"<p>A Secret\u00e1ria Executiva da Cepal, Alicia B\u00e1rcena, manifestou ontem (22\/4) publicamente a sua solidariedade \u00e0 presidente Dilma Rousseff por conta da iniciativa da C\u00e2mara dos Deputados de interromper o seu mandato conquistado nas urnas, manifestou a sua preocupa\u00e7\u00e3o com a instabilidade pol\u00edtica que o Brasil atravessa e reconheceu, ainda, os avan\u00e7os sociais e pol\u00edticos alcan\u00e7ados pelo Brasil nos \u00faltimos anos.<\/p>\n<p>A Comiss\u00e3o Econ\u00f4mica para a Am\u00e9rica Latina e o Caribe (Cepal), criada em 1948 \u00e9 o \u00f3rg\u00e3o mais importante das Na\u00e7\u00f5es Unidas no continente americano e tem a sua sede em Santiago, capital do Chile. O objetivo da Cepal \u00e9 contribuir para o desenvolvimento econ\u00f4mico da Am\u00e9rica Latina, coordenar as a\u00e7\u00f5es encaminhadas \u00e0 sua promo\u00e7\u00e3o e refor\u00e7ar as rela\u00e7\u00f5es econ\u00f4micas dos pa\u00edses entre si e com as outras na\u00e7\u00f5es do mundo.<\/p>\n<p>A mensagem de Alicia B\u00e1rcena para a presidente Dilma, destaca:<\/p>\n<p>\u201cA soberania popular, fonte \u00fanica da legitimidade numa democracia, foi entregue a Lula e em seguida \u00e0 senhora, presidenta Rousseff, atrav\u00e9s de um mandato constitucional, que se traduziu em governos comprometidos com a justi\u00e7a e a igualdade. Nunca, na hist\u00f3ria do Brasil, tantos e tantos de seus compatriotas conseguiram fugir da fome, da pobreza e da desigualdade. \u00c9 significativo tamb\u00e9m para n\u00f3s os passos determinantes com que suas gest\u00f5es refor\u00e7aram a nova arquitetura de integra\u00e7\u00e3o da nossa regi\u00e3o, da Unasur \u00e0 Celac.<\/p>\n<p>\u201cConhecemos os esfor\u00e7os dos tribunais de perseguir e castigar a cultura de corrup\u00e7\u00e3o que tem sido historicamente a parte mais opaca do v\u00ednculo entre interesses privados e as institui\u00e7\u00f5es do Estado. E a temos [Dilma]\u00a0visto apoiando permanentemente essa miss\u00e3o, com a valentia e a honradez que \u00e9 a marca de sua biografia, apoiando a cria\u00e7\u00e3o de\u00a0nova legisla\u00e7\u00e3o mais severa e institui\u00e7\u00f5es repressivas mais fortes.<\/p>\n<p>\u201c\u00c9 por isso que nos choca ver, hoje, antes de senten\u00e7as ou provas, servindo-se de vazamentos e de uma ofensiva midi\u00e1tica linchat\u00f3ria, que se\u00a0tente\u00a0demolir a sua imagem e o seu legado, ao mesmo tempo em que se multiplicam os esfor\u00e7os para reduzir a autoridade presidencial e interromper o mandato que os cidad\u00e3os lhes deram nas urnas\u201c.<\/p>\n<p>***<\/p>\n<p>Leia a \u00edntegra do texto <em><strong><a href=\"http:\/\/www.cepal.org\/es\/comunicados\/cepal-manifiesta-su-preocupacion-amenazas-la-democracia-brasilena\">no original<\/a><\/strong><\/em> (espanhol), na p\u00e1gina da Cepal<\/p>\n<p>&nbsp;<\/p>\n<!-- AddThis Advanced Settings generic via filter on the_content --><!-- AddThis Share Buttons generic via filter on the_content -->","protected":false},"excerpt":{"rendered":"<p>A Secret\u00e1ria Executiva da Cepal, Alicia B\u00e1rcena, manifestou ontem (22\/4) publicamente a sua solidariedade \u00e0 presidente Dilma Rousseff por conta da iniciativa da C\u00e2mara dos Deputados de interromper o seu mandato conquistado nas urnas, manifestou a sua preocupa\u00e7\u00e3o com a instabilidade pol\u00edtica que o Brasil atravessa e reconheceu, ainda, os avan\u00e7os sociais e pol\u00edticos alcan\u00e7ados&#8230;<!-- AddThis Advanced Settings generic via filter on wp_trim_excerpt --><!-- AddThis Share Buttons generic via filter on wp_trim_excerpt --><\/p>\n","protected":false},"author":17,"featured_media":41409,"comment_status":"open","ping_status":"open","sticky":false,"template":"","format":"standard","meta":{"_monsterinsights_skip_tracking":false,"_monsterinsights_sitenote_active":false,"_monsterinsights_sitenote_note":"","_monsterinsights_sitenote_category":0,"_uf_show_specific_survey":0,"_uf_disable_surveys":false,"footnotes":""},"categories":[976],"tags":[205,23,647,889],"class_list":["post-41408","post","type-post","status-publish","format-standard","has-post-thumbnail","hentry","category-noticias-em-destaque","tag-cepal","tag-dilma-rousseff","tag-nao-ao-golpe","tag-solidariedade"],"acf":[],"_links":{"self":[{"href":"https:\/\/pdt-rj.org.br\/index.php\/wp-json\/wp\/v2\/posts\/41408","targetHints":{"allow":["GET"]}}],"collection":[{"href":"https:\/\/pdt-rj.org.br\/index.php\/wp-json\/wp\/v2\/posts"}],"about":[{"href":"https:\/\/pdt-rj.org.br\/index.php\/wp-json\/wp\/v2\/types\/post"}],"author":[{"embeddable":true,"href":"https:\/\/pdt-rj.org.br\/index.php\/wp-json\/wp\/v2\/users\/17"}],"replies":[{"embeddable":true,"href":"https:\/\/pdt-rj.org.br\/index.php\/wp-json\/wp\/v2\/comments?post=41408"}],"version-history":[{"count":0,"href":"https:\/\/pdt-rj.org.br\/index.php\/wp-json\/wp\/v2\/posts\/41408\/revisions"}],"wp:featuredmedia":[{"embeddable":true,"href":"https:\/\/pdt-rj.org.br\/index.php\/wp-json\/"}],"wp:attachment":[{"href":"https:\/\/pdt-rj.org.br\/index.php\/wp-json\/wp\/v2\/media?parent=41408"}],"wp:term":[{"taxonomy":"category","embeddable":true,"href":"https:\/\/pdt-rj.org.br\/index.php\/wp-json\/wp\/v2\/categories?post=41408"},{"taxonomy":"post_tag","embeddable":true,"href":"https:\/\/pdt-rj.org.br\/index.php\/wp-json\/wp\/v2\/tags?post=41408"}],"curies":[{"name":"wp","href":"https:\/\/api.w.org\/{rel}","templated":true}]}}